{"id":6425,"date":"2021-12-23T19:30:37","date_gmt":"2021-12-23T18:30:37","guid":{"rendered":"https:\/\/stiftung-forum-recht.de\/?p=6425"},"modified":"2025-03-03T17:42:49","modified_gmt":"2025-03-03T16:42:49","slug":"sfr-during-the-winter-break","status":"publish","type":"post","link":"https:\/\/stiftung-forum-recht.de\/en\/unkategorisiert\/sfr-in-winterpause\/","title":{"rendered":"Happy Holidays and a Happy New Year"},"content":{"rendered":"\t\t<div data-elementor-type=\"wp-post\" data-elementor-id=\"6425\" class=\"elementor elementor-6425\" data-elementor-post-type=\"post\">\n\t\t\t\t\t\t<section data-particle_enable=\"false\" data-particle-mobile-disabled=\"false\" class=\"elementor-section elementor-top-section elementor-element elementor-element-6a122a4f elementor-section-height-min-height elementor-section-boxed elementor-section-height-default elementor-section-items-middle\" data-id=\"6a122a4f\" data-element_type=\"section\" data-e-type=\"section\">\n\t\t\t\t\t\t\t<div class=\"elementor-background-overlay\"><\/div>\n\t\t\t\t\t\t\t<div class=\"elementor-container elementor-column-gap-default\">\n\t\t\t\t\t<div class=\"elementor-column elementor-col-100 elementor-top-column elementor-element elementor-element-6b27d8cc\" data-id=\"6b27d8cc\" data-element_type=\"column\" data-e-type=\"column\">\n\t\t\t<div class=\"elementor-widget-wrap elementor-element-populated\">\n\t\t\t\t\t\t<div class=\"elementor-element elementor-element-4e7118b9 elementor-widget elementor-widget-spacer\" data-id=\"4e7118b9\" data-element_type=\"widget\" data-e-type=\"widget\" data-widget_type=\"spacer.default\">\n\t\t\t\t\t\t\t<div class=\"elementor-spacer\">\n\t\t\t<div class=\"elementor-spacer-inner\"><\/div>\n\t\t<\/div>\n\t\t\t\t\t\t<\/div>\n\t\t\t\t\t<\/div>\n\t\t<\/div>\n\t\t\t\t\t<\/div>\n\t\t<\/section>\n\t\t\t\t<section data-particle_enable=\"false\" data-particle-mobile-disabled=\"false\" class=\"elementor-section elementor-top-section elementor-element elementor-element-e989b8f elementor-section-boxed elementor-section-height-default elementor-section-height-default\" data-id=\"e989b8f\" data-element_type=\"section\" data-e-type=\"section\">\n\t\t\t\t\t\t<div class=\"elementor-container elementor-column-gap-default\">\n\t\t\t\t\t<div class=\"elementor-column elementor-col-100 elementor-top-column elementor-element elementor-element-b133490\" data-id=\"b133490\" data-element_type=\"column\" data-e-type=\"column\">\n\t\t\t<div class=\"elementor-widget-wrap elementor-element-populated\">\n\t\t\t\t\t\t<div class=\"elementor-element elementor-element-1f7aad1 elementor-widget elementor-widget-global elementor-global-2429 elementor-widget-spacer\" data-id=\"1f7aad1\" data-element_type=\"widget\" data-e-type=\"widget\" data-widget_type=\"spacer.default\">\n\t\t\t\t\t\t\t<div class=\"elementor-spacer\">\n\t\t\t<div class=\"elementor-spacer-inner\"><\/div>\n\t\t<\/div>\n\t\t\t\t\t\t<\/div>\n\t\t\t\t<div class=\"elementor-element elementor-element-4d88bfa elementor-widget elementor-widget-text-editor\" data-id=\"4d88bfa\" data-element_type=\"widget\" data-e-type=\"widget\" data-widget_type=\"text-editor.default\">\n\t\t\t\t\t\t\t\t\t<h1>&#8230; bis n\u00e4chstes Jahr<\/h1>\t\t\t\t\t\t\t\t<\/div>\n\t\t\t\t<div class=\"elementor-element elementor-element-f2f412c elementor-widget elementor-widget-image\" data-id=\"f2f412c\" data-element_type=\"widget\" data-e-type=\"widget\" data-widget_type=\"image.default\">\n\t\t\t\t\t\t\t\t\t\t\t\t\t\t\t<img fetchpriority=\"high\" decoding=\"async\" width=\"768\" height=\"769\" src=\"https:\/\/stiftung-forum-recht.de\/wp-content\/uploads\/2021\/12\/Feiertagsgruesse-768x769.png\" class=\"attachment-medium_large size-medium_large wp-image-6426\" alt=\"Abstrakte Schneefigur mit Logo Stiftung Forum Recht auf orangem Grund\" srcset=\"https:\/\/stiftung-forum-recht.de\/wp-content\/uploads\/2021\/12\/Feiertagsgruesse-768x769.png 768w, https:\/\/stiftung-forum-recht.de\/wp-content\/uploads\/2021\/12\/Feiertagsgruesse-300x300.png 300w, https:\/\/stiftung-forum-recht.de\/wp-content\/uploads\/2021\/12\/Feiertagsgruesse-1024x1024.png 1024w, https:\/\/stiftung-forum-recht.de\/wp-content\/uploads\/2021\/12\/Feiertagsgruesse-150x150.png 150w, https:\/\/stiftung-forum-recht.de\/wp-content\/uploads\/2021\/12\/Feiertagsgruesse.png 1081w\" sizes=\"(max-width: 768px) 100vw, 768px\" \/>\t\t\t\t\t\t\t\t\t\t\t\t\t\t\t<\/div>\n\t\t\t\t<div class=\"elementor-element elementor-element-fcfd975 elementor-widget elementor-widget-global elementor-global-2429 elementor-widget-spacer\" data-id=\"fcfd975\" data-element_type=\"widget\" data-e-type=\"widget\" data-widget_type=\"spacer.default\">\n\t\t\t\t\t\t\t<div class=\"elementor-spacer\">\n\t\t\t<div class=\"elementor-spacer-inner\"><\/div>\n\t\t<\/div>\n\t\t\t\t\t\t<\/div>\n\t\t\t\t<div class=\"elementor-element elementor-element-4807e73 elementor-widget elementor-widget-text-editor\" data-id=\"4807e73\" data-element_type=\"widget\" data-e-type=\"widget\" data-widget_type=\"text-editor.default\">\n\t\t\t\t\t\t\t\t\t<div class=\"kvgmc6g5 cxmmr5t8 oygrvhab hcukyx3x c1et5uql ii04i59q\"><div dir=\"auto\"><strong>Frohe Festtage und die besten W\u00fcnsche f\u00fcr das neue Jahr!<\/strong><\/div><div dir=\"auto\">Wir bedanken uns f\u00fcr das Interesse an unserer Arbeit, die tolle Zusammenarbeit und die spannenden und wichtigen Gespr\u00e4che mit neuen und alten Partner:innen und Unterst\u00fctzer:innen auch in diesem Jahr. Wir w\u00fcnschen Ihnen und euch frohe Festtage und ein gutes neues Jahr.<\/div><div dir=\"auto\">Das Team geht in die Winterpause und wir freuen uns, ab dem 3. Januar wieder f\u00fcr Sie und euch da sein zu k\u00f6nnen! <a class=\"oajrlxb2 g5ia77u1 qu0x051f esr5mh6w e9989ue4 r7d6kgcz rq0escxv nhd2j8a9 nc684nl6 p7hjln8o kvgmc6g5 cxmmr5t8 oygrvhab hcukyx3x jb3vyjys rz4wbd8a qt6c0cv9 a8nywdso i1ao9s8h esuyzwwr f1sip0of lzcic4wl gpro0wi8 q66pz984 b1v8xokw\" tabindex=\"0\" role=\"link\" href=\"https:\/\/www.facebook.com\/hashtag\/letstalkaboutrecht?__eep__=6&amp;__cft__[0]=AZUFLSyhnQC2YimYXv9nQS4SBp-zdHPy3FWeCY0btT1tBbpFywvkL-49doMfnXCgVA-N5qYuAuhd6BkoYBEewWmFb-dGEo21vO9PworI7wbd73zvS3hWdFlqzX2rmElrNUwcQiPbt7FmJgQ4oKRbIJpkluU_npcq6CPPnT-CGf-euDT6Cke3ymK13vyvsATRnqc&amp;__tn__=*NK-R\">#letstalkaboutrecht<\/a><\/div><div dir=\"auto\">\u00a0<\/div><\/div><div class=\"cxmmr5t8 oygrvhab hcukyx3x c1et5uql o9v6fnle ii04i59q\"><div dir=\"auto\"><strong>Happy holidays and all the best for the new year!<\/strong><\/div><div dir=\"auto\">We thank you, our partners and supporters for your interest, cooperation and fruitful discussions also in this year! We wish you happy holidays and a happy new year!<\/div><div dir=\"auto\">We are excited for new and ongoing projects in 2022 and will be back for you on January 3rd! <a class=\"oajrlxb2 g5ia77u1 qu0x051f esr5mh6w e9989ue4 r7d6kgcz rq0escxv nhd2j8a9 nc684nl6 p7hjln8o kvgmc6g5 cxmmr5t8 oygrvhab hcukyx3x jb3vyjys rz4wbd8a qt6c0cv9 a8nywdso i1ao9s8h esuyzwwr f1sip0of lzcic4wl gpro0wi8 q66pz984 b1v8xokw\" tabindex=\"0\" role=\"link\" href=\"https:\/\/www.facebook.com\/hashtag\/letstalkaboutrecht?__eep__=6&amp;__cft__[0]=AZUFLSyhnQC2YimYXv9nQS4SBp-zdHPy3FWeCY0btT1tBbpFywvkL-49doMfnXCgVA-N5qYuAuhd6BkoYBEewWmFb-dGEo21vO9PworI7wbd73zvS3hWdFlqzX2rmElrNUwcQiPbt7FmJgQ4oKRbIJpkluU_npcq6CPPnT-CGf-euDT6Cke3ymK13vyvsATRnqc&amp;__tn__=*NK-R\">#letstalkaboutrecht<\/a><\/div><div dir=\"auto\">\u00a0<\/div><\/div><div class=\"cxmmr5t8 oygrvhab hcukyx3x c1et5uql o9v6fnle ii04i59q\"><div dir=\"auto\"><a class=\"oajrlxb2 g5ia77u1 qu0x051f esr5mh6w e9989ue4 r7d6kgcz rq0escxv nhd2j8a9 nc684nl6 p7hjln8o kvgmc6g5 cxmmr5t8 oygrvhab hcukyx3x jb3vyjys rz4wbd8a qt6c0cv9 a8nywdso i1ao9s8h esuyzwwr f1sip0of lzcic4wl gpro0wi8 q66pz984 b1v8xokw\" tabindex=\"0\" role=\"link\" href=\"https:\/\/www.facebook.com\/hashtag\/happyholidays?__eep__=6&amp;__cft__[0]=AZUFLSyhnQC2YimYXv9nQS4SBp-zdHPy3FWeCY0btT1tBbpFywvkL-49doMfnXCgVA-N5qYuAuhd6BkoYBEewWmFb-dGEo21vO9PworI7wbd73zvS3hWdFlqzX2rmElrNUwcQiPbt7FmJgQ4oKRbIJpkluU_npcq6CPPnT-CGf-euDT6Cke3ymK13vyvsATRnqc&amp;__tn__=*NK-R\">#happyholidays<\/a> <a class=\"oajrlxb2 g5ia77u1 qu0x051f esr5mh6w e9989ue4 r7d6kgcz rq0escxv nhd2j8a9 nc684nl6 p7hjln8o kvgmc6g5 cxmmr5t8 oygrvhab hcukyx3x jb3vyjys rz4wbd8a qt6c0cv9 a8nywdso i1ao9s8h esuyzwwr f1sip0of lzcic4wl gpro0wi8 q66pz984 b1v8xokw\" tabindex=\"0\" role=\"link\" href=\"https:\/\/www.facebook.com\/hashtag\/happynewyear2022?__eep__=6&amp;__cft__[0]=AZUFLSyhnQC2YimYXv9nQS4SBp-zdHPy3FWeCY0btT1tBbpFywvkL-49doMfnXCgVA-N5qYuAuhd6BkoYBEewWmFb-dGEo21vO9PworI7wbd73zvS3hWdFlqzX2rmElrNUwcQiPbt7FmJgQ4oKRbIJpkluU_npcq6CPPnT-CGf-euDT6Cke3ymK13vyvsATRnqc&amp;__tn__=*NK-R\">#happynewyear2022<\/a><\/div><\/div>\t\t\t\t\t\t\t\t<\/div>\n\t\t\t\t\t<\/div>\n\t\t<\/div>\n\t\t\t\t\t<\/div>\n\t\t<\/section>\n\t\t\t\t<\/div>\n\t\t","protected":false},"excerpt":{"rendered":"<p>The Forum Recht Foundation is taking a winter break until January 3, 2022! We wish you happy holidays and a happy New Year!<\/p>","protected":false},"author":27,"featured_media":0,"comment_status":"open","ping_status":"open","sticky":false,"template":"elementor_header_footer","format":"standard","meta":{"_acf_changed":false,"neve_meta_sidebar":"","neve_meta_container":"","neve_meta_enable_content_width":"","neve_meta_content_width":0,"neve_meta_title_alignment":"","neve_meta_author_avatar":"","neve_post_elements_order":"","neve_meta_disable_header":"","neve_meta_disable_footer":"","neve_meta_disable_title":"","_themeisle_gutenberg_block_has_review":false,"footnotes":""},"categories":[1],"tags":[],"class_list":["post-6425","post","type-post","status-publish","format-standard","hentry","category-unkategorisiert"],"acf":[],"yoast_head":"<!-- This site is optimized with the Yoast SEO plugin v28.3 - https:\/\/yoast.com\/product\/yoast-seo-wordpress\/ -->\n<title>Frohe Festtage und ein Gutes, Neues Jahr | Stiftung Forum Recht<\/title>\n<meta name=\"description\" content=\"Die Stiftung Forum Recht geht bis zum 3. Januar 2022 in die Winterpause! Wir w\u00fcnschen frohe Festtage und ein gutes, neues Jahr!\" \/>\n<meta name=\"robots\" content=\"index, follow, max-snippet:-1, max-image-preview:large, max-video-preview:-1\" \/>\n<link rel=\"canonical\" href=\"https:\/\/stiftung-forum-recht.de\/en\/uncategorized-2\/sfr-during-the-winter-break\/\" \/>\n<meta property=\"og:locale\" content=\"en_US\" \/>\n<meta property=\"og:type\" content=\"article\" \/>\n<meta property=\"og:title\" content=\"Frohe Festtage und ein Gutes, Neues Jahr | Stiftung Forum Recht\" \/>\n<meta property=\"og:description\" content=\"Die Stiftung Forum Recht geht bis zum 3. Januar 2022 in die Winterpause! Wir w\u00fcnschen frohe Festtage und ein gutes, neues Jahr!\" \/>\n<meta property=\"og:url\" content=\"https:\/\/stiftung-forum-recht.de\/en\/uncategorized-2\/sfr-during-the-winter-break\/\" \/>\n<meta property=\"og:site_name\" content=\"Stiftung Forum Recht\" \/>\n<meta property=\"article:published_time\" content=\"2021-12-23T18:30:37+00:00\" \/>\n<meta property=\"article:modified_time\" content=\"2025-03-03T16:42:49+00:00\" \/>\n<meta property=\"og:image\" content=\"https:\/\/stiftung-forum-recht.de\/wp-content\/uploads\/2021\/12\/Feiertagsgruesse-768x769.png\" \/>\n<meta name=\"author\" content=\"Romy Klemm\" \/>\n<meta name=\"twitter:card\" content=\"summary_large_image\" \/>\n<meta name=\"twitter:label1\" content=\"Written by\" \/>\n\t<meta name=\"twitter:data1\" content=\"Romy Klemm\" \/>\n\t<meta name=\"twitter:label2\" content=\"Est. reading time\" \/>\n\t<meta name=\"twitter:data2\" content=\"1 minute\" \/>\n<!-- \/ Yoast SEO plugin. -->","yoast_head_json":{"title":"Happy Holidays and a Happy New Year | Forum Recht Foundation","description":"The Forum Recht Foundation is taking a winter break until January 3, 2022! We wish you happy holidays and a happy New Year!","robots":{"index":"index","follow":"follow","max-snippet":"max-snippet:-1","max-image-preview":"max-image-preview:large","max-video-preview":"max-video-preview:-1"},"canonical":"https:\/\/stiftung-forum-recht.de\/en\/uncategorized-2\/sfr-during-the-winter-break\/","og_locale":"en_US","og_type":"article","og_title":"Frohe Festtage und ein Gutes, Neues Jahr | Stiftung Forum Recht","og_description":"Die Stiftung Forum Recht geht bis zum 3. Januar 2022 in die Winterpause! Wir w\u00fcnschen frohe Festtage und ein gutes, neues Jahr!","og_url":"https:\/\/stiftung-forum-recht.de\/en\/uncategorized-2\/sfr-during-the-winter-break\/","og_site_name":"Stiftung Forum Recht","article_published_time":"2021-12-23T18:30:37+00:00","article_modified_time":"2025-03-03T16:42:49+00:00","og_image":[{"url":"https:\/\/stiftung-forum-recht.de\/wp-content\/uploads\/2021\/12\/Feiertagsgruesse-768x769.png","type":"","width":"","height":""}],"author":"Romy Klemm","twitter_card":"summary_large_image","twitter_misc":{"Written by":"Romy Klemm","Est. reading time":"1 minute"},"schema":{"@context":"https:\/\/schema.org","@graph":[{"@type":"Article","@id":"https:\/\/stiftung-forum-recht.de\/unkategorisiert\/sfr-in-winterpause\/#article","isPartOf":{"@id":"https:\/\/stiftung-forum-recht.de\/unkategorisiert\/sfr-in-winterpause\/"},"author":{"name":"Romy Klemm","@id":"https:\/\/stiftung-forum-recht.de\/#\/schema\/person\/8327c2c51c9bbd54e0e86a3c448bba10"},"headline":"Frohe Festtage und ein Gutes, Neues Jahr","datePublished":"2021-12-23T18:30:37+00:00","dateModified":"2025-03-03T16:42:49+00:00","mainEntityOfPage":{"@id":"https:\/\/stiftung-forum-recht.de\/unkategorisiert\/sfr-in-winterpause\/"},"wordCount":156,"commentCount":0,"publisher":{"@id":"https:\/\/stiftung-forum-recht.de\/#organization"},"image":{"@id":"https:\/\/stiftung-forum-recht.de\/unkategorisiert\/sfr-in-winterpause\/#primaryimage"},"thumbnailUrl":"https:\/\/stiftung-forum-recht.de\/wp-content\/uploads\/2021\/12\/Feiertagsgruesse-768x769.png","articleSection":["Unkategorisiert"],"inLanguage":"en-US","potentialAction":[{"@type":"CommentAction","name":"Comment","target":["https:\/\/stiftung-forum-recht.de\/unkategorisiert\/sfr-in-winterpause\/#respond"]}]},{"@type":"WebPage","@id":"https:\/\/stiftung-forum-recht.de\/unkategorisiert\/sfr-in-winterpause\/","url":"https:\/\/stiftung-forum-recht.de\/unkategorisiert\/sfr-in-winterpause\/","name":"Happy Holidays and a Happy New Year | Forum Recht Foundation","isPartOf":{"@id":"https:\/\/stiftung-forum-recht.de\/#website"},"primaryImageOfPage":{"@id":"https:\/\/stiftung-forum-recht.de\/unkategorisiert\/sfr-in-winterpause\/#primaryimage"},"image":{"@id":"https:\/\/stiftung-forum-recht.de\/unkategorisiert\/sfr-in-winterpause\/#primaryimage"},"thumbnailUrl":"https:\/\/stiftung-forum-recht.de\/wp-content\/uploads\/2021\/12\/Feiertagsgruesse-768x769.png","datePublished":"2021-12-23T18:30:37+00:00","dateModified":"2025-03-03T16:42:49+00:00","description":"The Forum Recht Foundation is taking a winter break until January 3, 2022! We wish you happy holidays and a happy New Year!","breadcrumb":{"@id":"https:\/\/stiftung-forum-recht.de\/unkategorisiert\/sfr-in-winterpause\/#breadcrumb"},"inLanguage":"en-US","potentialAction":[{"@type":"ReadAction","target":["https:\/\/stiftung-forum-recht.de\/unkategorisiert\/sfr-in-winterpause\/"]}]},{"@type":"ImageObject","inLanguage":"en-US","@id":"https:\/\/stiftung-forum-recht.de\/unkategorisiert\/sfr-in-winterpause\/#primaryimage","url":"https:\/\/stiftung-forum-recht.de\/wp-content\/uploads\/2021\/12\/Feiertagsgruesse-768x769.png","contentUrl":"https:\/\/stiftung-forum-recht.de\/wp-content\/uploads\/2021\/12\/Feiertagsgruesse-768x769.png"},{"@type":"BreadcrumbList","@id":"https:\/\/stiftung-forum-recht.de\/unkategorisiert\/sfr-in-winterpause\/#breadcrumb","itemListElement":[{"@type":"ListItem","position":1,"name":"Startseite","item":"https:\/\/stiftung-forum-recht.de\/"},{"@type":"ListItem","position":2,"name":"Frohe Festtage und ein Gutes, Neues Jahr"}]},{"@type":"WebSite","@id":"https:\/\/stiftung-forum-recht.de\/#website","url":"https:\/\/stiftung-forum-recht.de\/","name":"Stiftung Forum Recht","description":"THE LAW FORUM","publisher":{"@id":"https:\/\/stiftung-forum-recht.de\/#organization"},"potentialAction":[{"@type":"SearchAction","target":{"@type":"EntryPoint","urlTemplate":"https:\/\/stiftung-forum-recht.de\/?s={search_term_string}"},"query-input":{"@type":"PropertyValueSpecification","valueRequired":true,"valueName":"search_term_string"}}],"inLanguage":"en-US"},{"@type":"Organization","@id":"https:\/\/stiftung-forum-recht.de\/#organization","name":"Stiftung Forum Recht","url":"https:\/\/stiftung-forum-recht.de\/","logo":{"@type":"ImageObject","inLanguage":"en-US","@id":"https:\/\/stiftung-forum-recht.de\/#\/schema\/logo\/image\/","url":"https:\/\/stiftung-forum-recht.de\/wp-content\/uploads\/2020\/10\/sfr-logo-2023.png","contentUrl":"https:\/\/stiftung-forum-recht.de\/wp-content\/uploads\/2020\/10\/sfr-logo-2023.png","width":200,"height":200,"caption":"Stiftung Forum Recht"},"image":{"@id":"https:\/\/stiftung-forum-recht.de\/#\/schema\/logo\/image\/"}},{"@type":"Person","@id":"https:\/\/stiftung-forum-recht.de\/#\/schema\/person\/8327c2c51c9bbd54e0e86a3c448bba10","name":"Romy Klemm","image":{"@type":"ImageObject","inLanguage":"en-US","@id":"https:\/\/secure.gravatar.com\/avatar\/7bf650052447ea004daba80791cf7b2155ff501a0e7676347dd4d11b053b8d51?s=96&d=mm&r=g","url":"https:\/\/secure.gravatar.com\/avatar\/7bf650052447ea004daba80791cf7b2155ff501a0e7676347dd4d11b053b8d51?s=96&d=mm&r=g","contentUrl":"https:\/\/secure.gravatar.com\/avatar\/7bf650052447ea004daba80791cf7b2155ff501a0e7676347dd4d11b053b8d51?s=96&d=mm&r=g","caption":"Romy Klemm"},"url":"https:\/\/stiftung-forum-recht.de\/en\/author\/onlineredakteurin\/"}]}},"meta_box":[],"_links":{"self":[{"href":"https:\/\/stiftung-forum-recht.de\/en\/wp-json\/wp\/v2\/posts\/6425","targetHints":{"allow":["GET"]}}],"collection":[{"href":"https:\/\/stiftung-forum-recht.de\/en\/wp-json\/wp\/v2\/posts"}],"about":[{"href":"https:\/\/stiftung-forum-recht.de\/en\/wp-json\/wp\/v2\/types\/post"}],"author":[{"embeddable":true,"href":"https:\/\/stiftung-forum-recht.de\/en\/wp-json\/wp\/v2\/users\/27"}],"replies":[{"embeddable":true,"href":"https:\/\/stiftung-forum-recht.de\/en\/wp-json\/wp\/v2\/comments?post=6425"}],"version-history":[{"count":0,"href":"https:\/\/stiftung-forum-recht.de\/en\/wp-json\/wp\/v2\/posts\/6425\/revisions"}],"wp:attachment":[{"href":"https:\/\/stiftung-forum-recht.de\/en\/wp-json\/wp\/v2\/media?parent=6425"}],"wp:term":[{"taxonomy":"category","embeddable":true,"href":"https:\/\/stiftung-forum-recht.de\/en\/wp-json\/wp\/v2\/categories?post=6425"},{"taxonomy":"post_tag","embeddable":true,"href":"https:\/\/stiftung-forum-recht.de\/en\/wp-json\/wp\/v2\/tags?post=6425"}],"curies":[{"name":"wp","href":"https:\/\/api.w.org\/{rel}","templated":true}]}}