{"id":47433,"date":"2026-09-03T12:34:25","date_gmt":"2026-09-03T10:34:25","guid":{"rendered":"https:\/\/stiftung-forum-recht.de\/?p=47433"},"modified":"2026-09-03T14:39:26","modified_gmt":"2026-09-03T12:39:26","slug":"law-and-emotions-from-a-sense-of-justice-to-the-protection-of-feelings","status":"publish","type":"post","link":"https:\/\/stiftung-forum-recht.de\/en\/pressemitteilung\/recht-und-emotionen-vom-rechtsgefuehl-bis-zum-schutz-von-gefuehlen\/","title":{"rendered":"Law and Emotions: From a Sense of Justice to the Protection of Feelings"},"content":{"rendered":"<div data-elementor-type=\"wp-post\" data-elementor-id=\"47433\" class=\"elementor elementor-47433\" data-elementor-post-type=\"post\">\n\t\t\t\t<div data-particle_enable=\"false\" data-particle-mobile-disabled=\"false\" class=\"elementor-element elementor-element-5f87549 slidercontainer e-flex e-con-boxed e-con e-parent\" data-id=\"5f87549\" data-element_type=\"container\" data-e-type=\"container\" data-settings=\"{&quot;shape_divider_bottom&quot;:&quot;tilt&quot;}\">\n\t\t\t\t\t<div class=\"e-con-inner\">\n\t\t\t\t<div class=\"elementor-shape elementor-shape-bottom\" aria-hidden=\"true\" data-negative=\"false\">\n\t\t\t<svg xmlns=\"http:\/\/www.w3.org\/2000\/svg\" viewbox=\"0 0 1000 100\" preserveaspectratio=\"none\">\n\t<path class=\"elementor-shape-fill\" d=\"M0,6V0h1000v100L0,6z\"\/>\n<\/svg>\t\t<\/div>\n\t\t\t\t<div class=\"elementor-element elementor-element-a5698fa elementor-widget elementor-widget-template\" data-id=\"a5698fa\" data-element_type=\"widget\" data-e-type=\"widget\" data-widget_type=\"template.default\">\n\t\t\t\t<div class=\"elementor-widget-container\">\n\t\t\t\t\t\t\t<div class=\"elementor-template\">\n\t\t\t\t\t<div data-elementor-type=\"container\" data-elementor-id=\"15844\" class=\"elementor elementor-15844\" data-elementor-post-type=\"elementor_library\">\n\t\t\t\t<div data-particle_enable=\"false\" data-particle-mobile-disabled=\"false\" class=\"elementor-element elementor-element-9a7825a e-con-full slidercontainer e-transform e-flex e-con e-parent\" data-id=\"9a7825a\" data-element_type=\"container\" data-e-type=\"container\" data-settings=\"{&quot;background_background&quot;:&quot;classic&quot;,&quot;shape_divider_bottom&quot;:&quot;tilt&quot;,&quot;_transform_skewX_effect&quot;:{&quot;unit&quot;:&quot;px&quot;,&quot;size&quot;:&quot;&quot;,&quot;sizes&quot;:[]},&quot;_transform_skewX_effect_widescreen&quot;:{&quot;unit&quot;:&quot;deg&quot;,&quot;size&quot;:&quot;&quot;,&quot;sizes&quot;:[]},&quot;_transform_skewX_effect_laptop&quot;:{&quot;unit&quot;:&quot;deg&quot;,&quot;size&quot;:&quot;&quot;,&quot;sizes&quot;:[]},&quot;_transform_skewX_effect_tablet_extra&quot;:{&quot;unit&quot;:&quot;deg&quot;,&quot;size&quot;:&quot;&quot;,&quot;sizes&quot;:[]},&quot;_transform_skewX_effect_tablet&quot;:{&quot;unit&quot;:&quot;deg&quot;,&quot;size&quot;:&quot;&quot;,&quot;sizes&quot;:[]},&quot;_transform_skewX_effect_mobile&quot;:{&quot;unit&quot;:&quot;deg&quot;,&quot;size&quot;:&quot;&quot;,&quot;sizes&quot;:[]},&quot;_transform_skewY_effect&quot;:{&quot;unit&quot;:&quot;px&quot;,&quot;size&quot;:&quot;&quot;,&quot;sizes&quot;:[]},&quot;_transform_skewY_effect_widescreen&quot;:{&quot;unit&quot;:&quot;deg&quot;,&quot;size&quot;:&quot;&quot;,&quot;sizes&quot;:[]},&quot;_transform_skewY_effect_laptop&quot;:{&quot;unit&quot;:&quot;deg&quot;,&quot;size&quot;:&quot;&quot;,&quot;sizes&quot;:[]},&quot;_transform_skewY_effect_tablet_extra&quot;:{&quot;unit&quot;:&quot;deg&quot;,&quot;size&quot;:&quot;&quot;,&quot;sizes&quot;:[]},&quot;_transform_skewY_effect_tablet&quot;:{&quot;unit&quot;:&quot;deg&quot;,&quot;size&quot;:&quot;&quot;,&quot;sizes&quot;:[]},&quot;_transform_skewY_effect_mobile&quot;:{&quot;unit&quot;:&quot;deg&quot;,&quot;size&quot;:&quot;&quot;,&quot;sizes&quot;:[]}}\">\n\t\t\t\t<div class=\"elementor-shape elementor-shape-bottom\" aria-hidden=\"true\" data-negative=\"false\">\n\t\t\t<svg xmlns=\"http:\/\/www.w3.org\/2000\/svg\" viewbox=\"0 0 1000 100\" preserveaspectratio=\"none\">\n\t<path class=\"elementor-shape-fill\" d=\"M0,6V0h1000v100L0,6z\"\/>\n<\/svg>\t\t<\/div>\n\t\t\t\t<\/div>\n\t\t\t\t<\/div>\n\t\t\t\t<\/div>\n\t\t\t\t\t\t<\/div>\n\t\t\t\t<\/div>\n\t\t\t\t\t<\/div>\n\t\t\t\t<\/div>\n\t\t\t\t<section data-particle_enable=\"false\" data-particle-mobile-disabled=\"false\" class=\"elementor-section elementor-top-section elementor-element elementor-element-e989b8f elementor-section-boxed elementor-section-height-default elementor-section-height-default\" data-id=\"e989b8f\" data-element_type=\"section\" data-e-type=\"section\">\n\t\t\t\t\t\t<div class=\"elementor-container elementor-column-gap-default\">\n\t\t\t\t\t<div class=\"elementor-column elementor-col-100 elementor-top-column elementor-element elementor-element-b133490\" data-id=\"b133490\" data-element_type=\"column\" data-e-type=\"column\">\n\t\t\t<div class=\"elementor-widget-wrap elementor-element-populated\">\n\t\t\t\t\t\t<div class=\"elementor-element elementor-element-7a3a580 elementor-widget elementor-widget-text-editor\" data-id=\"7a3a580\" data-element_type=\"widget\" data-e-type=\"widget\" data-widget_type=\"text-editor.default\">\n\t\t\t\t\t\t\t\t\t<p>September 1, 2026<\/p>\t\t\t\t\t\t\t\t<\/div>\n\t\t\t\t<div class=\"elementor-element elementor-element-4d88bfa elementor-widget__width-initial elementor-widget elementor-widget-text-editor\" data-id=\"4d88bfa\" data-element_type=\"widget\" data-e-type=\"widget\" data-widget_type=\"text-editor.default\">\n\t\t\t\t\t\t\t\t\t<h1>Law and Emotions: From a Sense of Justice to the Protection of Feelings<\/h1>\t\t\t\t\t\t\t\t<\/div>\n\t\t\t\t\t<\/div>\n\t\t<\/div>\n\t\t\t\t\t<\/div>\n\t\t<\/section>\n\t\t\t\t<section data-particle_enable=\"false\" data-particle-mobile-disabled=\"false\" class=\"elementor-section elementor-top-section elementor-element elementor-element-6fb6a53 elementor-section-boxed elementor-section-height-default elementor-section-height-default\" data-id=\"6fb6a53\" data-element_type=\"section\" data-e-type=\"section\">\n\t\t\t\t\t\t<div class=\"elementor-container elementor-column-gap-default\">\n\t\t\t\t\t<div class=\"elementor-column elementor-col-100 elementor-top-column elementor-element elementor-element-7acdbb9\" data-id=\"7acdbb9\" data-element_type=\"column\" data-e-type=\"column\">\n\t\t\t<div class=\"elementor-widget-wrap elementor-element-populated\">\n\t\t\t\t\t\t<div class=\"elementor-element elementor-element-1d86a68 elementor-widget elementor-widget-text-editor\" data-id=\"1d86a68\" data-element_type=\"widget\" data-e-type=\"widget\" data-widget_type=\"text-editor.default\">\n\t\t\t\t\t\t\t\t\t<p><strong>How much emotion is there in the law\u2014and when does the law actually protect our feelings? That\u2019s the focus of the new episode of \u201eLet\u2019s Talk About Recht\u201c\u2014the interactive discussion series.<\/strong><\/p><p><strong>Leipzig.<\/strong> The law is supposed to be objective; emotions are personal\u2014but the two can no longer be so clearly separated. So how much emotion is there in the law\u2014and how much emotion can a constitutional state tolerate? The historian discusses these and other questions <strong>Dr. Sandra Schn\u00e4delbach<\/strong> and the legal scholar <strong>Prof. Dr. Johannes Eichenhofer<\/strong> at the next episode of \u201eLet\u2019s Talk About Law\u201c on Wednesday, <strong>September 9, 2026, at 7:00 p.m.<\/strong> at the Leipzig office of the Forum Recht Foundation. The discussion will be moderated by <strong>Susann B\u00f6ttcher<\/strong>.<\/p><p>Law is rational; emotions are subjective\u2014for a long time, the distinction seemed that simple. But are law and emotions really opposites? Research in legal studies and cultural studies is increasingly examining their interactions. This is because emotions shape how people perceive the law, how decisions are made, and which rules gain social acceptance.<\/p><p>So what does our \u201esense of justice\u201c mean? What role do emotions play in the creation and application of law? And in what ways does the law already recognize emotions\u2014for example, by protecting them or shielding people from the consequences of emotional reactions?<\/p><p>The panelists will examine the tension between emotion and the law from historical and legal perspectives. As always, the audience is invited to engage with the discussion, ask their own questions, and actively contribute to the conversation.<\/p><p><strong>Dr. Sandra Schn\u00e4delbach<\/strong> studied history, theater, film, and television studies, and German language and literature in Cologne and Rome. In her dissertation \u201eDecisive Emotions: The Sense of Justice and Legal Emotionality from the German Empire to the Weimar Republic,\u201c she examined the legal culture of the early 20th century and analyzed the significance of emotions in theories and practices of judgment. After working at the Max Planck Institute for Human Development in Berlin and at the University of Strasbourg, she was a Gisela Eisenreich Fellow at Heinrich Heine University D\u00fcsseldorf. From 2012 to 2026, she worked as an editor and served as the managing editor of *Philosophie Magazin*; she currently works at the German Institute for International and Security Affairs (SWP).<\/p><p><strong>Prof. Dr. Johannes Eichenhofer<\/strong> is a professor of public law at the University of Leipzig. His research focuses on public law issues related to digitalization, migration and integration law, and security law. He also studies the relationship between law and emotions.<\/p><p>The conversation will take place at <strong>7:00 p.m.<\/strong> in the <strong>Forum Recht Foundation in Leipzig <\/strong>(Universit\u00e4tsstra\u00dfe 20).<strong> Admission is free. <\/strong>Registration is not required.<\/p><p><strong>Let's Talk About Math<\/strong>t<br \/>Since 2025, the Forum Recht Foundation has been regularly hosting the \u201eLet\u2019s Talk About Recht\u201c discussion series at its venues in Karlsruhe and Leipzig. The guests are prominent figures from various fields of law who discuss their day-to-day work and share their perspectives on current legal topics\u2014ranging from labor law and tenancy law to freedom of speech. The discussions are recorded and subsequently released as a live-on-tape podcast.<\/p>\t\t\t\t\t\t\t\t<\/div>\n\t\t\t\t\t<\/div>\n\t\t<\/div>\n\t\t\t\t\t<\/div>\n\t\t<\/section>\n\t\t<div data-particle_enable=\"false\" data-particle-mobile-disabled=\"false\" class=\"elementor-element elementor-element-5977b27 e-flex e-con-boxed e-con e-parent\" data-id=\"5977b27\" data-element_type=\"container\" data-e-type=\"container\">\n\t\t\t\t\t<div class=\"e-con-inner\">\n\t\t\t\t<div class=\"elementor-element elementor-element-a29a2e9 elementor-widget elementor-widget-heading\" data-id=\"a29a2e9\" data-element_type=\"widget\" data-e-type=\"widget\" data-widget_type=\"heading.default\">\n\t\t\t\t\t<h2 class=\"elementor-heading-title elementor-size-default\">Info at a glance<\/h2>\t\t\t\t<\/div>\n\t\t\t\t<div class=\"elementor-element elementor-element-da00c0a elementor-widget elementor-widget-text-editor\" data-id=\"da00c0a\" data-element_type=\"widget\" data-e-type=\"widget\" data-widget_type=\"text-editor.default\">\n\t\t\t\t\t\t\t\t\t<p><strong>Let's Talk About Law - the interactive discussion series<\/strong><br \/><strong>Date:<\/strong> Wednesday, September 9, 2026, 7:00 p.m. to 9:00 p.m. <br \/><strong>Topic:<\/strong> Law and Emotions: From a Sense of Justice to the Protection of Feelings<br \/><strong>Location:<\/strong> Forum Recht Foundation, Universit\u00e4tsstra\u00dfe 10, 04109 Leipzig<br \/><strong>Guests:<\/strong> Dr. Sandra Schn\u00e4delbach, historian specializing in cultural and legal history; Prof. Dr. Johannes Eichenhofer, professor of public law at the University of Leipzig<br \/><strong>Moderation:<\/strong> Susann B\u00f6ttcher<br \/><strong>Admission:<\/strong> The event is free of charge.<\/p>\t\t\t\t\t\t\t\t<\/div>\n\t\t\t\t\t<\/div>\n\t\t\t\t<\/div>\n\t\t<div data-particle_enable=\"false\" data-particle-mobile-disabled=\"false\" class=\"elementor-element elementor-element-823c46a e-flex e-con-boxed e-con e-parent\" data-id=\"823c46a\" data-element_type=\"container\" data-e-type=\"container\">\n\t\t\t\t\t<div class=\"e-con-inner\">\n\t\t<div data-particle_enable=\"false\" data-particle-mobile-disabled=\"false\" class=\"elementor-element elementor-element-e628752 e-con-full e-flex e-con e-child\" data-id=\"e628752\" data-element_type=\"container\" data-e-type=\"container\">\n\t\t\t\t<div class=\"elementor-element elementor-element-a1febca elementor-widget-widescreen__width-initial elementor-widget elementor-widget-text-editor\" data-id=\"a1febca\" data-element_type=\"widget\" data-e-type=\"widget\" data-widget_type=\"text-editor.default\">\n\t\t\t\t\t\t\t\t\t<p><strong>Press contact<br \/><\/strong><\/p><div class=\"elementor-column elementor-col-50 elementor-inner-column elementor-element elementor-element-43f34c5\" data-id=\"43f34c5\" data-element_type=\"column\"><div class=\"elementor-widget-wrap elementor-element-populated\"><div class=\"elementor-element elementor-element-931e011 elementor-widget elementor-widget-text-editor\" data-id=\"931e011\" data-element_type=\"widget\" data-widget_type=\"text-editor.default\"><div class=\"elementor-widget-container\"><p><strong>Stiftung Forum Recht<\/strong><br \/>Dorothee Liebing<br \/>+49 (0)155 66 96 73 20<br \/>+49 (0) 721 78 80 35 80<br \/>presse@stiftung-forum-recht.de<\/p><\/div><\/div><\/div><\/div>\t\t\t\t\t\t\t\t<\/div>\n\t\t\t\t<\/div>\n\t\t<div data-particle_enable=\"false\" data-particle-mobile-disabled=\"false\" class=\"elementor-element elementor-element-0a5453c e-con-full e-flex e-con e-child\" data-id=\"0a5453c\" data-element_type=\"container\" data-e-type=\"container\">\n\t\t\t\t<div class=\"elementor-element elementor-element-53e1c1c elementor-widget elementor-widget-button\" data-id=\"53e1c1c\" data-element_type=\"widget\" data-e-type=\"widget\" data-widget_type=\"button.default\">\n\t\t\t\t\t\t\t\t\t\t<a class=\"elementor-button elementor-button-link elementor-size-md\" href=\"https:\/\/stiftung-forum-recht.de\/wp-content\/uploads\/2026\/08\/2026_09_01_PM_Lets-Talk-About-Recht_09.-September_Leipzig_Stiftung-Forum-Recht.pdf\" target=\"_blank\">\n\t\t\t\t\t\t<span class=\"elementor-button-content-wrapper\">\n\t\t\t\t\t\t\t\t\t<span class=\"elementor-button-text\">Download press release as PDF<\/span>\n\t\t\t\t\t<\/span>\n\t\t\t\t\t<\/a>\n\t\t\t\t\t\t\t\t<\/div>\n\t\t\t\t<\/div>\n\t\t\t\t\t<\/div>\n\t\t\t\t<\/div>\n\t\t<div data-particle_enable=\"false\" data-particle-mobile-disabled=\"false\" class=\"elementor-element elementor-element-396f98b e-flex e-con-boxed e-con e-parent\" data-id=\"396f98b\" data-element_type=\"container\" data-e-type=\"container\">\n\t\t\t\t\t<div class=\"e-con-inner\">\n\t\t\t\t<div class=\"elementor-element elementor-element-a2934c4 elementor-widget elementor-widget-heading\" data-id=\"a2934c4\" data-element_type=\"widget\" data-e-type=\"widget\" data-widget_type=\"heading.default\">\n\t\t\t\t\t<h2 class=\"elementor-heading-title elementor-size-default\">Image material<\/h2>\t\t\t\t<\/div>\n\t\t\t\t<div class=\"elementor-element elementor-element-8590954 elementor-widget elementor-widget-text-editor\" data-id=\"8590954\" data-element_type=\"widget\" data-e-type=\"widget\" data-widget_type=\"text-editor.default\">\n\t\t\t\t\t\t\t\t\t<p>The press photos can be downloaded here and used free of charge for editorial purposes in connection with the Stiftung Forum Recht, provided the copyright is stated.<\/p>\t\t\t\t\t\t\t\t<\/div>\n\t\t\t\t\t<\/div>\n\t\t\t\t<\/div>\n\t\t<div data-particle_enable=\"false\" data-particle-mobile-disabled=\"false\" class=\"elementor-element elementor-element-0de480d e-flex e-con-boxed e-con e-parent\" data-id=\"0de480d\" data-element_type=\"container\" data-e-type=\"container\">\n\t\t\t\t\t<div class=\"e-con-inner\">\n\t\t<div data-particle_enable=\"false\" data-particle-mobile-disabled=\"false\" class=\"elementor-element elementor-element-348ba80 e-con-full e-flex e-con e-child\" data-id=\"348ba80\" data-element_type=\"container\" data-e-type=\"container\">\n\t\t\t\t<div class=\"elementor-element elementor-element-672efa3 elementor-widget elementor-widget-image\" data-id=\"672efa3\" data-element_type=\"widget\" data-e-type=\"widget\" data-widget_type=\"image.default\">\n\t\t\t\t\t\t\t\t\t\t\t\t<figure class=\"wp-caption\">\n\t\t\t\t\t\t\t\t\t\t\t<a href=\"https:\/\/stiftung-forum-recht.de\/wp-content\/uploads\/2026\/07\/Sandra_Schnaedelbach_.jpg\" data-elementor-open-lightbox=\"yes\" data-elementor-lightbox-title=\"Sandra_Schn\u00e4delbach_\" data-elementor-lightbox-description=\"&quot;F:\\Allgemein\\04.Veranstaltungen\\04.02.Chronologie\\2026\\2026_Gespr\u00e4chsreihe_Let&#039;s_Talk_About_Recht\\04_G\u00e4stemanagement\\06_September_\\Sandra Schn\u00e4delbach\\Sandra_Schn\u00e4delbach_.jpg&quot;\" data-e-action-hash=\"#elementor-action%3Aaction%3Dlightbox%26settings%3DeyJpZCI6NDY3OTAsInVybCI6Imh0dHBzOlwvXC9zdGlmdHVuZy1mb3J1bS1yZWNodC5kZVwvd3AtY29udGVudFwvdXBsb2Fkc1wvMjAyNlwvMDdcL1NhbmRyYV9TY2huYWVkZWxiYWNoXy5qcGcifQ%3D%3D\">\n\t\t\t\t\t\t\t<img fetchpriority=\"high\" decoding=\"async\" width=\"397\" height=\"480\" src=\"https:\/\/stiftung-forum-recht.de\/wp-content\/uploads\/2026\/07\/Sandra_Schnaedelbach_.jpg\" class=\"attachment-large size-large wp-image-46790\" alt=\"Portrait of Dr. Sandra Schn\u00e4delbach\" srcset=\"https:\/\/stiftung-forum-recht.de\/wp-content\/uploads\/2026\/07\/Sandra_Schnaedelbach_.jpg 397w, https:\/\/stiftung-forum-recht.de\/wp-content\/uploads\/2026\/07\/Sandra_Schnaedelbach_-248x300.jpg 248w, https:\/\/stiftung-forum-recht.de\/wp-content\/uploads\/2026\/07\/Sandra_Schnaedelbach_-10x12.jpg 10w\" sizes=\"(max-width: 397px) 100vw, 397px\" \/>\t\t\t\t\t\t\t\t<\/a>\n\t\t\t\t\t\t\t\t\t\t\t<figcaption class=\"widget-image-caption wp-caption-text\">Dr. Sandra Schn\u00e4delbach, Photo: Private<\/figcaption>\n\t\t\t\t\t\t\t\t\t\t<\/figure>\n\t\t\t\t\t\t\t\t\t<\/div>\n\t\t\t\t<\/div>\n\t\t<div data-particle_enable=\"false\" data-particle-mobile-disabled=\"false\" class=\"elementor-element elementor-element-7cb9361 e-con-full e-flex e-con e-child\" data-id=\"7cb9361\" data-element_type=\"container\" data-e-type=\"container\">\n\t\t\t\t<div class=\"elementor-element elementor-element-6adc387 elementor-widget elementor-widget-image\" data-id=\"6adc387\" data-element_type=\"widget\" data-e-type=\"widget\" data-widget_type=\"image.default\">\n\t\t\t\t\t\t\t\t\t\t\t\t<figure class=\"wp-caption\">\n\t\t\t\t\t\t\t\t\t\t\t<a href=\"https:\/\/stiftung-forum-recht.de\/wp-content\/uploads\/2026\/07\/Profilbild-Johannes-Eichenhofer_Nils-Bornemann-scaled.jpg\" data-elementor-open-lightbox=\"yes\" data-elementor-lightbox-title=\"Profilbild Johannes Eichenhofer_Nils Bornemann\" data-elementor-lightbox-description=\"F:\\Allgemein\\04.Veranstaltungen\\04.02.Chronologie\\2026\\2026_Gespr\u00e4chsreihe_Let&#039;s_Talk_About_Recht\\04_G\u00e4stemanagement\\06_September_\\Prof. Eichenhofer\\Profilbild Johannes Eichenhofer_Nils Bornemann.jpg\" data-e-action-hash=\"#elementor-action%3Aaction%3Dlightbox%26settings%3DeyJpZCI6NDY3ODksInVybCI6Imh0dHBzOlwvXC9zdGlmdHVuZy1mb3J1bS1yZWNodC5kZVwvd3AtY29udGVudFwvdXBsb2Fkc1wvMjAyNlwvMDdcL1Byb2ZpbGJpbGQtSm9oYW5uZXMtRWljaGVuaG9mZXJfTmlscy1Cb3JuZW1hbm4tc2NhbGVkLmpwZyJ9\">\n\t\t\t\t\t\t\t<img decoding=\"async\" width=\"814\" height=\"1024\" src=\"https:\/\/stiftung-forum-recht.de\/wp-content\/uploads\/2026\/07\/Profilbild-Johannes-Eichenhofer_Nils-Bornemann-814x1024.jpg\" class=\"attachment-large size-large wp-image-46789\" alt=\"Portrait of Johannes Eichenhofer\" srcset=\"https:\/\/stiftung-forum-recht.de\/wp-content\/uploads\/2026\/07\/Profilbild-Johannes-Eichenhofer_Nils-Bornemann-814x1024.jpg 814w, https:\/\/stiftung-forum-recht.de\/wp-content\/uploads\/2026\/07\/Profilbild-Johannes-Eichenhofer_Nils-Bornemann-239x300.jpg 239w, https:\/\/stiftung-forum-recht.de\/wp-content\/uploads\/2026\/07\/Profilbild-Johannes-Eichenhofer_Nils-Bornemann-768x966.jpg 768w, https:\/\/stiftung-forum-recht.de\/wp-content\/uploads\/2026\/07\/Profilbild-Johannes-Eichenhofer_Nils-Bornemann-1221x1536.jpg 1221w, https:\/\/stiftung-forum-recht.de\/wp-content\/uploads\/2026\/07\/Profilbild-Johannes-Eichenhofer_Nils-Bornemann-1628x2048.jpg 1628w, https:\/\/stiftung-forum-recht.de\/wp-content\/uploads\/2026\/07\/Profilbild-Johannes-Eichenhofer_Nils-Bornemann-10x12.jpg 10w, https:\/\/stiftung-forum-recht.de\/wp-content\/uploads\/2026\/07\/Profilbild-Johannes-Eichenhofer_Nils-Bornemann-scaled.jpg 2035w\" sizes=\"(max-width: 814px) 100vw, 814px\" \/>\t\t\t\t\t\t\t\t<\/a>\n\t\t\t\t\t\t\t\t\t\t\t<figcaption class=\"widget-image-caption wp-caption-text\">Prof. Dr. Johannes Eichenhofer, Photo: Nils Bornemann<\/figcaption>\n\t\t\t\t\t\t\t\t\t\t<\/figure>\n\t\t\t\t\t\t\t\t\t<\/div>\n\t\t\t\t<\/div>\n\t\t<div data-particle_enable=\"false\" data-particle-mobile-disabled=\"false\" class=\"elementor-element elementor-element-445768f e-con-full e-flex e-con e-child\" data-id=\"445768f\" data-element_type=\"container\" data-e-type=\"container\">\n\t\t\t\t<div class=\"elementor-element elementor-element-1460a85 elementor-widget elementor-widget-image\" data-id=\"1460a85\" data-element_type=\"widget\" data-e-type=\"widget\" data-widget_type=\"image.default\">\n\t\t\t\t\t\t\t\t\t\t\t\t<figure class=\"wp-caption\">\n\t\t\t\t\t\t\t\t\t\t\t<a href=\"https:\/\/stiftung-forum-recht.de\/wp-content\/uploads\/2026\/03\/Buehne-Susann-Boettcher_Cut-Portraet-e1778160032692.jpg\" data-elementor-open-lightbox=\"yes\" data-elementor-lightbox-title=\"B\u00fchne Susann B\u00f6ttcher_Cut Portr\u00e4t\" data-e-action-hash=\"#elementor-action%3Aaction%3Dlightbox%26settings%3DeyJpZCI6NDI3NzIsInVybCI6Imh0dHBzOlwvXC9zdGlmdHVuZy1mb3J1bS1yZWNodC5kZVwvd3AtY29udGVudFwvdXBsb2Fkc1wvMjAyNlwvMDNcL0J1ZWhuZS1TdXNhbm4tQm9ldHRjaGVyX0N1dC1Qb3J0cmFldC1lMTc3ODE2MDAzMjY5Mi5qcGcifQ%3D%3D\">\n\t\t\t\t\t\t\t<img decoding=\"async\" width=\"930\" height=\"1024\" src=\"https:\/\/stiftung-forum-recht.de\/wp-content\/uploads\/2026\/03\/Buehne-Susann-Boettcher_Cut-Portraet-e1778160032692-930x1024.jpg\" class=\"attachment-large size-large wp-image-42772\" alt=\"Portrait of Susann B\u00f6ttcher\" srcset=\"https:\/\/stiftung-forum-recht.de\/wp-content\/uploads\/2026\/03\/Buehne-Susann-Boettcher_Cut-Portraet-e1778160032692-930x1024.jpg 930w, https:\/\/stiftung-forum-recht.de\/wp-content\/uploads\/2026\/03\/Buehne-Susann-Boettcher_Cut-Portraet-e1778160032692-272x300.jpg 272w, https:\/\/stiftung-forum-recht.de\/wp-content\/uploads\/2026\/03\/Buehne-Susann-Boettcher_Cut-Portraet-e1778160032692-768x846.jpg 768w, https:\/\/stiftung-forum-recht.de\/wp-content\/uploads\/2026\/03\/Buehne-Susann-Boettcher_Cut-Portraet-e1778160032692-1395x1536.jpg 1395w, https:\/\/stiftung-forum-recht.de\/wp-content\/uploads\/2026\/03\/Buehne-Susann-Boettcher_Cut-Portraet-e1778160032692-1860x2048.jpg 1860w, https:\/\/stiftung-forum-recht.de\/wp-content\/uploads\/2026\/03\/Buehne-Susann-Boettcher_Cut-Portraet-e1778160032692-11x12.jpg 11w, https:\/\/stiftung-forum-recht.de\/wp-content\/uploads\/2026\/03\/Buehne-Susann-Boettcher_Cut-Portraet-e1778160032692.jpg 1867w\" sizes=\"(max-width: 930px) 100vw, 930px\" \/>\t\t\t\t\t\t\t\t<\/a>\n\t\t\t\t\t\t\t\t\t\t\t<figcaption class=\"widget-image-caption wp-caption-text\">Susann B\u00f6ttcher, Photo: Falko Simon<\/figcaption>\n\t\t\t\t\t\t\t\t\t\t<\/figure>\n\t\t\t\t\t\t\t\t\t<\/div>\n\t\t\t\t<\/div>\n\t\t\t\t\t<\/div>\n\t\t\t\t<\/div>\n\t\t\t\t<\/div>","protected":false},"excerpt":{"rendered":"<p>On Wednesday, September 9, 2026, at 7:00 p.m., the Forum Recht Foundation invites you to Leipzig for an interactive discussion series titled \u201eLet\u2019s Talk About Recht,\u201c focusing on the topic \u201eLaw and Emotions: From a Sense of Justice to the Protection of Feelings.\u201c The guests will be historian Dr. Sandra Schn\u00e4delbach and legal scholar Prof. Dr. Johannes Eichenhofer.<\/p>","protected":false},"author":30,"featured_media":44268,"comment_status":"open","ping_status":"open","sticky":false,"template":"","format":"standard","meta":{"_acf_changed":false,"neve_meta_sidebar":"","neve_meta_container":"","neve_meta_enable_content_width":"off","neve_meta_content_width":70,"neve_meta_title_alignment":"","neve_meta_author_avatar":"","neve_post_elements_order":"","neve_meta_disable_header":"","neve_meta_disable_footer":"","neve_meta_disable_title":"","_themeisle_gutenberg_block_has_review":false,"footnotes":""},"categories":[8,53,152],"tags":[101,23],"class_list":["post-47433","post","type-post","status-publish","format-standard","has-post-thumbnail","hentry","category-news","category-pressemitteilung","category-pressemitteilungen-2026","tag-rechtsstaat","tag-sfrnews"],"acf":[],"yoast_head":"<!-- This site is optimized with the Yoast SEO plugin v28.3 - https:\/\/yoast.com\/product\/yoast-seo-wordpress\/ -->\n<title>Recht und Emotionen: Vom Rechtsgef\u00fchl bis zum Schutz von Gef\u00fchlen | Stiftung Forum Recht<\/title>\n<meta name=\"description\" content=\"Am Mittwoch, 09. September 2026, l\u00e4dt die Stiftung Forum Recht um 19:00 Uhr zur interaktiven Gespr\u00e4chsreihe \u201eLet\u2019s Talk About Recht\u201c zum Thema \u201eRecht und Emotionen: Vom Rechtsgef\u00fchl bis zum Schutz von Gef\u00fchlen&quot; in Leipzig ein. Zu Gast sind Historikerin Dr. Sandra Schn\u00e4delbach und der Rechtswissenschaftler Prof. Dr. Johannes Eichenhofer.\" \/>\n<meta name=\"robots\" content=\"index, follow, max-snippet:-1, max-image-preview:large, max-video-preview:-1\" \/>\n<link rel=\"canonical\" href=\"https:\/\/stiftung-forum-recht.de\/en\/press-release\/law-and-emotions-from-a-sense-of-justice-to-the-protection-of-feelings\/\" \/>\n<meta property=\"og:locale\" content=\"en_US\" \/>\n<meta property=\"og:type\" content=\"article\" \/>\n<meta property=\"og:title\" content=\"Recht und Emotionen: Vom Rechtsgef\u00fchl bis zum Schutz von Gef\u00fchlen | Stiftung Forum Recht\" \/>\n<meta property=\"og:description\" content=\"Am Mittwoch, 09. September 2026, l\u00e4dt die Stiftung Forum Recht um 19:00 Uhr zur interaktiven Gespr\u00e4chsreihe \u201eLet\u2019s Talk About Recht\u201c zum Thema \u201eRecht und Emotionen: Vom Rechtsgef\u00fchl bis zum Schutz von Gef\u00fchlen&quot; in Leipzig ein. Zu Gast sind Historikerin Dr. Sandra Schn\u00e4delbach und der Rechtswissenschaftler Prof. Dr. Johannes Eichenhofer.\" \/>\n<meta property=\"og:url\" content=\"https:\/\/stiftung-forum-recht.de\/en\/press-release\/law-and-emotions-from-a-sense-of-justice-to-the-protection-of-feelings\/\" \/>\n<meta property=\"og:site_name\" content=\"Stiftung Forum Recht\" \/>\n<meta property=\"article:published_time\" content=\"2026-09-03T10:34:25+00:00\" \/>\n<meta property=\"article:modified_time\" content=\"2026-09-03T12:39:26+00:00\" \/>\n<meta property=\"og:image\" content=\"https:\/\/stiftung-forum-recht.de\/wp-content\/uploads\/2026\/04\/LTAR2026_Webbanner_1280x720.jpg\" \/>\n\t<meta property=\"og:image:width\" content=\"1707\" \/>\n\t<meta property=\"og:image:height\" content=\"960\" \/>\n\t<meta property=\"og:image:type\" content=\"image\/jpeg\" \/>\n<meta name=\"author\" content=\"Anna Jenetzky\" \/>\n<meta name=\"twitter:card\" content=\"summary_large_image\" \/>\n<meta name=\"twitter:label1\" content=\"Written by\" \/>\n\t<meta name=\"twitter:data1\" content=\"Anna Jenetzky\" \/>\n\t<meta name=\"twitter:label2\" content=\"Est. reading time\" \/>\n\t<meta name=\"twitter:data2\" content=\"4 minutes\" \/>\n<!-- \/ Yoast SEO plugin. -->","yoast_head_json":{"title":"Law and Emotions: From a Sense of Justice to the Protection of Feelings | Forum Recht Foundation","description":"On Wednesday, September 9, 2026, at 7:00 p.m., the Forum Recht Foundation invites you to Leipzig for an interactive discussion series titled \u201eLet\u2019s Talk About Recht,\u201c focusing on the topic \u201eLaw and Emotions: From a Sense of Justice to the Protection of Feelings.\" The guests will be historian Dr. Sandra Schn\u00e4delbach and legal scholar Prof. Dr. Johannes Eichenhofer.","robots":{"index":"index","follow":"follow","max-snippet":"max-snippet:-1","max-image-preview":"max-image-preview:large","max-video-preview":"max-video-preview:-1"},"canonical":"https:\/\/stiftung-forum-recht.de\/en\/press-release\/law-and-emotions-from-a-sense-of-justice-to-the-protection-of-feelings\/","og_locale":"en_US","og_type":"article","og_title":"Recht und Emotionen: Vom Rechtsgef\u00fchl bis zum Schutz von Gef\u00fchlen | Stiftung Forum Recht","og_description":"Am Mittwoch, 09. September 2026, l\u00e4dt die Stiftung Forum Recht um 19:00 Uhr zur interaktiven Gespr\u00e4chsreihe \u201eLet\u2019s Talk About Recht\u201c zum Thema \u201eRecht und Emotionen: Vom Rechtsgef\u00fchl bis zum Schutz von Gef\u00fchlen\" in Leipzig ein. Zu Gast sind Historikerin Dr. Sandra Schn\u00e4delbach und der Rechtswissenschaftler Prof. Dr. Johannes Eichenhofer.","og_url":"https:\/\/stiftung-forum-recht.de\/en\/press-release\/law-and-emotions-from-a-sense-of-justice-to-the-protection-of-feelings\/","og_site_name":"Stiftung Forum Recht","article_published_time":"2026-09-03T10:34:25+00:00","article_modified_time":"2026-09-03T12:39:26+00:00","og_image":[{"width":1707,"height":960,"url":"https:\/\/stiftung-forum-recht.de\/wp-content\/uploads\/2026\/04\/LTAR2026_Webbanner_1280x720.jpg","type":"image\/jpeg"}],"author":"Anna Jenetzky","twitter_card":"summary_large_image","twitter_misc":{"Written by":"Anna Jenetzky","Est. reading time":"4 minutes"},"schema":{"@context":"https:\/\/schema.org","@graph":[{"@type":"Article","@id":"https:\/\/stiftung-forum-recht.de\/pressemitteilung\/recht-und-emotionen-vom-rechtsgefuehl-bis-zum-schutz-von-gefuehlen\/#article","isPartOf":{"@id":"https:\/\/stiftung-forum-recht.de\/pressemitteilung\/recht-und-emotionen-vom-rechtsgefuehl-bis-zum-schutz-von-gefuehlen\/"},"author":{"name":"Anna Jenetzky","@id":"https:\/\/stiftung-forum-recht.de\/#\/schema\/person\/934b77fdb561fcc6945a060aee25b44b"},"headline":"Recht und Emotionen: Vom Rechtsgef\u00fchl bis zum Schutz von Gef\u00fchlen","datePublished":"2026-09-03T10:34:25+00:00","dateModified":"2026-09-03T12:39:26+00:00","mainEntityOfPage":{"@id":"https:\/\/stiftung-forum-recht.de\/pressemitteilung\/recht-und-emotionen-vom-rechtsgefuehl-bis-zum-schutz-von-gefuehlen\/"},"wordCount":661,"commentCount":0,"publisher":{"@id":"https:\/\/stiftung-forum-recht.de\/#organization"},"image":{"@id":"https:\/\/stiftung-forum-recht.de\/pressemitteilung\/recht-und-emotionen-vom-rechtsgefuehl-bis-zum-schutz-von-gefuehlen\/#primaryimage"},"thumbnailUrl":"https:\/\/stiftung-forum-recht.de\/wp-content\/uploads\/2026\/04\/LTAR2026_Webbanner_1280x720.jpg","keywords":["Rechtsstaat","SFRNews"],"articleSection":["News","Pressemitteilungen","Pressemitteilungen 2026"],"inLanguage":"en-US","potentialAction":[{"@type":"CommentAction","name":"Comment","target":["https:\/\/stiftung-forum-recht.de\/pressemitteilung\/recht-und-emotionen-vom-rechtsgefuehl-bis-zum-schutz-von-gefuehlen\/#respond"]}]},{"@type":"WebPage","@id":"https:\/\/stiftung-forum-recht.de\/pressemitteilung\/recht-und-emotionen-vom-rechtsgefuehl-bis-zum-schutz-von-gefuehlen\/","url":"https:\/\/stiftung-forum-recht.de\/pressemitteilung\/recht-und-emotionen-vom-rechtsgefuehl-bis-zum-schutz-von-gefuehlen\/","name":"Law and Emotions: From a Sense of Justice to the Protection of Feelings | Forum Recht Foundation","isPartOf":{"@id":"https:\/\/stiftung-forum-recht.de\/#website"},"primaryImageOfPage":{"@id":"https:\/\/stiftung-forum-recht.de\/pressemitteilung\/recht-und-emotionen-vom-rechtsgefuehl-bis-zum-schutz-von-gefuehlen\/#primaryimage"},"image":{"@id":"https:\/\/stiftung-forum-recht.de\/pressemitteilung\/recht-und-emotionen-vom-rechtsgefuehl-bis-zum-schutz-von-gefuehlen\/#primaryimage"},"thumbnailUrl":"https:\/\/stiftung-forum-recht.de\/wp-content\/uploads\/2026\/04\/LTAR2026_Webbanner_1280x720.jpg","datePublished":"2026-09-03T10:34:25+00:00","dateModified":"2026-09-03T12:39:26+00:00","description":"On Wednesday, September 9, 2026, at 7:00 p.m., the Forum Recht Foundation invites you to Leipzig for an interactive discussion series titled \u201eLet\u2019s Talk About Recht,\u201c focusing on the topic \u201eLaw and Emotions: From a Sense of Justice to the Protection of Feelings.\" The guests will be historian Dr. Sandra Schn\u00e4delbach and legal scholar Prof. Dr. Johannes Eichenhofer.","breadcrumb":{"@id":"https:\/\/stiftung-forum-recht.de\/pressemitteilung\/recht-und-emotionen-vom-rechtsgefuehl-bis-zum-schutz-von-gefuehlen\/#breadcrumb"},"inLanguage":"en-US","potentialAction":[{"@type":"ReadAction","target":["https:\/\/stiftung-forum-recht.de\/pressemitteilung\/recht-und-emotionen-vom-rechtsgefuehl-bis-zum-schutz-von-gefuehlen\/"]}]},{"@type":"ImageObject","inLanguage":"en-US","@id":"https:\/\/stiftung-forum-recht.de\/pressemitteilung\/recht-und-emotionen-vom-rechtsgefuehl-bis-zum-schutz-von-gefuehlen\/#primaryimage","url":"https:\/\/stiftung-forum-recht.de\/wp-content\/uploads\/2026\/04\/LTAR2026_Webbanner_1280x720.jpg","contentUrl":"https:\/\/stiftung-forum-recht.de\/wp-content\/uploads\/2026\/04\/LTAR2026_Webbanner_1280x720.jpg","width":1707,"height":960,"caption":"Visual Let's Talk About Recht"},{"@type":"BreadcrumbList","@id":"https:\/\/stiftung-forum-recht.de\/pressemitteilung\/recht-und-emotionen-vom-rechtsgefuehl-bis-zum-schutz-von-gefuehlen\/#breadcrumb","itemListElement":[{"@type":"ListItem","position":1,"name":"Startseite","item":"https:\/\/stiftung-forum-recht.de\/"},{"@type":"ListItem","position":2,"name":"Recht und Emotionen: Vom Rechtsgef\u00fchl bis zum Schutz von Gef\u00fchlen"}]},{"@type":"WebSite","@id":"https:\/\/stiftung-forum-recht.de\/#website","url":"https:\/\/stiftung-forum-recht.de\/","name":"Stiftung Forum Recht","description":"THE LAW FORUM","publisher":{"@id":"https:\/\/stiftung-forum-recht.de\/#organization"},"potentialAction":[{"@type":"SearchAction","target":{"@type":"EntryPoint","urlTemplate":"https:\/\/stiftung-forum-recht.de\/?s={search_term_string}"},"query-input":{"@type":"PropertyValueSpecification","valueRequired":true,"valueName":"search_term_string"}}],"inLanguage":"en-US"},{"@type":"Organization","@id":"https:\/\/stiftung-forum-recht.de\/#organization","name":"Stiftung Forum Recht","url":"https:\/\/stiftung-forum-recht.de\/","logo":{"@type":"ImageObject","inLanguage":"en-US","@id":"https:\/\/stiftung-forum-recht.de\/#\/schema\/logo\/image\/","url":"https:\/\/stiftung-forum-recht.de\/wp-content\/uploads\/2020\/10\/sfr-logo-2023.png","contentUrl":"https:\/\/stiftung-forum-recht.de\/wp-content\/uploads\/2020\/10\/sfr-logo-2023.png","width":200,"height":200,"caption":"Stiftung Forum Recht"},"image":{"@id":"https:\/\/stiftung-forum-recht.de\/#\/schema\/logo\/image\/"}},{"@type":"Person","@id":"https:\/\/stiftung-forum-recht.de\/#\/schema\/person\/934b77fdb561fcc6945a060aee25b44b","name":"Anna Jenetzky","image":{"@type":"ImageObject","inLanguage":"en-US","@id":"https:\/\/secure.gravatar.com\/avatar\/d9d492107063bf2c61c1410c45035a742a4913185e3060bad525bd0288536e94?s=96&d=mm&r=g","url":"https:\/\/secure.gravatar.com\/avatar\/d9d492107063bf2c61c1410c45035a742a4913185e3060bad525bd0288536e94?s=96&d=mm&r=g","contentUrl":"https:\/\/secure.gravatar.com\/avatar\/d9d492107063bf2c61c1410c45035a742a4913185e3060bad525bd0288536e94?s=96&d=mm&r=g","caption":"Anna Jenetzky"},"url":"https:\/\/stiftung-forum-recht.de\/en\/author\/presse-karlsruhe\/"}]}},"meta_box":[],"_links":{"self":[{"href":"https:\/\/stiftung-forum-recht.de\/en\/wp-json\/wp\/v2\/posts\/47433","targetHints":{"allow":["GET"]}}],"collection":[{"href":"https:\/\/stiftung-forum-recht.de\/en\/wp-json\/wp\/v2\/posts"}],"about":[{"href":"https:\/\/stiftung-forum-recht.de\/en\/wp-json\/wp\/v2\/types\/post"}],"author":[{"embeddable":true,"href":"https:\/\/stiftung-forum-recht.de\/en\/wp-json\/wp\/v2\/users\/30"}],"replies":[{"embeddable":true,"href":"https:\/\/stiftung-forum-recht.de\/en\/wp-json\/wp\/v2\/comments?post=47433"}],"version-history":[{"count":12,"href":"https:\/\/stiftung-forum-recht.de\/en\/wp-json\/wp\/v2\/posts\/47433\/revisions"}],"predecessor-version":[{"id":47796,"href":"https:\/\/stiftung-forum-recht.de\/en\/wp-json\/wp\/v2\/posts\/47433\/revisions\/47796"}],"wp:featuredmedia":[{"embeddable":true,"href":"https:\/\/stiftung-forum-recht.de\/en\/wp-json\/wp\/v2\/media\/44268"}],"wp:attachment":[{"href":"https:\/\/stiftung-forum-recht.de\/en\/wp-json\/wp\/v2\/media?parent=47433"}],"wp:term":[{"taxonomy":"category","embeddable":true,"href":"https:\/\/stiftung-forum-recht.de\/en\/wp-json\/wp\/v2\/categories?post=47433"},{"taxonomy":"post_tag","embeddable":true,"href":"https:\/\/stiftung-forum-recht.de\/en\/wp-json\/wp\/v2\/tags?post=47433"}],"curies":[{"name":"wp","href":"https:\/\/api.w.org\/{rel}","templated":true}]}}