{"id":36825,"date":"2025-06-17T16:58:17","date_gmt":"2025-06-17T14:58:17","guid":{"rendered":"https:\/\/stiftung-forum-recht.de\/?p=36825"},"modified":"2026-01-29T16:07:18","modified_gmt":"2026-01-29T15:07:18","slug":"the-forum-recht-foundation-opens-its-first-in-house-exhibition-the-rules-of-the-game-in-everyday-life-at-karlsruhe-central-station","status":"publish","type":"post","link":"https:\/\/stiftung-forum-recht.de\/en\/pressemitteilung\/stiftung-forum-recht-eroeffnet-erste-eigene-ausstellung-recht-spielregeln-des-alltags-im-karlsruher-hauptbahnhof\/","title":{"rendered":"Forum Recht Foundation Opens Its First In-House Exhibition"},"content":{"rendered":"<div data-elementor-type=\"wp-post\" data-elementor-id=\"36825\" class=\"elementor elementor-36825\" data-elementor-post-type=\"post\">\n\t\t\t\t<div data-particle_enable=\"false\" data-particle-mobile-disabled=\"false\" class=\"elementor-element elementor-element-5f87549 slidercontainer e-flex e-con-boxed e-con e-parent\" data-id=\"5f87549\" data-element_type=\"container\" data-e-type=\"container\" data-settings=\"{&quot;shape_divider_bottom&quot;:&quot;tilt&quot;}\">\n\t\t\t\t\t<div class=\"e-con-inner\">\n\t\t\t\t<div class=\"elementor-shape elementor-shape-bottom\" aria-hidden=\"true\" data-negative=\"false\">\n\t\t\t<svg xmlns=\"http:\/\/www.w3.org\/2000\/svg\" viewbox=\"0 0 1000 100\" preserveaspectratio=\"none\">\n\t<path class=\"elementor-shape-fill\" d=\"M0,6V0h1000v100L0,6z\"\/>\n<\/svg>\t\t<\/div>\n\t\t\t\t<div class=\"elementor-element elementor-element-a5698fa elementor-widget elementor-widget-template\" data-id=\"a5698fa\" data-element_type=\"widget\" data-e-type=\"widget\" data-widget_type=\"template.default\">\n\t\t\t\t<div class=\"elementor-widget-container\">\n\t\t\t\t\t\t\t<div class=\"elementor-template\">\n\t\t\t\t\t<div data-elementor-type=\"container\" data-elementor-id=\"15844\" class=\"elementor elementor-15844\" data-elementor-post-type=\"elementor_library\">\n\t\t\t\t<div data-particle_enable=\"false\" data-particle-mobile-disabled=\"false\" class=\"elementor-element elementor-element-9a7825a e-con-full slidercontainer e-transform e-flex e-con e-parent\" data-id=\"9a7825a\" data-element_type=\"container\" data-e-type=\"container\" data-settings=\"{&quot;background_background&quot;:&quot;classic&quot;,&quot;shape_divider_bottom&quot;:&quot;tilt&quot;,&quot;_transform_skewX_effect&quot;:{&quot;unit&quot;:&quot;px&quot;,&quot;size&quot;:&quot;&quot;,&quot;sizes&quot;:[]},&quot;_transform_skewX_effect_widescreen&quot;:{&quot;unit&quot;:&quot;deg&quot;,&quot;size&quot;:&quot;&quot;,&quot;sizes&quot;:[]},&quot;_transform_skewX_effect_laptop&quot;:{&quot;unit&quot;:&quot;deg&quot;,&quot;size&quot;:&quot;&quot;,&quot;sizes&quot;:[]},&quot;_transform_skewX_effect_tablet_extra&quot;:{&quot;unit&quot;:&quot;deg&quot;,&quot;size&quot;:&quot;&quot;,&quot;sizes&quot;:[]},&quot;_transform_skewX_effect_tablet&quot;:{&quot;unit&quot;:&quot;deg&quot;,&quot;size&quot;:&quot;&quot;,&quot;sizes&quot;:[]},&quot;_transform_skewX_effect_mobile&quot;:{&quot;unit&quot;:&quot;deg&quot;,&quot;size&quot;:&quot;&quot;,&quot;sizes&quot;:[]},&quot;_transform_skewY_effect&quot;:{&quot;unit&quot;:&quot;px&quot;,&quot;size&quot;:&quot;&quot;,&quot;sizes&quot;:[]},&quot;_transform_skewY_effect_widescreen&quot;:{&quot;unit&quot;:&quot;deg&quot;,&quot;size&quot;:&quot;&quot;,&quot;sizes&quot;:[]},&quot;_transform_skewY_effect_laptop&quot;:{&quot;unit&quot;:&quot;deg&quot;,&quot;size&quot;:&quot;&quot;,&quot;sizes&quot;:[]},&quot;_transform_skewY_effect_tablet_extra&quot;:{&quot;unit&quot;:&quot;deg&quot;,&quot;size&quot;:&quot;&quot;,&quot;sizes&quot;:[]},&quot;_transform_skewY_effect_tablet&quot;:{&quot;unit&quot;:&quot;deg&quot;,&quot;size&quot;:&quot;&quot;,&quot;sizes&quot;:[]},&quot;_transform_skewY_effect_mobile&quot;:{&quot;unit&quot;:&quot;deg&quot;,&quot;size&quot;:&quot;&quot;,&quot;sizes&quot;:[]}}\">\n\t\t\t\t<div class=\"elementor-shape elementor-shape-bottom\" aria-hidden=\"true\" data-negative=\"false\">\n\t\t\t<svg xmlns=\"http:\/\/www.w3.org\/2000\/svg\" viewbox=\"0 0 1000 100\" preserveaspectratio=\"none\">\n\t<path class=\"elementor-shape-fill\" d=\"M0,6V0h1000v100L0,6z\"\/>\n<\/svg>\t\t<\/div>\n\t\t\t\t<\/div>\n\t\t\t\t<\/div>\n\t\t\t\t<\/div>\n\t\t\t\t\t\t<\/div>\n\t\t\t\t<\/div>\n\t\t\t\t\t<\/div>\n\t\t\t\t<\/div>\n\t\t\t\t<section data-particle_enable=\"false\" data-particle-mobile-disabled=\"false\" class=\"elementor-section elementor-top-section elementor-element elementor-element-e989b8f elementor-section-boxed elementor-section-height-default elementor-section-height-default\" data-id=\"e989b8f\" data-element_type=\"section\" data-e-type=\"section\">\n\t\t\t\t\t\t<div class=\"elementor-container elementor-column-gap-default\">\n\t\t\t\t\t<div class=\"elementor-column elementor-col-100 elementor-top-column elementor-element elementor-element-b133490\" data-id=\"b133490\" data-element_type=\"column\" data-e-type=\"column\">\n\t\t\t<div class=\"elementor-widget-wrap elementor-element-populated\">\n\t\t\t\t\t\t<div class=\"elementor-element elementor-element-7a3a580 elementor-widget elementor-widget-text-editor\" data-id=\"7a3a580\" data-element_type=\"widget\" data-e-type=\"widget\" data-widget_type=\"text-editor.default\">\n\t\t\t\t\t\t\t\t\t<p>June 18, 2025<\/p>\t\t\t\t\t\t\t\t<\/div>\n\t\t\t\t<div class=\"elementor-element elementor-element-4d88bfa elementor-widget__width-initial elementor-widget elementor-widget-text-editor\" data-id=\"4d88bfa\" data-element_type=\"widget\" data-e-type=\"widget\" data-widget_type=\"text-editor.default\">\n\t\t\t\t\t\t\t\t\t<h1>The Forum Recht Foundation Opens Its First In-House Exhibition, \u201eLaw\u2014The Rules of Everyday Life,\u201c at Karlsruhe Central Station<\/h1>\t\t\t\t\t\t\t\t<\/div>\n\t\t\t\t\t<\/div>\n\t\t<\/div>\n\t\t\t\t\t<\/div>\n\t\t<\/section>\n\t\t\t\t<section data-particle_enable=\"false\" data-particle-mobile-disabled=\"false\" class=\"elementor-section elementor-top-section elementor-element elementor-element-6fb6a53 elementor-section-boxed elementor-section-height-default elementor-section-height-default\" data-id=\"6fb6a53\" data-element_type=\"section\" data-e-type=\"section\">\n\t\t\t\t\t\t<div class=\"elementor-container elementor-column-gap-default\">\n\t\t\t\t\t<div class=\"elementor-column elementor-col-100 elementor-top-column elementor-element elementor-element-7acdbb9\" data-id=\"7acdbb9\" data-element_type=\"column\" data-e-type=\"column\">\n\t\t\t<div class=\"elementor-widget-wrap elementor-element-populated\">\n\t\t\t\t\t\t<div class=\"elementor-element elementor-element-1d86a68 elementor-widget elementor-widget-text-editor\" data-id=\"1d86a68\" data-element_type=\"widget\" data-e-type=\"widget\" data-widget_type=\"text-editor.default\">\n\t\t\t\t\t\t\t\t\t<p><strong>The Forum Recht Foundation invites you on Tuesday, July 1, 2025, at 11:30 a.m. <\/strong><strong>to the opening of the pop-up exhibition \u201eLaw\u2014The Rules of Everyday Life.\u201c The opening in the entrance hall of Karlsruhe Central Station also marks the start of the exhibition\u2019s journey across Germany. In bustling locations throughout many cities, the exhibition brings the law to life and invites visitors to participate. <\/strong><\/p><p><strong>Karlsruhe.<\/strong> As part of the exhibition's opening program, the first speakers will be <strong>Dr Cord Br\u00fcgmann<\/strong>, Director of the Forum Recht Foundation, <strong>Dr. Frank Mentrup<\/strong>, Mayor of the City of Karlsruhe, as well as <strong>Martin B\u00fcchle<\/strong>, Head of Station Management in Karlsruhe, will deliver a welcome address. Following that, <strong>Charlotte Gro\u00dfmann<\/strong>, the exhibition's project manager, incorporated this into the exhibition concept. She provides a preview of the accompanying program of events <strong>Dr. Anna N\u00fcbling<\/strong>, Director of the Program and Events Division at the Forum Recht Foundation, and <strong>Ulrich Bunk<\/strong>, Vice President of the Karlsruhe Regional Court.<\/p><p>After Karlsruhe, known as the \u201eResidence of Law,\u201c the pop-up exhibition will move on in August and will be on display at Heidelberg Central Station. Numerous other train stations are also being planned as exhibition venues. The mobile exhibition elements will also be on display in town squares and shopping centers, such as in Leipzig, M\u00f6nchengladbach, and Pirna.<\/p><p>With its exhibition on law in everyday life, the Forum Recht Foundation is bringing one of its core themes into the public sphere: \u201eWe want to hear about people\u2019s experiences with the law in Germany. Where has the law helped them\u2014and where has it been a hindrance? That\u2019s why we\u2019re inviting visitors to record a short video with their smartphones and become part of the exhibition,\u201c says Charlotte Gro\u00dfmann, emphasizing the exhibition\u2019s dialogic nature. \u201eLaw\u2014The Rules of Everyday Life\u201c evolves with each new venue and brings to light a wide variety of perspectives on the law.<\/p><p>The Pop-Up Exhibition <strong>\u201eLaw\u2014The Rules of Everyday Life\u201c<\/strong> the Forum Recht Foundation, in cooperation with Mein_Einkaufsbahnhof, is <strong>from July 1 to August 3<\/strong> <strong>2025<\/strong> Open around the clock in the left entrance hall of Karlsruhe Central Station and freely accessible to anyone interested<strong>. <\/strong>Admission to the <a href=\"https:\/\/stiftung-forum-recht.de\/news\/start-der-pop-up-ausstellung\/\"><strong>Exhibition Opening<\/strong><\/a> is just as free.<\/p>\t\t\t\t\t\t\t\t<\/div>\n\t\t\t\t\t<\/div>\n\t\t<\/div>\n\t\t\t\t\t<\/div>\n\t\t<\/section>\n\t\t<div data-particle_enable=\"false\" data-particle-mobile-disabled=\"false\" class=\"elementor-element elementor-element-5977b27 e-flex e-con-boxed e-con e-parent\" data-id=\"5977b27\" data-element_type=\"container\" data-e-type=\"container\">\n\t\t\t\t\t<div class=\"e-con-inner\">\n\t\t\t\t<div class=\"elementor-element elementor-element-a29a2e9 elementor-widget elementor-widget-heading\" data-id=\"a29a2e9\" data-element_type=\"widget\" data-e-type=\"widget\" data-widget_type=\"heading.default\">\n\t\t\t\t\t<h2 class=\"elementor-heading-title elementor-size-default\">Info at a glance<\/h2>\t\t\t\t<\/div>\n\t\t\t\t<div class=\"elementor-element elementor-element-da00c0a elementor-widget elementor-widget-text-editor\" data-id=\"da00c0a\" data-element_type=\"widget\" data-e-type=\"widget\" data-widget_type=\"text-editor.default\">\n\t\t\t\t\t\t\t\t\t<p><strong>Tuesday, July 1, 2025, at 11:30 a.m. in the entrance hall (on the left) of the Karlsruhe Central Station<\/strong><\/p><p>with<strong> Dr. Cord Br\u00fcgmann, <\/strong>Director of the Forum Recht Foundation<strong>, <\/strong><strong>Dr. Frank Mentrup, <\/strong>Mayor of the City of Karlsruhe<strong>, Ulrich Bunk, <\/strong>Vice President of the Karlsruhe Regional Court<strong>, Martin B\u00fcchle, <\/strong>Head of Station Management in Karlsruhe and <strong>Charlotte Gro\u00dfmann, <\/strong>Project Manager for the exhibition and <strong>Dr. Anna N\u00fcbling<\/strong>, Director of the Programs and Events Department at the Forum Recht Foundation.<\/p><p><strong>\u00a0<\/strong><strong>Program for the Exhibition in Karlsruhe <\/strong><\/p><p><strong>Tuesday, July 8, 2025, 5:00 p.m. to 6:00 p.m. <\/strong>\u201eRight on: Let\u2019s Ask!\u201d \u2013 An interactive discussion series accompanying the pop-up exhibition \u201eLaw \u2013 The Rules of Everyday Life\u201c<\/p><p><strong>Tuesday, July 22, 2025, 5:00 p.m. to 6:00 p.m. <\/strong>\u201eRight on: Let\u2019s Ask!\u201d \u2013 An interactive discussion series accompanying the pop-up exhibition \u201eLaw \u2013 The Rules of Everyday Life\u201c<\/p><p><strong>Saturday, August 2, 2025, 6:00 p.m. to midnight <\/strong>\u201eLaw\u2014The Rules of Everyday Life\u201c at the Karlsruhe Museum Night at Karlsruhe Central Station: Guided tours of the exhibition with project director Charlotte Gro\u00dfmann. For more information: <a href=\"https:\/\/www.kamuna.de\/info\/programm\/\"><strong>Program \u2013 KAMUNA<\/strong><\/a><\/p><p>The exhibition runs until <strong>Sunday,<\/strong> <strong>August 3, 2025 <\/strong>It can be viewed for free, 24 hours a day, at Karlsruhe Central Station. No registration is required.<\/p><p>Further information<strong>: <a href=\"https:\/\/stiftung-forum-recht.de\/news\/start-der-pop-up-ausstellung\/\" target=\"_blank\" rel=\"noopener\">www.stiftung-forum-recht.de\/news\/start-der-pop-up-ausstellung\/<\/a><\/strong><\/p>\t\t\t\t\t\t\t\t<\/div>\n\t\t\t\t\t<\/div>\n\t\t\t\t<\/div>\n\t\t<div data-particle_enable=\"false\" data-particle-mobile-disabled=\"false\" class=\"elementor-element elementor-element-823c46a e-flex e-con-boxed e-con e-parent\" data-id=\"823c46a\" data-element_type=\"container\" data-e-type=\"container\">\n\t\t\t\t\t<div class=\"e-con-inner\">\n\t\t<div data-particle_enable=\"false\" data-particle-mobile-disabled=\"false\" class=\"elementor-element elementor-element-e628752 e-con-full e-flex e-con e-child\" data-id=\"e628752\" data-element_type=\"container\" data-e-type=\"container\">\n\t\t\t\t<div class=\"elementor-element elementor-element-a1febca elementor-widget-widescreen__width-initial elementor-widget elementor-widget-text-editor\" data-id=\"a1febca\" data-element_type=\"widget\" data-e-type=\"widget\" data-widget_type=\"text-editor.default\">\n\t\t\t\t\t\t\t\t\t<p><strong>Press contact<br \/><\/strong><\/p><div class=\"elementor-column elementor-col-50 elementor-inner-column elementor-element elementor-element-43f34c5\" data-id=\"43f34c5\" data-element_type=\"column\"><div class=\"elementor-widget-wrap elementor-element-populated\"><div class=\"elementor-element elementor-element-931e011 elementor-widget elementor-widget-text-editor\" data-id=\"931e011\" data-element_type=\"widget\" data-widget_type=\"text-editor.default\"><div class=\"elementor-widget-container\"><p><strong>Stiftung Forum Recht<\/strong><br \/>Linda Roth<br \/>+49 155 66967320<br \/>presse@stiftung-forum-recht.de<\/p><\/div><\/div><\/div><\/div>\t\t\t\t\t\t\t\t<\/div>\n\t\t\t\t<\/div>\n\t\t<div data-particle_enable=\"false\" data-particle-mobile-disabled=\"false\" class=\"elementor-element elementor-element-0a5453c e-con-full e-flex e-con e-child\" data-id=\"0a5453c\" data-element_type=\"container\" data-e-type=\"container\">\n\t\t\t\t<div class=\"elementor-element elementor-element-53e1c1c elementor-widget elementor-widget-button\" data-id=\"53e1c1c\" data-element_type=\"widget\" data-e-type=\"widget\" data-widget_type=\"button.default\">\n\t\t\t\t\t\t\t\t\t\t<a class=\"elementor-button elementor-button-link elementor-size-md\" href=\"https:\/\/stiftung-forum-recht.de\/wp-content\/uploads\/2025\/06\/2025_06_18_PM_Eroeffnung_Pop-Up-Ausstellung_Stiftung-Forum-Recht_Karlsruhe-Hauptbahnhof.pdf\" target=\"_blank\">\n\t\t\t\t\t\t<span class=\"elementor-button-content-wrapper\">\n\t\t\t\t\t\t\t\t\t<span class=\"elementor-button-text\">Download press release as PDF<\/span>\n\t\t\t\t\t<\/span>\n\t\t\t\t\t<\/a>\n\t\t\t\t\t\t\t\t<\/div>\n\t\t\t\t<\/div>\n\t\t\t\t\t<\/div>\n\t\t\t\t<\/div>\n\t\t<div data-particle_enable=\"false\" data-particle-mobile-disabled=\"false\" class=\"elementor-element elementor-element-396f98b e-flex e-con-boxed e-con e-parent\" data-id=\"396f98b\" data-element_type=\"container\" data-e-type=\"container\">\n\t\t\t\t\t<div class=\"e-con-inner\">\n\t\t\t\t<div class=\"elementor-element elementor-element-a2934c4 elementor-widget elementor-widget-heading\" data-id=\"a2934c4\" data-element_type=\"widget\" data-e-type=\"widget\" data-widget_type=\"heading.default\">\n\t\t\t\t\t<h2 class=\"elementor-heading-title elementor-size-default\">Image material<\/h2>\t\t\t\t<\/div>\n\t\t\t\t<div class=\"elementor-element elementor-element-8590954 elementor-widget elementor-widget-text-editor\" data-id=\"8590954\" data-element_type=\"widget\" data-e-type=\"widget\" data-widget_type=\"text-editor.default\">\n\t\t\t\t\t\t\t\t\t<p>The press photos can be downloaded here and used free of charge for editorial purposes in connection with the Stiftung Forum Recht, provided the copyright is stated.<\/p>\t\t\t\t\t\t\t\t<\/div>\n\t\t\t\t\t<\/div>\n\t\t\t\t<\/div>\n\t\t<div data-particle_enable=\"false\" data-particle-mobile-disabled=\"false\" class=\"elementor-element elementor-element-0de480d e-flex e-con-boxed e-con e-parent\" data-id=\"0de480d\" data-element_type=\"container\" data-e-type=\"container\">\n\t\t\t\t\t<div class=\"e-con-inner\">\n\t\t<div data-particle_enable=\"false\" data-particle-mobile-disabled=\"false\" class=\"elementor-element elementor-element-348ba80 e-con-full e-flex e-con e-child\" data-id=\"348ba80\" data-element_type=\"container\" data-e-type=\"container\">\n\t\t\t\t<div class=\"elementor-element elementor-element-672efa3 elementor-widget elementor-widget-image\" data-id=\"672efa3\" data-element_type=\"widget\" data-e-type=\"widget\" data-widget_type=\"image.default\">\n\t\t\t\t\t\t\t\t\t\t\t\t<figure class=\"wp-caption\">\n\t\t\t\t\t\t\t\t\t\t\t<a href=\"https:\/\/stiftung-forum-recht.de\/wp-content\/uploads\/2025\/06\/2026_06_13_Pop-up-Ausstellung_c_scienceintermedia-wissenschafatskommunikation-12-scaled.jpg\" data-elementor-open-lightbox=\"yes\" data-elementor-lightbox-title=\"Foto: scienceintermedia \u2013 wissenschaftskommunikation\" data-e-action-hash=\"#elementor-action%3Aaction%3Dlightbox%26settings%3DeyJpZCI6MzY2ODAsInVybCI6Imh0dHBzOlwvXC9zdGlmdHVuZy1mb3J1bS1yZWNodC5kZVwvd3AtY29udGVudFwvdXBsb2Fkc1wvMjAyNVwvMDZcLzIwMjZfMDZfMTNfUG9wLXVwLUF1c3N0ZWxsdW5nX2Nfc2NpZW5jZWludGVybWVkaWEtd2lzc2Vuc2NoYWZhdHNrb21tdW5pa2F0aW9uLTEyLXNjYWxlZC5qcGcifQ%3D%3D\">\n\t\t\t\t\t\t\t<img fetchpriority=\"high\" decoding=\"async\" width=\"1024\" height=\"683\" src=\"https:\/\/stiftung-forum-recht.de\/wp-content\/uploads\/2025\/06\/2026_06_13_Pop-up-Ausstellung_c_scienceintermedia-wissenschafatskommunikation-12-1024x683.jpg\" class=\"attachment-large size-large wp-image-36680\" alt=\"\" srcset=\"https:\/\/stiftung-forum-recht.de\/wp-content\/uploads\/2025\/06\/2026_06_13_Pop-up-Ausstellung_c_scienceintermedia-wissenschafatskommunikation-12-1024x683.jpg 1024w, https:\/\/stiftung-forum-recht.de\/wp-content\/uploads\/2025\/06\/2026_06_13_Pop-up-Ausstellung_c_scienceintermedia-wissenschafatskommunikation-12-300x200.jpg 300w, https:\/\/stiftung-forum-recht.de\/wp-content\/uploads\/2025\/06\/2026_06_13_Pop-up-Ausstellung_c_scienceintermedia-wissenschafatskommunikation-12-768x512.jpg 768w, https:\/\/stiftung-forum-recht.de\/wp-content\/uploads\/2025\/06\/2026_06_13_Pop-up-Ausstellung_c_scienceintermedia-wissenschafatskommunikation-12-1536x1024.jpg 1536w, https:\/\/stiftung-forum-recht.de\/wp-content\/uploads\/2025\/06\/2026_06_13_Pop-up-Ausstellung_c_scienceintermedia-wissenschafatskommunikation-12-2048x1365.jpg 2048w, https:\/\/stiftung-forum-recht.de\/wp-content\/uploads\/2025\/06\/2026_06_13_Pop-up-Ausstellung_c_scienceintermedia-wissenschafatskommunikation-12-18x12.jpg 18w, https:\/\/stiftung-forum-recht.de\/wp-content\/uploads\/2025\/06\/2026_06_13_Pop-up-Ausstellung_c_scienceintermedia-wissenschafatskommunikation-12-930x620.jpg 930w\" sizes=\"(max-width: 1024px) 100vw, 1024px\" \/>\t\t\t\t\t\t\t\t<\/a>\n\t\t\t\t\t\t\t\t\t\t\t<figcaption class=\"widget-image-caption wp-caption-text\">Photo: scienceintermedia \u2013 science communication<\/figcaption>\n\t\t\t\t\t\t\t\t\t\t<\/figure>\n\t\t\t\t\t\t\t\t\t<\/div>\n\t\t\t\t<\/div>\n\t\t<div data-particle_enable=\"false\" data-particle-mobile-disabled=\"false\" class=\"elementor-element elementor-element-445768f e-con-full e-flex e-con e-child\" data-id=\"445768f\" data-element_type=\"container\" data-e-type=\"container\">\n\t\t\t\t<div class=\"elementor-element elementor-element-1460a85 elementor-widget elementor-widget-image\" data-id=\"1460a85\" data-element_type=\"widget\" data-e-type=\"widget\" data-widget_type=\"image.default\">\n\t\t\t\t\t\t\t\t\t\t\t\t<figure class=\"wp-caption\">\n\t\t\t\t\t\t\t\t\t\t\t<a href=\"https:\/\/stiftung-forum-recht.de\/wp-content\/uploads\/2025\/06\/2026_06_13_Pop-up-Ausstellung_c_scienceintermedia-wissenschafatskommunikation-27-scaled.jpg\" data-elementor-open-lightbox=\"yes\" data-elementor-lightbox-title=\"Foto: scienceintermedia \u2013 wissenschaftskommunikation\" data-e-action-hash=\"#elementor-action%3Aaction%3Dlightbox%26settings%3DeyJpZCI6MzY2ODIsInVybCI6Imh0dHBzOlwvXC9zdGlmdHVuZy1mb3J1bS1yZWNodC5kZVwvd3AtY29udGVudFwvdXBsb2Fkc1wvMjAyNVwvMDZcLzIwMjZfMDZfMTNfUG9wLXVwLUF1c3N0ZWxsdW5nX2Nfc2NpZW5jZWludGVybWVkaWEtd2lzc2Vuc2NoYWZhdHNrb21tdW5pa2F0aW9uLTI3LXNjYWxlZC5qcGcifQ%3D%3D\">\n\t\t\t\t\t\t\t<img decoding=\"async\" width=\"1024\" height=\"683\" src=\"https:\/\/stiftung-forum-recht.de\/wp-content\/uploads\/2025\/06\/2026_06_13_Pop-up-Ausstellung_c_scienceintermedia-wissenschafatskommunikation-27-1024x683.jpg\" class=\"attachment-large size-large wp-image-36682\" alt=\"\" srcset=\"https:\/\/stiftung-forum-recht.de\/wp-content\/uploads\/2025\/06\/2026_06_13_Pop-up-Ausstellung_c_scienceintermedia-wissenschafatskommunikation-27-1024x683.jpg 1024w, https:\/\/stiftung-forum-recht.de\/wp-content\/uploads\/2025\/06\/2026_06_13_Pop-up-Ausstellung_c_scienceintermedia-wissenschafatskommunikation-27-300x200.jpg 300w, https:\/\/stiftung-forum-recht.de\/wp-content\/uploads\/2025\/06\/2026_06_13_Pop-up-Ausstellung_c_scienceintermedia-wissenschafatskommunikation-27-768x512.jpg 768w, https:\/\/stiftung-forum-recht.de\/wp-content\/uploads\/2025\/06\/2026_06_13_Pop-up-Ausstellung_c_scienceintermedia-wissenschafatskommunikation-27-1536x1024.jpg 1536w, https:\/\/stiftung-forum-recht.de\/wp-content\/uploads\/2025\/06\/2026_06_13_Pop-up-Ausstellung_c_scienceintermedia-wissenschafatskommunikation-27-2048x1365.jpg 2048w, https:\/\/stiftung-forum-recht.de\/wp-content\/uploads\/2025\/06\/2026_06_13_Pop-up-Ausstellung_c_scienceintermedia-wissenschafatskommunikation-27-18x12.jpg 18w, https:\/\/stiftung-forum-recht.de\/wp-content\/uploads\/2025\/06\/2026_06_13_Pop-up-Ausstellung_c_scienceintermedia-wissenschafatskommunikation-27-930x620.jpg 930w\" sizes=\"(max-width: 1024px) 100vw, 1024px\" \/>\t\t\t\t\t\t\t\t<\/a>\n\t\t\t\t\t\t\t\t\t\t\t<figcaption class=\"widget-image-caption wp-caption-text\">Photo: scienceintermedia \u2013 science communication<\/figcaption>\n\t\t\t\t\t\t\t\t\t\t<\/figure>\n\t\t\t\t\t\t\t\t\t<\/div>\n\t\t\t\t<\/div>\n\t\t\t\t\t<\/div>\n\t\t\t\t<\/div>\n\t\t<div data-particle_enable=\"false\" data-particle-mobile-disabled=\"false\" class=\"elementor-element elementor-element-137775b e-flex e-con-boxed e-con e-parent\" data-id=\"137775b\" data-element_type=\"container\" data-e-type=\"container\">\n\t\t\t\t\t<div class=\"e-con-inner\">\n\t\t<div data-particle_enable=\"false\" data-particle-mobile-disabled=\"false\" class=\"elementor-element elementor-element-29dd86e e-con-full e-flex e-con e-child\" data-id=\"29dd86e\" data-element_type=\"container\" data-e-type=\"container\">\n\t\t\t\t<div class=\"elementor-element elementor-element-22f49b8 elementor-widget elementor-widget-image\" data-id=\"22f49b8\" data-element_type=\"widget\" data-e-type=\"widget\" data-widget_type=\"image.default\">\n\t\t\t\t\t\t\t\t\t\t\t\t<figure class=\"wp-caption\">\n\t\t\t\t\t\t\t\t\t\t\t<a href=\"https:\/\/stiftung-forum-recht.de\/wp-content\/uploads\/2025\/06\/2026_06_13_Pop-up-Ausstellung_c_scienceintermedia-wissenschafatskommunikation-21-scaled.jpg\" data-elementor-open-lightbox=\"yes\" data-elementor-lightbox-title=\"Foto: scienceintermedia \u2013 wissenschaftskommunikation\" data-elementor-lightbox-description=\"Foto: scienceintermedia \u2013 wissenschaftskommunikation\" data-e-action-hash=\"#elementor-action%3Aaction%3Dlightbox%26settings%3DeyJpZCI6MzY4ODcsInVybCI6Imh0dHBzOlwvXC9zdGlmdHVuZy1mb3J1bS1yZWNodC5kZVwvd3AtY29udGVudFwvdXBsb2Fkc1wvMjAyNVwvMDZcLzIwMjZfMDZfMTNfUG9wLXVwLUF1c3N0ZWxsdW5nX2Nfc2NpZW5jZWludGVybWVkaWEtd2lzc2Vuc2NoYWZhdHNrb21tdW5pa2F0aW9uLTIxLXNjYWxlZC5qcGcifQ%3D%3D\">\n\t\t\t\t\t\t\t<img decoding=\"async\" width=\"1024\" height=\"683\" src=\"https:\/\/stiftung-forum-recht.de\/wp-content\/uploads\/2025\/06\/2026_06_13_Pop-up-Ausstellung_c_scienceintermedia-wissenschafatskommunikation-21-1024x683.jpg\" class=\"attachment-large size-large wp-image-36887\" alt=\"Two people are standing in front of a screen at the pop-up exhibition, and\" srcset=\"https:\/\/stiftung-forum-recht.de\/wp-content\/uploads\/2025\/06\/2026_06_13_Pop-up-Ausstellung_c_scienceintermedia-wissenschafatskommunikation-21-1024x683.jpg 1024w, https:\/\/stiftung-forum-recht.de\/wp-content\/uploads\/2025\/06\/2026_06_13_Pop-up-Ausstellung_c_scienceintermedia-wissenschafatskommunikation-21-300x200.jpg 300w, https:\/\/stiftung-forum-recht.de\/wp-content\/uploads\/2025\/06\/2026_06_13_Pop-up-Ausstellung_c_scienceintermedia-wissenschafatskommunikation-21-768x512.jpg 768w, https:\/\/stiftung-forum-recht.de\/wp-content\/uploads\/2025\/06\/2026_06_13_Pop-up-Ausstellung_c_scienceintermedia-wissenschafatskommunikation-21-1536x1024.jpg 1536w, https:\/\/stiftung-forum-recht.de\/wp-content\/uploads\/2025\/06\/2026_06_13_Pop-up-Ausstellung_c_scienceintermedia-wissenschafatskommunikation-21-2048x1365.jpg 2048w, https:\/\/stiftung-forum-recht.de\/wp-content\/uploads\/2025\/06\/2026_06_13_Pop-up-Ausstellung_c_scienceintermedia-wissenschafatskommunikation-21-18x12.jpg 18w, https:\/\/stiftung-forum-recht.de\/wp-content\/uploads\/2025\/06\/2026_06_13_Pop-up-Ausstellung_c_scienceintermedia-wissenschafatskommunikation-21-930x620.jpg 930w\" sizes=\"(max-width: 1024px) 100vw, 1024px\" \/>\t\t\t\t\t\t\t\t<\/a>\n\t\t\t\t\t\t\t\t\t\t\t<figcaption class=\"widget-image-caption wp-caption-text\">Photo: scienceintermedia \u2013 science communication<\/figcaption>\n\t\t\t\t\t\t\t\t\t\t<\/figure>\n\t\t\t\t\t\t\t\t\t<\/div>\n\t\t\t\t<\/div>\n\t\t<div data-particle_enable=\"false\" data-particle-mobile-disabled=\"false\" class=\"elementor-element elementor-element-3c11104 e-con-full e-flex e-con e-child\" data-id=\"3c11104\" data-element_type=\"container\" data-e-type=\"container\">\n\t\t\t\t<div class=\"elementor-element elementor-element-cd4f35a elementor-widget elementor-widget-image\" data-id=\"cd4f35a\" data-element_type=\"widget\" data-e-type=\"widget\" data-widget_type=\"image.default\">\n\t\t\t\t\t\t\t\t\t\t\t\t<figure class=\"wp-caption\">\n\t\t\t\t\t\t\t\t\t\t\t<a href=\"https:\/\/stiftung-forum-recht.de\/wp-content\/uploads\/2025\/06\/2026_06_13_Pop-up-Ausstellung_c_scienceintermedia-wissenschafatskommunikation-16-scaled.jpg\" data-elementor-open-lightbox=\"yes\" data-elementor-lightbox-title=\"Foto: scienceintermedia \u2013 wissenschaftskommunikation\" data-e-action-hash=\"#elementor-action%3Aaction%3Dlightbox%26settings%3DeyJpZCI6MzY2ODEsInVybCI6Imh0dHBzOlwvXC9zdGlmdHVuZy1mb3J1bS1yZWNodC5kZVwvd3AtY29udGVudFwvdXBsb2Fkc1wvMjAyNVwvMDZcLzIwMjZfMDZfMTNfUG9wLXVwLUF1c3N0ZWxsdW5nX2Nfc2NpZW5jZWludGVybWVkaWEtd2lzc2Vuc2NoYWZhdHNrb21tdW5pa2F0aW9uLTE2LXNjYWxlZC5qcGcifQ%3D%3D\">\n\t\t\t\t\t\t\t<img loading=\"lazy\" decoding=\"async\" width=\"1024\" height=\"683\" src=\"https:\/\/stiftung-forum-recht.de\/wp-content\/uploads\/2025\/06\/2026_06_13_Pop-up-Ausstellung_c_scienceintermedia-wissenschafatskommunikation-16-1024x683.jpg\" class=\"attachment-large size-large wp-image-36681\" alt=\"Two people are standing in front of a wall at the pop-up exhibition and interacting with the content\" srcset=\"https:\/\/stiftung-forum-recht.de\/wp-content\/uploads\/2025\/06\/2026_06_13_Pop-up-Ausstellung_c_scienceintermedia-wissenschafatskommunikation-16-1024x683.jpg 1024w, https:\/\/stiftung-forum-recht.de\/wp-content\/uploads\/2025\/06\/2026_06_13_Pop-up-Ausstellung_c_scienceintermedia-wissenschafatskommunikation-16-300x200.jpg 300w, https:\/\/stiftung-forum-recht.de\/wp-content\/uploads\/2025\/06\/2026_06_13_Pop-up-Ausstellung_c_scienceintermedia-wissenschafatskommunikation-16-768x512.jpg 768w, https:\/\/stiftung-forum-recht.de\/wp-content\/uploads\/2025\/06\/2026_06_13_Pop-up-Ausstellung_c_scienceintermedia-wissenschafatskommunikation-16-1536x1024.jpg 1536w, https:\/\/stiftung-forum-recht.de\/wp-content\/uploads\/2025\/06\/2026_06_13_Pop-up-Ausstellung_c_scienceintermedia-wissenschafatskommunikation-16-2048x1365.jpg 2048w, https:\/\/stiftung-forum-recht.de\/wp-content\/uploads\/2025\/06\/2026_06_13_Pop-up-Ausstellung_c_scienceintermedia-wissenschafatskommunikation-16-18x12.jpg 18w, https:\/\/stiftung-forum-recht.de\/wp-content\/uploads\/2025\/06\/2026_06_13_Pop-up-Ausstellung_c_scienceintermedia-wissenschafatskommunikation-16-930x620.jpg 930w\" sizes=\"(max-width: 1024px) 100vw, 1024px\" \/>\t\t\t\t\t\t\t\t<\/a>\n\t\t\t\t\t\t\t\t\t\t\t<figcaption class=\"widget-image-caption wp-caption-text\">Photo: scienceintermedia \u2013 science communication<\/figcaption>\n\t\t\t\t\t\t\t\t\t\t<\/figure>\n\t\t\t\t\t\t\t\t\t<\/div>\n\t\t\t\t<\/div>\n\t\t<div data-particle_enable=\"false\" data-particle-mobile-disabled=\"false\" class=\"elementor-element elementor-element-909adec e-con-full e-flex e-con e-child\" data-id=\"909adec\" data-element_type=\"container\" data-e-type=\"container\">\n\t\t\t\t<div class=\"elementor-element elementor-element-77cb065 elementor-widget elementor-widget-image\" data-id=\"77cb065\" data-element_type=\"widget\" data-e-type=\"widget\" data-widget_type=\"image.default\">\n\t\t\t\t\t\t\t\t\t\t\t\t<figure class=\"wp-caption\">\n\t\t\t\t\t\t\t\t\t\t\t<a href=\"https:\/\/stiftung-forum-recht.de\/wp-content\/uploads\/2025\/06\/2026_06_13_Pop-up-Ausstellung_c_scienceintermedia-wissenschafatskommunikation-28-scaled.jpg\" data-elementor-open-lightbox=\"yes\" data-elementor-lightbox-title=\"Foto: scienceintermedia \u2013 wissenschaftskommunikation\" data-e-action-hash=\"#elementor-action%3Aaction%3Dlightbox%26settings%3DeyJpZCI6MzY4ODgsInVybCI6Imh0dHBzOlwvXC9zdGlmdHVuZy1mb3J1bS1yZWNodC5kZVwvd3AtY29udGVudFwvdXBsb2Fkc1wvMjAyNVwvMDZcLzIwMjZfMDZfMTNfUG9wLXVwLUF1c3N0ZWxsdW5nX2Nfc2NpZW5jZWludGVybWVkaWEtd2lzc2Vuc2NoYWZhdHNrb21tdW5pa2F0aW9uLTI4LXNjYWxlZC5qcGcifQ%3D%3D\">\n\t\t\t\t\t\t\t<img loading=\"lazy\" decoding=\"async\" width=\"1024\" height=\"683\" src=\"https:\/\/stiftung-forum-recht.de\/wp-content\/uploads\/2025\/06\/2026_06_13_Pop-up-Ausstellung_c_scienceintermedia-wissenschafatskommunikation-28-1024x683.jpg\" class=\"attachment-large size-large wp-image-36888\" alt=\"\" srcset=\"https:\/\/stiftung-forum-recht.de\/wp-content\/uploads\/2025\/06\/2026_06_13_Pop-up-Ausstellung_c_scienceintermedia-wissenschafatskommunikation-28-1024x683.jpg 1024w, https:\/\/stiftung-forum-recht.de\/wp-content\/uploads\/2025\/06\/2026_06_13_Pop-up-Ausstellung_c_scienceintermedia-wissenschafatskommunikation-28-300x200.jpg 300w, https:\/\/stiftung-forum-recht.de\/wp-content\/uploads\/2025\/06\/2026_06_13_Pop-up-Ausstellung_c_scienceintermedia-wissenschafatskommunikation-28-768x512.jpg 768w, https:\/\/stiftung-forum-recht.de\/wp-content\/uploads\/2025\/06\/2026_06_13_Pop-up-Ausstellung_c_scienceintermedia-wissenschafatskommunikation-28-1536x1024.jpg 1536w, https:\/\/stiftung-forum-recht.de\/wp-content\/uploads\/2025\/06\/2026_06_13_Pop-up-Ausstellung_c_scienceintermedia-wissenschafatskommunikation-28-2048x1365.jpg 2048w, https:\/\/stiftung-forum-recht.de\/wp-content\/uploads\/2025\/06\/2026_06_13_Pop-up-Ausstellung_c_scienceintermedia-wissenschafatskommunikation-28-18x12.jpg 18w, https:\/\/stiftung-forum-recht.de\/wp-content\/uploads\/2025\/06\/2026_06_13_Pop-up-Ausstellung_c_scienceintermedia-wissenschafatskommunikation-28-930x620.jpg 930w\" sizes=\"(max-width: 1024px) 100vw, 1024px\" \/>\t\t\t\t\t\t\t\t<\/a>\n\t\t\t\t\t\t\t\t\t\t\t<figcaption class=\"widget-image-caption wp-caption-text\">Photo: scienceintermedia \u2013 science communication<\/figcaption>\n\t\t\t\t\t\t\t\t\t\t<\/figure>\n\t\t\t\t\t\t\t\t\t<\/div>\n\t\t\t\t<\/div>\n\t\t\t\t\t<\/div>\n\t\t\t\t<\/div>\n\t\t\t\t<\/div>","protected":false},"excerpt":{"rendered":"<p>Christiane Munsberg will be a guest at the launch of the after-work event \u201eForum Recht im Dialog: Insights with Cord Br\u00fcgmann\u201c on June 18 in Leipzig. Among other topics, the discussion will focus on literature and law as factors contributing to Leipzig\u2019s appeal as a location.<\/p>","protected":false},"author":27,"featured_media":36847,"comment_status":"open","ping_status":"open","sticky":false,"template":"","format":"standard","meta":{"_acf_changed":false,"neve_meta_sidebar":"","neve_meta_container":"","neve_meta_enable_content_width":"","neve_meta_content_width":0,"neve_meta_title_alignment":"","neve_meta_author_avatar":"","neve_post_elements_order":"","neve_meta_disable_header":"","neve_meta_disable_footer":"","neve_meta_disable_title":"","_themeisle_gutenberg_block_has_review":false,"footnotes":""},"categories":[53,129],"tags":[136,90,62,101,23,96],"class_list":["post-36825","post","type-post","status-publish","format-standard","has-post-thumbnail","hentry","category-pressemitteilung","category-129","tag-diskussion","tag-karlsruhe","tag-podcast","tag-rechtsstaat","tag-sfrnews","tag-stadtrundgang"],"acf":[],"yoast_head":"<!-- This site is optimized with the Yoast SEO plugin v28.3 - https:\/\/yoast.com\/product\/yoast-seo-wordpress\/ -->\n<title>Stiftung Forum Recht er\u00f6ffnet erste eigene Ausstellung | Stiftung Forum Recht<\/title>\n<meta name=\"description\" content=\"Die Stiftung Forum Recht l\u00e4dt am Dienstag, 01. Juli 2025 um 11:30 Uhr zur Er\u00f6ffnung der Pop-up-Ausstellung \u201eRecht \u2013 Spielregeln des Alltags\u201c ein. Die Er\u00f6ffnung in der Eingangshalle des Karlsruher Hauptbahnhofs ist zugleich der Auftakt einer Reise quer durch Deutschland f\u00fcr die Ausstellung. An belebten Orten in vielen St\u00e4dten wird Recht sichtbar und l\u00e4dt zum Mitmachen ein.\" \/>\n<meta name=\"robots\" content=\"index, follow, max-snippet:-1, max-image-preview:large, max-video-preview:-1\" \/>\n<link rel=\"canonical\" href=\"https:\/\/stiftung-forum-recht.de\/en\/press-release\/the-forum-recht-foundation-opens-its-first-in-house-exhibition-the-rules-of-the-game-in-everyday-life-at-karlsruhe-central-station\/\" \/>\n<meta property=\"og:locale\" content=\"en_US\" \/>\n<meta property=\"og:type\" content=\"article\" \/>\n<meta property=\"og:title\" content=\"Stiftung Forum Recht er\u00f6ffnet erste eigene Ausstellung | Stiftung Forum Recht\" \/>\n<meta property=\"og:description\" content=\"Die Stiftung Forum Recht l\u00e4dt am Dienstag, 01. Juli 2025 um 11:30 Uhr zur Er\u00f6ffnung der Pop-up-Ausstellung \u201eRecht \u2013 Spielregeln des Alltags\u201c ein. Die Er\u00f6ffnung in der Eingangshalle des Karlsruher Hauptbahnhofs ist zugleich der Auftakt einer Reise quer durch Deutschland f\u00fcr die Ausstellung. An belebten Orten in vielen St\u00e4dten wird Recht sichtbar und l\u00e4dt zum Mitmachen ein.\" \/>\n<meta property=\"og:url\" content=\"https:\/\/stiftung-forum-recht.de\/en\/press-release\/the-forum-recht-foundation-opens-its-first-in-house-exhibition-the-rules-of-the-game-in-everyday-life-at-karlsruhe-central-station\/\" \/>\n<meta property=\"og:site_name\" content=\"Stiftung Forum Recht\" \/>\n<meta property=\"article:published_time\" content=\"2025-06-17T14:58:17+00:00\" \/>\n<meta property=\"article:modified_time\" content=\"2026-01-29T15:07:18+00:00\" \/>\n<meta property=\"og:image\" content=\"https:\/\/stiftung-forum-recht.de\/wp-content\/uploads\/2025\/06\/2026_06_13_Pop-up-Ausstellung_c_scienceintermedia-wissenschafatskommunikation-6-scaled-e1750151730820.png\" \/>\n\t<meta property=\"og:image:width\" content=\"1973\" \/>\n\t<meta property=\"og:image:height\" content=\"1095\" \/>\n\t<meta property=\"og:image:type\" content=\"image\/png\" \/>\n<meta name=\"author\" content=\"Romy Klemm\" \/>\n<meta name=\"twitter:card\" content=\"summary_large_image\" \/>\n<meta name=\"twitter:label1\" content=\"Written by\" \/>\n\t<meta name=\"twitter:data1\" content=\"Romy Klemm\" \/>\n\t<meta name=\"twitter:label2\" content=\"Est. reading time\" \/>\n\t<meta name=\"twitter:data2\" content=\"4 minutes\" \/>\n<!-- \/ Yoast SEO plugin. -->","yoast_head_json":{"title":"Forum Recht Foundation Opens Its First In-House Exhibition | Forum Recht Foundation","description":"The Forum Recht Foundation invites you to the opening of the pop-up exhibition \u201eLaw \u2013 The Rules of Everyday Life\u201c on Tuesday, July 1, 2025, at 11:30 a.m. The opening, held in the entrance hall of Karlsruhe Central Station, also marks the start of the exhibition\u2019s journey across Germany. In bustling locations throughout many cities, the exhibition brings the law to life and invites visitors to participate.","robots":{"index":"index","follow":"follow","max-snippet":"max-snippet:-1","max-image-preview":"max-image-preview:large","max-video-preview":"max-video-preview:-1"},"canonical":"https:\/\/stiftung-forum-recht.de\/en\/press-release\/the-forum-recht-foundation-opens-its-first-in-house-exhibition-the-rules-of-the-game-in-everyday-life-at-karlsruhe-central-station\/","og_locale":"en_US","og_type":"article","og_title":"Stiftung Forum Recht er\u00f6ffnet erste eigene Ausstellung | Stiftung Forum Recht","og_description":"Die Stiftung Forum Recht l\u00e4dt am Dienstag, 01. Juli 2025 um 11:30 Uhr zur Er\u00f6ffnung der Pop-up-Ausstellung \u201eRecht \u2013 Spielregeln des Alltags\u201c ein. Die Er\u00f6ffnung in der Eingangshalle des Karlsruher Hauptbahnhofs ist zugleich der Auftakt einer Reise quer durch Deutschland f\u00fcr die Ausstellung. An belebten Orten in vielen St\u00e4dten wird Recht sichtbar und l\u00e4dt zum Mitmachen ein.","og_url":"https:\/\/stiftung-forum-recht.de\/en\/press-release\/the-forum-recht-foundation-opens-its-first-in-house-exhibition-the-rules-of-the-game-in-everyday-life-at-karlsruhe-central-station\/","og_site_name":"Stiftung Forum Recht","article_published_time":"2025-06-17T14:58:17+00:00","article_modified_time":"2026-01-29T15:07:18+00:00","og_image":[{"width":1973,"height":1095,"url":"https:\/\/stiftung-forum-recht.de\/wp-content\/uploads\/2025\/06\/2026_06_13_Pop-up-Ausstellung_c_scienceintermedia-wissenschafatskommunikation-6-scaled-e1750151730820.png","type":"image\/png"}],"author":"Romy Klemm","twitter_card":"summary_large_image","twitter_misc":{"Written by":"Romy Klemm","Est. reading time":"4 minutes"},"schema":{"@context":"https:\/\/schema.org","@graph":[{"@type":"Article","@id":"https:\/\/stiftung-forum-recht.de\/pressemitteilung\/stiftung-forum-recht-eroeffnet-erste-eigene-ausstellung-recht-spielregeln-des-alltags-im-karlsruher-hauptbahnhof\/#article","isPartOf":{"@id":"https:\/\/stiftung-forum-recht.de\/pressemitteilung\/stiftung-forum-recht-eroeffnet-erste-eigene-ausstellung-recht-spielregeln-des-alltags-im-karlsruher-hauptbahnhof\/"},"author":{"name":"Romy Klemm","@id":"https:\/\/stiftung-forum-recht.de\/#\/schema\/person\/8327c2c51c9bbd54e0e86a3c448bba10"},"headline":"Stiftung Forum Recht er\u00f6ffnet erste eigene Ausstellung","datePublished":"2025-06-17T14:58:17+00:00","dateModified":"2026-01-29T15:07:18+00:00","mainEntityOfPage":{"@id":"https:\/\/stiftung-forum-recht.de\/pressemitteilung\/stiftung-forum-recht-eroeffnet-erste-eigene-ausstellung-recht-spielregeln-des-alltags-im-karlsruher-hauptbahnhof\/"},"wordCount":579,"commentCount":0,"publisher":{"@id":"https:\/\/stiftung-forum-recht.de\/#organization"},"image":{"@id":"https:\/\/stiftung-forum-recht.de\/pressemitteilung\/stiftung-forum-recht-eroeffnet-erste-eigene-ausstellung-recht-spielregeln-des-alltags-im-karlsruher-hauptbahnhof\/#primaryimage"},"thumbnailUrl":"https:\/\/stiftung-forum-recht.de\/wp-content\/uploads\/2025\/06\/2026_06_13_Pop-up-Ausstellung_c_scienceintermedia-wissenschafatskommunikation-6-scaled-e1750151730820.png","keywords":["Diskussion","Karlsruhe","Podcast","Rechtsstaat","SFRNews","Stadtrundgang"],"articleSection":["Pressemitteilungen","Pressemitteilungen 2025"],"inLanguage":"en-US","potentialAction":[{"@type":"CommentAction","name":"Comment","target":["https:\/\/stiftung-forum-recht.de\/pressemitteilung\/stiftung-forum-recht-eroeffnet-erste-eigene-ausstellung-recht-spielregeln-des-alltags-im-karlsruher-hauptbahnhof\/#respond"]}]},{"@type":"WebPage","@id":"https:\/\/stiftung-forum-recht.de\/pressemitteilung\/stiftung-forum-recht-eroeffnet-erste-eigene-ausstellung-recht-spielregeln-des-alltags-im-karlsruher-hauptbahnhof\/","url":"https:\/\/stiftung-forum-recht.de\/pressemitteilung\/stiftung-forum-recht-eroeffnet-erste-eigene-ausstellung-recht-spielregeln-des-alltags-im-karlsruher-hauptbahnhof\/","name":"Forum Recht Foundation Opens Its First In-House Exhibition | Forum Recht Foundation","isPartOf":{"@id":"https:\/\/stiftung-forum-recht.de\/#website"},"primaryImageOfPage":{"@id":"https:\/\/stiftung-forum-recht.de\/pressemitteilung\/stiftung-forum-recht-eroeffnet-erste-eigene-ausstellung-recht-spielregeln-des-alltags-im-karlsruher-hauptbahnhof\/#primaryimage"},"image":{"@id":"https:\/\/stiftung-forum-recht.de\/pressemitteilung\/stiftung-forum-recht-eroeffnet-erste-eigene-ausstellung-recht-spielregeln-des-alltags-im-karlsruher-hauptbahnhof\/#primaryimage"},"thumbnailUrl":"https:\/\/stiftung-forum-recht.de\/wp-content\/uploads\/2025\/06\/2026_06_13_Pop-up-Ausstellung_c_scienceintermedia-wissenschafatskommunikation-6-scaled-e1750151730820.png","datePublished":"2025-06-17T14:58:17+00:00","dateModified":"2026-01-29T15:07:18+00:00","description":"The Forum Recht Foundation invites you to the opening of the pop-up exhibition \u201eLaw \u2013 The Rules of Everyday Life\u201c on Tuesday, July 1, 2025, at 11:30 a.m. The opening, held in the entrance hall of Karlsruhe Central Station, also marks the start of the exhibition\u2019s journey across Germany. In bustling locations throughout many cities, the exhibition brings the law to life and invites visitors to participate.","breadcrumb":{"@id":"https:\/\/stiftung-forum-recht.de\/pressemitteilung\/stiftung-forum-recht-eroeffnet-erste-eigene-ausstellung-recht-spielregeln-des-alltags-im-karlsruher-hauptbahnhof\/#breadcrumb"},"inLanguage":"en-US","potentialAction":[{"@type":"ReadAction","target":["https:\/\/stiftung-forum-recht.de\/pressemitteilung\/stiftung-forum-recht-eroeffnet-erste-eigene-ausstellung-recht-spielregeln-des-alltags-im-karlsruher-hauptbahnhof\/"]}]},{"@type":"ImageObject","inLanguage":"en-US","@id":"https:\/\/stiftung-forum-recht.de\/pressemitteilung\/stiftung-forum-recht-eroeffnet-erste-eigene-ausstellung-recht-spielregeln-des-alltags-im-karlsruher-hauptbahnhof\/#primaryimage","url":"https:\/\/stiftung-forum-recht.de\/wp-content\/uploads\/2025\/06\/2026_06_13_Pop-up-Ausstellung_c_scienceintermedia-wissenschafatskommunikation-6-scaled-e1750151730820.png","contentUrl":"https:\/\/stiftung-forum-recht.de\/wp-content\/uploads\/2025\/06\/2026_06_13_Pop-up-Ausstellung_c_scienceintermedia-wissenschafatskommunikation-6-scaled-e1750151730820.png","width":1973,"height":1095,"caption":"Foto: scienceintermedia \u2013 wissenschaftskommunikation"},{"@type":"BreadcrumbList","@id":"https:\/\/stiftung-forum-recht.de\/pressemitteilung\/stiftung-forum-recht-eroeffnet-erste-eigene-ausstellung-recht-spielregeln-des-alltags-im-karlsruher-hauptbahnhof\/#breadcrumb","itemListElement":[{"@type":"ListItem","position":1,"name":"Startseite","item":"https:\/\/stiftung-forum-recht.de\/"},{"@type":"ListItem","position":2,"name":"Stiftung Forum Recht er\u00f6ffnet erste eigene Ausstellung"}]},{"@type":"WebSite","@id":"https:\/\/stiftung-forum-recht.de\/#website","url":"https:\/\/stiftung-forum-recht.de\/","name":"Stiftung Forum Recht","description":"THE LAW FORUM","publisher":{"@id":"https:\/\/stiftung-forum-recht.de\/#organization"},"potentialAction":[{"@type":"SearchAction","target":{"@type":"EntryPoint","urlTemplate":"https:\/\/stiftung-forum-recht.de\/?s={search_term_string}"},"query-input":{"@type":"PropertyValueSpecification","valueRequired":true,"valueName":"search_term_string"}}],"inLanguage":"en-US"},{"@type":"Organization","@id":"https:\/\/stiftung-forum-recht.de\/#organization","name":"Stiftung Forum Recht","url":"https:\/\/stiftung-forum-recht.de\/","logo":{"@type":"ImageObject","inLanguage":"en-US","@id":"https:\/\/stiftung-forum-recht.de\/#\/schema\/logo\/image\/","url":"https:\/\/stiftung-forum-recht.de\/wp-content\/uploads\/2020\/10\/sfr-logo-2023.png","contentUrl":"https:\/\/stiftung-forum-recht.de\/wp-content\/uploads\/2020\/10\/sfr-logo-2023.png","width":200,"height":200,"caption":"Stiftung Forum Recht"},"image":{"@id":"https:\/\/stiftung-forum-recht.de\/#\/schema\/logo\/image\/"}},{"@type":"Person","@id":"https:\/\/stiftung-forum-recht.de\/#\/schema\/person\/8327c2c51c9bbd54e0e86a3c448bba10","name":"Romy Klemm","image":{"@type":"ImageObject","inLanguage":"en-US","@id":"https:\/\/secure.gravatar.com\/avatar\/7bf650052447ea004daba80791cf7b2155ff501a0e7676347dd4d11b053b8d51?s=96&d=mm&r=g","url":"https:\/\/secure.gravatar.com\/avatar\/7bf650052447ea004daba80791cf7b2155ff501a0e7676347dd4d11b053b8d51?s=96&d=mm&r=g","contentUrl":"https:\/\/secure.gravatar.com\/avatar\/7bf650052447ea004daba80791cf7b2155ff501a0e7676347dd4d11b053b8d51?s=96&d=mm&r=g","caption":"Romy Klemm"},"url":"https:\/\/stiftung-forum-recht.de\/en\/author\/onlineredakteurin\/"}]}},"meta_box":[],"_links":{"self":[{"href":"https:\/\/stiftung-forum-recht.de\/en\/wp-json\/wp\/v2\/posts\/36825","targetHints":{"allow":["GET"]}}],"collection":[{"href":"https:\/\/stiftung-forum-recht.de\/en\/wp-json\/wp\/v2\/posts"}],"about":[{"href":"https:\/\/stiftung-forum-recht.de\/en\/wp-json\/wp\/v2\/types\/post"}],"author":[{"embeddable":true,"href":"https:\/\/stiftung-forum-recht.de\/en\/wp-json\/wp\/v2\/users\/27"}],"replies":[{"embeddable":true,"href":"https:\/\/stiftung-forum-recht.de\/en\/wp-json\/wp\/v2\/comments?post=36825"}],"version-history":[{"count":0,"href":"https:\/\/stiftung-forum-recht.de\/en\/wp-json\/wp\/v2\/posts\/36825\/revisions"}],"wp:featuredmedia":[{"embeddable":true,"href":"https:\/\/stiftung-forum-recht.de\/en\/wp-json\/wp\/v2\/media\/36847"}],"wp:attachment":[{"href":"https:\/\/stiftung-forum-recht.de\/en\/wp-json\/wp\/v2\/media?parent=36825"}],"wp:term":[{"taxonomy":"category","embeddable":true,"href":"https:\/\/stiftung-forum-recht.de\/en\/wp-json\/wp\/v2\/categories?post=36825"},{"taxonomy":"post_tag","embeddable":true,"href":"https:\/\/stiftung-forum-recht.de\/en\/wp-json\/wp\/v2\/tags?post=36825"}],"curies":[{"name":"wp","href":"https:\/\/api.w.org\/{rel}","templated":true}]}}