{"id":36489,"date":"2025-06-12T09:38:14","date_gmt":"2025-06-12T07:38:14","guid":{"rendered":"https:\/\/stiftung-forum-recht.de\/?p=36489"},"modified":"2025-12-22T11:52:49","modified_gmt":"2025-12-22T10:52:49","slug":"experience-understand-and-help-shape-the-law-open-house-at-the-forum-recht-foundation","status":"publish","type":"post","link":"https:\/\/stiftung-forum-recht.de\/en\/pressemitteilung\/recht-erleben-verstehen-und-mitgestalten-tag-der-offenen-tuer-bei-der-stiftung-forum-recht\/","title":{"rendered":"Experience, Understand, and Help Shape the Law: Open House"},"content":{"rendered":"<div data-elementor-type=\"wp-post\" data-elementor-id=\"36489\" class=\"elementor elementor-36489\" data-elementor-post-type=\"post\">\n\t\t\t\t<div data-particle_enable=\"false\" data-particle-mobile-disabled=\"false\" class=\"elementor-element elementor-element-5f87549 slidercontainer e-flex e-con-boxed e-con e-parent\" data-id=\"5f87549\" data-element_type=\"container\" data-e-type=\"container\" data-settings=\"{&quot;shape_divider_bottom&quot;:&quot;tilt&quot;}\">\n\t\t\t\t\t<div class=\"e-con-inner\">\n\t\t\t\t<div class=\"elementor-shape elementor-shape-bottom\" aria-hidden=\"true\" data-negative=\"false\">\n\t\t\t<svg xmlns=\"http:\/\/www.w3.org\/2000\/svg\" viewbox=\"0 0 1000 100\" preserveaspectratio=\"none\">\n\t<path class=\"elementor-shape-fill\" d=\"M0,6V0h1000v100L0,6z\"\/>\n<\/svg>\t\t<\/div>\n\t\t\t\t<div class=\"elementor-element elementor-element-a5698fa elementor-widget elementor-widget-template\" data-id=\"a5698fa\" data-element_type=\"widget\" data-e-type=\"widget\" data-widget_type=\"template.default\">\n\t\t\t\t<div class=\"elementor-widget-container\">\n\t\t\t\t\t\t\t<div class=\"elementor-template\">\n\t\t\t\t\t<div data-elementor-type=\"container\" data-elementor-id=\"15844\" class=\"elementor elementor-15844\" data-elementor-post-type=\"elementor_library\">\n\t\t\t\t<div data-particle_enable=\"false\" data-particle-mobile-disabled=\"false\" class=\"elementor-element elementor-element-9a7825a e-con-full slidercontainer e-transform e-flex e-con e-parent\" data-id=\"9a7825a\" data-element_type=\"container\" data-e-type=\"container\" data-settings=\"{&quot;background_background&quot;:&quot;classic&quot;,&quot;shape_divider_bottom&quot;:&quot;tilt&quot;,&quot;_transform_skewX_effect&quot;:{&quot;unit&quot;:&quot;px&quot;,&quot;size&quot;:&quot;&quot;,&quot;sizes&quot;:[]},&quot;_transform_skewX_effect_widescreen&quot;:{&quot;unit&quot;:&quot;deg&quot;,&quot;size&quot;:&quot;&quot;,&quot;sizes&quot;:[]},&quot;_transform_skewX_effect_laptop&quot;:{&quot;unit&quot;:&quot;deg&quot;,&quot;size&quot;:&quot;&quot;,&quot;sizes&quot;:[]},&quot;_transform_skewX_effect_tablet_extra&quot;:{&quot;unit&quot;:&quot;deg&quot;,&quot;size&quot;:&quot;&quot;,&quot;sizes&quot;:[]},&quot;_transform_skewX_effect_tablet&quot;:{&quot;unit&quot;:&quot;deg&quot;,&quot;size&quot;:&quot;&quot;,&quot;sizes&quot;:[]},&quot;_transform_skewX_effect_mobile&quot;:{&quot;unit&quot;:&quot;deg&quot;,&quot;size&quot;:&quot;&quot;,&quot;sizes&quot;:[]},&quot;_transform_skewY_effect&quot;:{&quot;unit&quot;:&quot;px&quot;,&quot;size&quot;:&quot;&quot;,&quot;sizes&quot;:[]},&quot;_transform_skewY_effect_widescreen&quot;:{&quot;unit&quot;:&quot;deg&quot;,&quot;size&quot;:&quot;&quot;,&quot;sizes&quot;:[]},&quot;_transform_skewY_effect_laptop&quot;:{&quot;unit&quot;:&quot;deg&quot;,&quot;size&quot;:&quot;&quot;,&quot;sizes&quot;:[]},&quot;_transform_skewY_effect_tablet_extra&quot;:{&quot;unit&quot;:&quot;deg&quot;,&quot;size&quot;:&quot;&quot;,&quot;sizes&quot;:[]},&quot;_transform_skewY_effect_tablet&quot;:{&quot;unit&quot;:&quot;deg&quot;,&quot;size&quot;:&quot;&quot;,&quot;sizes&quot;:[]},&quot;_transform_skewY_effect_mobile&quot;:{&quot;unit&quot;:&quot;deg&quot;,&quot;size&quot;:&quot;&quot;,&quot;sizes&quot;:[]}}\">\n\t\t\t\t<div class=\"elementor-shape elementor-shape-bottom\" aria-hidden=\"true\" data-negative=\"false\">\n\t\t\t<svg xmlns=\"http:\/\/www.w3.org\/2000\/svg\" viewbox=\"0 0 1000 100\" preserveaspectratio=\"none\">\n\t<path class=\"elementor-shape-fill\" d=\"M0,6V0h1000v100L0,6z\"\/>\n<\/svg>\t\t<\/div>\n\t\t\t\t<\/div>\n\t\t\t\t<\/div>\n\t\t\t\t<\/div>\n\t\t\t\t\t\t<\/div>\n\t\t\t\t<\/div>\n\t\t\t\t\t<\/div>\n\t\t\t\t<\/div>\n\t\t\t\t<section data-particle_enable=\"false\" data-particle-mobile-disabled=\"false\" class=\"elementor-section elementor-top-section elementor-element elementor-element-e989b8f elementor-section-boxed elementor-section-height-default elementor-section-height-default\" data-id=\"e989b8f\" data-element_type=\"section\" data-e-type=\"section\">\n\t\t\t\t\t\t<div class=\"elementor-container elementor-column-gap-default\">\n\t\t\t\t\t<div class=\"elementor-column elementor-col-100 elementor-top-column elementor-element elementor-element-b133490\" data-id=\"b133490\" data-element_type=\"column\" data-e-type=\"column\">\n\t\t\t<div class=\"elementor-widget-wrap elementor-element-populated\">\n\t\t\t\t\t\t<div class=\"elementor-element elementor-element-7a3a580 elementor-widget elementor-widget-text-editor\" data-id=\"7a3a580\" data-element_type=\"widget\" data-e-type=\"widget\" data-widget_type=\"text-editor.default\">\n\t\t\t\t\t\t\t\t\t<p>June 12, 2025<\/p>\t\t\t\t\t\t\t\t<\/div>\n\t\t\t\t<div class=\"elementor-element elementor-element-4d88bfa elementor-widget__width-initial elementor-widget elementor-widget-text-editor\" data-id=\"4d88bfa\" data-element_type=\"widget\" data-e-type=\"widget\" data-widget_type=\"text-editor.default\">\n\t\t\t\t\t\t\t\t\t<h1>EXPERIENCE, UNDERSTAND, AND HELP SHAPE THE LAW: OPEN HOUSE AT THE FORUM RECHT FOUNDATION<\/h1>\t\t\t\t\t\t\t\t<\/div>\n\t\t\t\t\t<\/div>\n\t\t<\/div>\n\t\t\t\t\t<\/div>\n\t\t<\/section>\n\t\t\t\t<section data-particle_enable=\"false\" data-particle-mobile-disabled=\"false\" class=\"elementor-section elementor-top-section elementor-element elementor-element-6fb6a53 elementor-section-boxed elementor-section-height-default elementor-section-height-default\" data-id=\"6fb6a53\" data-element_type=\"section\" data-e-type=\"section\">\n\t\t\t\t\t\t<div class=\"elementor-container elementor-column-gap-default\">\n\t\t\t\t\t<div class=\"elementor-column elementor-col-100 elementor-top-column elementor-element elementor-element-7acdbb9\" data-id=\"7acdbb9\" data-element_type=\"column\" data-e-type=\"column\">\n\t\t\t<div class=\"elementor-widget-wrap elementor-element-populated\">\n\t\t\t\t\t\t<div class=\"elementor-element elementor-element-1d86a68 elementor-widget elementor-widget-text-editor\" data-id=\"1d86a68\" data-element_type=\"widget\" data-e-type=\"widget\" data-widget_type=\"text-editor.default\">\n\t\t\t\t\t\t\t\t\t<p><strong>The Forum Recht Foundation cordially invites you to its Karlsruhe offices on Saturday, June 28, 2025, starting at 11:00 a.m. With a varied program, the Forum Recht Foundation offers all interested visitors the opportunity to learn more about its offerings, meet the team in person, and get a sneak peek at the foundation\u2019s first pop-up exhibition even before its official opening.\u00a0 <\/strong><\/p><p><strong>Karlsruhe. <\/strong>There's plenty to discover behind the foundation's doors. That's why visitors can enjoy a <strong>Tour<\/strong> tour the facilities to learn about the work of the Forum Recht Foundation and talk with team members. There will be a short version of the popular <strong>Give a city tour<\/strong>, which runs along Herrenstra\u00dfe to the Federal Court of Justice. There\u2019s also a creative <strong>Activities for Children<\/strong>, a<strong> an intriguing legal case<\/strong> Guess along and listen to podcasts. On this day, anyone interested can also join the <strong>Construction Projects of the Forum Recht Foundation<\/strong> learn more and also have the opportunity to learn about the work of the Forum Recht support association. The <strong>Holger Siegmund-Schultze, President of Karlsruher SC<\/strong>, will be a guest. \u201eThe rules of the game in sports and the laws of a constitutional state both have the same goal: justice and fairness,\u201c says the president of Karlsruher SC, discussing the similarities between the rules of the game in sports and the law.<\/p><p>In front of the building on Karlstra\u00dfe, the new <strong>Pop-up Exhibition<\/strong> can be seen before it officially opens on Tuesday, July 1, at Karlsruhe Central Station. Under the title <strong>\u201eLaw <\/strong>- <strong>\u201cThe Rules of Everyday Life\"<\/strong> explores these central questions about the law: Where do we encounter it in our daily lives? How does the law shape our lives\u2014and who has what kind of experiences with it? Guided tours invite visitors to explore the interactive exhibition.<\/p><p><strong>The program concludes with the following event from 6:30 p.m. to 8:00 p.m.: <a href=\"https:\/\/stiftung-forum-recht.de\/kalender\/quizabend-zum-tag-der-offenen-tuer-in-der-stiftung-forum-recht-in-karlsruhe\/\" target=\"_blank\" rel=\"noopener\">Quiz Night<\/a> \u201ePretty Good Guess\u2014The Quiz on Law &amp; Justice,\u201c featuring questions about the law and the rule of law, law in pop culture, the history of Karlsruhe, and more.<\/strong><\/p>\t\t\t\t\t\t\t\t<\/div>\n\t\t\t\t\t<\/div>\n\t\t<\/div>\n\t\t\t\t\t<\/div>\n\t\t<\/section>\n\t\t<div data-particle_enable=\"false\" data-particle-mobile-disabled=\"false\" class=\"elementor-element elementor-element-5977b27 e-flex e-con-boxed e-con e-parent\" data-id=\"5977b27\" data-element_type=\"container\" data-e-type=\"container\">\n\t\t\t\t\t<div class=\"e-con-inner\">\n\t\t\t\t<div class=\"elementor-element elementor-element-a29a2e9 elementor-widget elementor-widget-heading\" data-id=\"a29a2e9\" data-element_type=\"widget\" data-e-type=\"widget\" data-widget_type=\"heading.default\">\n\t\t\t\t\t<h2 class=\"elementor-heading-title elementor-size-default\">Info at a glance<\/h2>\t\t\t\t<\/div>\n\t\t\t\t<div class=\"elementor-element elementor-element-da00c0a elementor-widget elementor-widget-text-editor\" data-id=\"da00c0a\" data-element_type=\"widget\" data-e-type=\"widget\" data-widget_type=\"text-editor.default\">\n\t\t\t\t\t\t\t\t\t<p><strong>Saturday, June 28, 2025, 11:00 a.m. to 8:00 p.m.<\/strong> <br \/>at the Forum Recht Foundation, Karlstra\u00dfe 45A, 76133 Karlsruhe<br \/>The event is free of charge. Registration is not required.<\/p><p><strong>PROGRAM<\/strong><\/p><p>11:30 a.m. Exhibition tour: \u201eLaw\u2014The Rules of Everyday Life\u201c<\/p><p>12:30 p.m.: Guided tour of the Forum Recht Foundation's facilities with team members<\/p><p>1:00 p.m. Short version of the city walking tour \u201eQuite Urban! \u2013 A Walking Tour of Karlsruhe\u201c<\/p><p>2:00 p.m. \u201cLaw in Dialogue\u201d Forum: Dr. Cord Br\u00fcgmann in conversation with KSC President Holger Siegmund-Schultze about the rules of the game in law and soccer<\/p><p>2:30 p.m. Exhibition tour: \u201eLaw\u2014The Rules of Everyday Life\u201c<\/p><p>3:00 p.m.: Guided tour of the Forum Recht Foundation's facilities<\/p><p>3:30 p.m. Presentation of the construction projects<\/p><p>4:00 p.m. Guided tour of the exhibition \u201eLaw\u2014The Rules of Everyday Life\u201c<\/p><p>4:30 p.m. Short version of the city tour \u201eQuite Urban! A Tour of Karlsruhe\u201c<\/p><p>5:00 p.m. \u2013 6:00 p.m.<strong> PAUSE<\/strong><\/p><p>6:30\u20138:00 p.m. Quiz Night (Doors open at 6:00 p.m.), <a href=\"https:\/\/stiftung-forum-recht.de\/news\/quizabend-rund-um-recht-und-gesetz\/\">Register by June 25, 2025, using the registration form!<\/a><\/p>\t\t\t\t\t\t\t\t<\/div>\n\t\t\t\t\t<\/div>\n\t\t\t\t<\/div>\n\t\t<div data-particle_enable=\"false\" data-particle-mobile-disabled=\"false\" class=\"elementor-element elementor-element-823c46a e-flex e-con-boxed e-con e-parent\" data-id=\"823c46a\" data-element_type=\"container\" data-e-type=\"container\">\n\t\t\t\t\t<div class=\"e-con-inner\">\n\t\t<div data-particle_enable=\"false\" data-particle-mobile-disabled=\"false\" class=\"elementor-element elementor-element-e628752 e-con-full e-flex e-con e-child\" data-id=\"e628752\" data-element_type=\"container\" data-e-type=\"container\">\n\t\t\t\t<div class=\"elementor-element elementor-element-a1febca elementor-widget-widescreen__width-initial elementor-widget elementor-widget-text-editor\" data-id=\"a1febca\" data-element_type=\"widget\" data-e-type=\"widget\" data-widget_type=\"text-editor.default\">\n\t\t\t\t\t\t\t\t\t<p><strong>Press contact<br \/><\/strong><\/p><div class=\"elementor-column elementor-col-50 elementor-inner-column elementor-element elementor-element-43f34c5\" data-id=\"43f34c5\" data-element_type=\"column\"><div class=\"elementor-widget-wrap elementor-element-populated\"><div class=\"elementor-element elementor-element-931e011 elementor-widget elementor-widget-text-editor\" data-id=\"931e011\" data-element_type=\"widget\" data-widget_type=\"text-editor.default\"><div class=\"elementor-widget-container\"><p><strong>Stiftung Forum Recht<\/strong><br \/>Linda Roth<br \/>+49 155 66967320<br \/>presse@stiftung-forum-recht.de<\/p><\/div><\/div><\/div><\/div>\t\t\t\t\t\t\t\t<\/div>\n\t\t\t\t<\/div>\n\t\t<div data-particle_enable=\"false\" data-particle-mobile-disabled=\"false\" class=\"elementor-element elementor-element-0a5453c e-con-full e-flex e-con e-child\" data-id=\"0a5453c\" data-element_type=\"container\" data-e-type=\"container\">\n\t\t\t\t<div class=\"elementor-element elementor-element-53e1c1c elementor-widget elementor-widget-button\" data-id=\"53e1c1c\" data-element_type=\"widget\" data-e-type=\"widget\" data-widget_type=\"button.default\">\n\t\t\t\t\t\t\t\t\t\t<a class=\"elementor-button elementor-button-link elementor-size-md\" href=\"https:\/\/stiftung-forum-recht.de\/wp-content\/uploads\/2025\/06\/2025_06_12_PM_Tag-der-offenen-Tuer_Stiftung-Forum-Recht_Karlsruhe.pdf\" target=\"_blank\">\n\t\t\t\t\t\t<span class=\"elementor-button-content-wrapper\">\n\t\t\t\t\t\t\t\t\t<span class=\"elementor-button-text\">Download press release as PDF<\/span>\n\t\t\t\t\t<\/span>\n\t\t\t\t\t<\/a>\n\t\t\t\t\t\t\t\t<\/div>\n\t\t\t\t<\/div>\n\t\t\t\t\t<\/div>\n\t\t\t\t<\/div>\n\t\t<div data-particle_enable=\"false\" data-particle-mobile-disabled=\"false\" class=\"elementor-element elementor-element-396f98b e-flex e-con-boxed e-con e-parent\" data-id=\"396f98b\" data-element_type=\"container\" data-e-type=\"container\">\n\t\t\t\t\t<div class=\"e-con-inner\">\n\t\t\t\t<div class=\"elementor-element elementor-element-a2934c4 elementor-widget elementor-widget-heading\" data-id=\"a2934c4\" data-element_type=\"widget\" data-e-type=\"widget\" data-widget_type=\"heading.default\">\n\t\t\t\t\t<h2 class=\"elementor-heading-title elementor-size-default\">Image material<\/h2>\t\t\t\t<\/div>\n\t\t\t\t<div class=\"elementor-element elementor-element-8590954 elementor-widget elementor-widget-text-editor\" data-id=\"8590954\" data-element_type=\"widget\" data-e-type=\"widget\" data-widget_type=\"text-editor.default\">\n\t\t\t\t\t\t\t\t\t<p>The press photos can be downloaded here and used free of charge for editorial purposes in connection with the Stiftung Forum Recht, provided the copyright is stated.<\/p>\t\t\t\t\t\t\t\t<\/div>\n\t\t\t\t\t<\/div>\n\t\t\t\t<\/div>\n\t\t<div data-particle_enable=\"false\" data-particle-mobile-disabled=\"false\" class=\"elementor-element elementor-element-0de480d e-flex e-con-boxed e-con e-parent\" data-id=\"0de480d\" data-element_type=\"container\" data-e-type=\"container\">\n\t\t\t\t\t<div class=\"e-con-inner\">\n\t\t<div data-particle_enable=\"false\" data-particle-mobile-disabled=\"false\" class=\"elementor-element elementor-element-348ba80 e-con-full e-flex e-con e-child\" data-id=\"348ba80\" data-element_type=\"container\" data-e-type=\"container\">\n\t\t\t\t<div class=\"elementor-element elementor-element-672efa3 elementor-widget elementor-widget-image\" data-id=\"672efa3\" data-element_type=\"widget\" data-e-type=\"widget\" data-widget_type=\"image.default\">\n\t\t\t\t\t\t\t\t\t\t\t\t<figure class=\"wp-caption\">\n\t\t\t\t\t\t\t\t\t\t\t<a href=\"https:\/\/stiftung-forum-recht.de\/wp-content\/uploads\/2025\/02\/2025_02_12_LetsTalkAboutRecht_InkenGallner_Foto_Damian_Domes_SFR_lq-34.jpg\" data-elementor-open-lightbox=\"yes\" data-elementor-lightbox-title=\"Let`s Talk About Recht in Karlsruhe\" data-elementor-lightbox-description=\"LTAR #1 in Karlsruhe Fotos: Damian Domes \" data-e-action-hash=\"#elementor-action%3Aaction%3Dlightbox%26settings%3DeyJpZCI6MzI1MzcsInVybCI6Imh0dHBzOlwvXC9zdGlmdHVuZy1mb3J1bS1yZWNodC5kZVwvd3AtY29udGVudFwvdXBsb2Fkc1wvMjAyNVwvMDJcLzIwMjVfMDJfMTJfTGV0c1RhbGtBYm91dFJlY2h0X0lua2VuR2FsbG5lcl9Gb3RvX0RhbWlhbl9Eb21lc19TRlJfbHEtMzQuanBnIn0%3D\">\n\t\t\t\t\t\t\t<img fetchpriority=\"high\" decoding=\"async\" width=\"1024\" height=\"681\" src=\"https:\/\/stiftung-forum-recht.de\/wp-content\/uploads\/2025\/02\/2025_02_12_LetsTalkAboutRecht_InkenGallner_Foto_Damian_Domes_SFR_lq-34-1024x681.jpg\" class=\"attachment-large size-large wp-image-32537\" alt=\"Audience from the front\" srcset=\"https:\/\/stiftung-forum-recht.de\/wp-content\/uploads\/2025\/02\/2025_02_12_LetsTalkAboutRecht_InkenGallner_Foto_Damian_Domes_SFR_lq-34-1024x681.jpg 1024w, https:\/\/stiftung-forum-recht.de\/wp-content\/uploads\/2025\/02\/2025_02_12_LetsTalkAboutRecht_InkenGallner_Foto_Damian_Domes_SFR_lq-34-300x200.jpg 300w, https:\/\/stiftung-forum-recht.de\/wp-content\/uploads\/2025\/02\/2025_02_12_LetsTalkAboutRecht_InkenGallner_Foto_Damian_Domes_SFR_lq-34-768x511.jpg 768w, https:\/\/stiftung-forum-recht.de\/wp-content\/uploads\/2025\/02\/2025_02_12_LetsTalkAboutRecht_InkenGallner_Foto_Damian_Domes_SFR_lq-34-1536x1022.jpg 1536w, https:\/\/stiftung-forum-recht.de\/wp-content\/uploads\/2025\/02\/2025_02_12_LetsTalkAboutRecht_InkenGallner_Foto_Damian_Domes_SFR_lq-34-18x12.jpg 18w, https:\/\/stiftung-forum-recht.de\/wp-content\/uploads\/2025\/02\/2025_02_12_LetsTalkAboutRecht_InkenGallner_Foto_Damian_Domes_SFR_lq-34.jpg 1980w\" sizes=\"(max-width: 1024px) 100vw, 1024px\" \/>\t\t\t\t\t\t\t\t<\/a>\n\t\t\t\t\t\t\t\t\t\t\t<figcaption class=\"widget-image-caption wp-caption-text\">Photo: Felix Gr\u00fcnschloss<\/figcaption>\n\t\t\t\t\t\t\t\t\t\t<\/figure>\n\t\t\t\t\t\t\t\t\t<\/div>\n\t\t\t\t<\/div>\n\t\t<div data-particle_enable=\"false\" data-particle-mobile-disabled=\"false\" class=\"elementor-element elementor-element-7cb9361 e-con-full e-flex e-con e-child\" data-id=\"7cb9361\" data-element_type=\"container\" data-e-type=\"container\">\n\t\t\t\t<div class=\"elementor-element elementor-element-6adc387 elementor-widget elementor-widget-image\" data-id=\"6adc387\" data-element_type=\"widget\" data-e-type=\"widget\" data-widget_type=\"image.default\">\n\t\t\t\t\t\t\t\t\t\t\t\t<figure class=\"wp-caption\">\n\t\t\t\t\t\t\t\t\t\t\t<a href=\"https:\/\/stiftung-forum-recht.de\/wp-content\/uploads\/2024\/11\/2023_06_01_Workshop_StiftungForumRecht_-Foto_IonaDutz-0118-scaled.jpg\" data-elementor-open-lightbox=\"yes\" data-elementor-lightbox-title=\"Workshop: Stiftung Forum Recht Leipzig\" data-elementor-lightbox-description=\"Workshop des Vermittlungsbereichs in Leipzig \" data-e-action-hash=\"#elementor-action%3Aaction%3Dlightbox%26settings%3DeyJpZCI6MjgxNjIsInVybCI6Imh0dHBzOlwvXC9zdGlmdHVuZy1mb3J1bS1yZWNodC5kZVwvd3AtY29udGVudFwvdXBsb2Fkc1wvMjAyNFwvMTFcLzIwMjNfMDZfMDFfV29ya3Nob3BfU3RpZnR1bmdGb3J1bVJlY2h0Xy1Gb3RvX0lvbmFEdXR6LTAxMTgtc2NhbGVkLmpwZyJ9\">\n\t\t\t\t\t\t\t<img decoding=\"async\" width=\"1024\" height=\"768\" src=\"https:\/\/stiftung-forum-recht.de\/wp-content\/uploads\/2024\/11\/2023_06_01_Workshop_StiftungForumRecht_-Foto_IonaDutz-0118-1024x768.jpg\" class=\"attachment-large size-large wp-image-28162\" alt=\"Several people are sitting in a circle of chairs. There are several photos on the floor in the middle. One person stands in the middle and distributes more photos.\" srcset=\"https:\/\/stiftung-forum-recht.de\/wp-content\/uploads\/2024\/11\/2023_06_01_Workshop_StiftungForumRecht_-Foto_IonaDutz-0118-1024x768.jpg 1024w, https:\/\/stiftung-forum-recht.de\/wp-content\/uploads\/2024\/11\/2023_06_01_Workshop_StiftungForumRecht_-Foto_IonaDutz-0118-300x225.jpg 300w, https:\/\/stiftung-forum-recht.de\/wp-content\/uploads\/2024\/11\/2023_06_01_Workshop_StiftungForumRecht_-Foto_IonaDutz-0118-768x576.jpg 768w, https:\/\/stiftung-forum-recht.de\/wp-content\/uploads\/2024\/11\/2023_06_01_Workshop_StiftungForumRecht_-Foto_IonaDutz-0118-1536x1152.jpg 1536w, https:\/\/stiftung-forum-recht.de\/wp-content\/uploads\/2024\/11\/2023_06_01_Workshop_StiftungForumRecht_-Foto_IonaDutz-0118-2048x1536.jpg 2048w, https:\/\/stiftung-forum-recht.de\/wp-content\/uploads\/2024\/11\/2023_06_01_Workshop_StiftungForumRecht_-Foto_IonaDutz-0118-16x12.jpg 16w\" sizes=\"(max-width: 1024px) 100vw, 1024px\" \/>\t\t\t\t\t\t\t\t<\/a>\n\t\t\t\t\t\t\t\t\t\t\t<figcaption class=\"widget-image-caption wp-caption-text\">Photo: Iona Dutz<\/figcaption>\n\t\t\t\t\t\t\t\t\t\t<\/figure>\n\t\t\t\t\t\t\t\t\t<\/div>\n\t\t\t\t<\/div>\n\t\t<div data-particle_enable=\"false\" data-particle-mobile-disabled=\"false\" class=\"elementor-element elementor-element-445768f e-con-full e-flex e-con e-child\" data-id=\"445768f\" data-element_type=\"container\" data-e-type=\"container\">\n\t\t\t\t<div class=\"elementor-element elementor-element-1460a85 elementor-widget elementor-widget-image\" data-id=\"1460a85\" data-element_type=\"widget\" data-e-type=\"widget\" data-widget_type=\"image.default\">\n\t\t\t\t\t\t\t\t\t\t\t\t<figure class=\"wp-caption\">\n\t\t\t\t\t\t\t\t\t\t\t<a href=\"https:\/\/stiftung-forum-recht.de\/wp-content\/uploads\/2024\/11\/V5A9107-scaled.jpg\" data-elementor-open-lightbox=\"yes\" data-elementor-lightbox-title=\"Junges Forum Recht 2022\" data-elementor-lightbox-description=\"SFR Junges Forum Recht 2022\" data-e-action-hash=\"#elementor-action%3Aaction%3Dlightbox%26settings%3DeyJpZCI6Mjg4MDksInVybCI6Imh0dHBzOlwvXC9zdGlmdHVuZy1mb3J1bS1yZWNodC5kZVwvd3AtY29udGVudFwvdXBsb2Fkc1wvMjAyNFwvMTFcL1Y1QTkxMDctc2NhbGVkLmpwZyJ9\">\n\t\t\t\t\t\t\t<img decoding=\"async\" width=\"1024\" height=\"683\" src=\"https:\/\/stiftung-forum-recht.de\/wp-content\/uploads\/2024\/11\/V5A9107-1024x683.jpg\" class=\"attachment-large size-large wp-image-28809\" alt=\"Teenagers speak in front of an audience at the Forum Recht Foundation in Karlsruhe.\" srcset=\"https:\/\/stiftung-forum-recht.de\/wp-content\/uploads\/2024\/11\/V5A9107-1024x683.jpg 1024w, https:\/\/stiftung-forum-recht.de\/wp-content\/uploads\/2024\/11\/V5A9107-300x200.jpg 300w, https:\/\/stiftung-forum-recht.de\/wp-content\/uploads\/2024\/11\/V5A9107-768x512.jpg 768w, https:\/\/stiftung-forum-recht.de\/wp-content\/uploads\/2024\/11\/V5A9107-1536x1025.jpg 1536w, https:\/\/stiftung-forum-recht.de\/wp-content\/uploads\/2024\/11\/V5A9107-2048x1366.jpg 2048w, https:\/\/stiftung-forum-recht.de\/wp-content\/uploads\/2024\/11\/V5A9107-18x12.jpg 18w, https:\/\/stiftung-forum-recht.de\/wp-content\/uploads\/2024\/11\/V5A9107-930x620.jpg 930w\" sizes=\"(max-width: 1024px) 100vw, 1024px\" \/>\t\t\t\t\t\t\t\t<\/a>\n\t\t\t\t\t\t\t\t\t\t\t<figcaption class=\"widget-image-caption wp-caption-text\">Photo: Felix Gr\u00fcnschloss<\/figcaption>\n\t\t\t\t\t\t\t\t\t\t<\/figure>\n\t\t\t\t\t\t\t\t\t<\/div>\n\t\t\t\t<\/div>\n\t\t\t\t\t<\/div>\n\t\t\t\t<\/div>\n\t\t\t\t<\/div>","protected":false},"excerpt":{"rendered":"<p>The Forum Recht Foundation invites you to its Karlsruhe offices on Saturday, June 28, 2025, starting at 11:00 a.m. With a varied program, the Forum Recht Foundation offers anyone interested the opportunity to learn more about its services on this day.<\/p>","protected":false},"author":27,"featured_media":21332,"comment_status":"open","ping_status":"open","sticky":false,"template":"","format":"standard","meta":{"_acf_changed":false,"neve_meta_sidebar":"","neve_meta_container":"","neve_meta_enable_content_width":"","neve_meta_content_width":0,"neve_meta_title_alignment":"","neve_meta_author_avatar":"","neve_post_elements_order":"","neve_meta_disable_header":"","neve_meta_disable_footer":"","neve_meta_disable_title":"","_themeisle_gutenberg_block_has_review":false,"footnotes":""},"categories":[8,53,129],"tags":[136,90,62,101,23,96],"class_list":["post-36489","post","type-post","status-publish","format-standard","has-post-thumbnail","hentry","category-news","category-pressemitteilung","category-129","tag-diskussion","tag-karlsruhe","tag-podcast","tag-rechtsstaat","tag-sfrnews","tag-stadtrundgang"],"acf":[],"yoast_head":"<!-- This site is optimized with the Yoast SEO plugin v28.3 - https:\/\/yoast.com\/product\/yoast-seo-wordpress\/ -->\n<title>Recht erleben, verstehen und mitgestalten: Tag der offenen T\u00fcr | Stiftung Forum Recht<\/title>\n<meta name=\"description\" content=\"Die Stiftung Forum Recht l\u00e4dt am Samstag, 28. Juni 2025 ab 11:00 Uhr herzlich in ihre Karlsruher R\u00e4umlichkeiten ein.\" \/>\n<meta name=\"robots\" content=\"index, follow, max-snippet:-1, max-image-preview:large, max-video-preview:-1\" \/>\n<link rel=\"canonical\" href=\"https:\/\/stiftung-forum-recht.de\/en\/press-release\/experience-understand-and-help-shape-the-law-open-house-at-the-forum-recht-foundation\/\" \/>\n<meta property=\"og:locale\" content=\"en_US\" \/>\n<meta property=\"og:type\" content=\"article\" \/>\n<meta property=\"og:title\" content=\"Recht erleben, verstehen und mitgestalten: Tag der offenen T\u00fcr | Stiftung Forum Recht\" \/>\n<meta property=\"og:description\" content=\"Die Stiftung Forum Recht l\u00e4dt am Samstag, 28. Juni 2025 ab 11:00 Uhr herzlich in ihre Karlsruher R\u00e4umlichkeiten ein.\" \/>\n<meta property=\"og:url\" content=\"https:\/\/stiftung-forum-recht.de\/en\/press-release\/experience-understand-and-help-shape-the-law-open-house-at-the-forum-recht-foundation\/\" \/>\n<meta property=\"og:site_name\" content=\"Stiftung Forum Recht\" \/>\n<meta property=\"article:published_time\" content=\"2025-06-12T07:38:14+00:00\" \/>\n<meta property=\"article:modified_time\" content=\"2025-12-22T10:52:49+00:00\" \/>\n<meta property=\"og:image\" content=\"https:\/\/stiftung-forum-recht.de\/wp-content\/uploads\/2024\/02\/2022_03_28_Stiftung_Forum_Recht_Felix_Gruenschloss_lq_K3A9562-scaled.jpg\" \/>\n\t<meta property=\"og:image:width\" content=\"2560\" \/>\n\t<meta property=\"og:image:height\" content=\"1708\" \/>\n\t<meta property=\"og:image:type\" content=\"image\/jpeg\" \/>\n<meta name=\"author\" content=\"Romy Klemm\" \/>\n<meta name=\"twitter:card\" content=\"summary_large_image\" \/>\n<meta name=\"twitter:label1\" content=\"Written by\" \/>\n\t<meta name=\"twitter:data1\" content=\"Romy Klemm\" \/>\n\t<meta name=\"twitter:label2\" content=\"Est. reading time\" \/>\n\t<meta name=\"twitter:data2\" content=\"4 minutes\" \/>\n<!-- \/ Yoast SEO plugin. -->","yoast_head_json":{"title":"Experience, Understand, and Help Shape the Law: Open House | Forum Recht Foundation","description":"The Forum Recht Foundation cordially invites you to its Karlsruhe offices on Saturday, June 28, 2025, starting at 11:00 a.m.","robots":{"index":"index","follow":"follow","max-snippet":"max-snippet:-1","max-image-preview":"max-image-preview:large","max-video-preview":"max-video-preview:-1"},"canonical":"https:\/\/stiftung-forum-recht.de\/en\/press-release\/experience-understand-and-help-shape-the-law-open-house-at-the-forum-recht-foundation\/","og_locale":"en_US","og_type":"article","og_title":"Recht erleben, verstehen und mitgestalten: Tag der offenen T\u00fcr | Stiftung Forum Recht","og_description":"Die Stiftung Forum Recht l\u00e4dt am Samstag, 28. Juni 2025 ab 11:00 Uhr herzlich in ihre Karlsruher R\u00e4umlichkeiten ein.","og_url":"https:\/\/stiftung-forum-recht.de\/en\/press-release\/experience-understand-and-help-shape-the-law-open-house-at-the-forum-recht-foundation\/","og_site_name":"Stiftung Forum Recht","article_published_time":"2025-06-12T07:38:14+00:00","article_modified_time":"2025-12-22T10:52:49+00:00","og_image":[{"width":2560,"height":1708,"url":"https:\/\/stiftung-forum-recht.de\/wp-content\/uploads\/2024\/02\/2022_03_28_Stiftung_Forum_Recht_Felix_Gruenschloss_lq_K3A9562-scaled.jpg","type":"image\/jpeg"}],"author":"Romy Klemm","twitter_card":"summary_large_image","twitter_misc":{"Written by":"Romy Klemm","Est. reading time":"4 minutes"},"schema":{"@context":"https:\/\/schema.org","@graph":[{"@type":"Article","@id":"https:\/\/stiftung-forum-recht.de\/pressemitteilung\/recht-erleben-verstehen-und-mitgestalten-tag-der-offenen-tuer-bei-der-stiftung-forum-recht\/#article","isPartOf":{"@id":"https:\/\/stiftung-forum-recht.de\/pressemitteilung\/recht-erleben-verstehen-und-mitgestalten-tag-der-offenen-tuer-bei-der-stiftung-forum-recht\/"},"author":{"name":"Romy Klemm","@id":"https:\/\/stiftung-forum-recht.de\/#\/schema\/person\/8327c2c51c9bbd54e0e86a3c448bba10"},"headline":"Recht erleben, verstehen und mitgestalten: Tag der offenen T\u00fcr","datePublished":"2025-06-12T07:38:14+00:00","dateModified":"2025-12-22T10:52:49+00:00","mainEntityOfPage":{"@id":"https:\/\/stiftung-forum-recht.de\/pressemitteilung\/recht-erleben-verstehen-und-mitgestalten-tag-der-offenen-tuer-bei-der-stiftung-forum-recht\/"},"wordCount":537,"commentCount":0,"publisher":{"@id":"https:\/\/stiftung-forum-recht.de\/#organization"},"image":{"@id":"https:\/\/stiftung-forum-recht.de\/pressemitteilung\/recht-erleben-verstehen-und-mitgestalten-tag-der-offenen-tuer-bei-der-stiftung-forum-recht\/#primaryimage"},"thumbnailUrl":"https:\/\/stiftung-forum-recht.de\/wp-content\/uploads\/2024\/02\/2022_03_28_Stiftung_Forum_Recht_Felix_Gruenschloss_lq_K3A9562-scaled.jpg","keywords":["Diskussion","Karlsruhe","Podcast","Rechtsstaat","SFRNews","Stadtrundgang"],"articleSection":["News","Pressemitteilungen","Pressemitteilungen 2025"],"inLanguage":"en-US","potentialAction":[{"@type":"CommentAction","name":"Comment","target":["https:\/\/stiftung-forum-recht.de\/pressemitteilung\/recht-erleben-verstehen-und-mitgestalten-tag-der-offenen-tuer-bei-der-stiftung-forum-recht\/#respond"]}]},{"@type":"WebPage","@id":"https:\/\/stiftung-forum-recht.de\/pressemitteilung\/recht-erleben-verstehen-und-mitgestalten-tag-der-offenen-tuer-bei-der-stiftung-forum-recht\/","url":"https:\/\/stiftung-forum-recht.de\/pressemitteilung\/recht-erleben-verstehen-und-mitgestalten-tag-der-offenen-tuer-bei-der-stiftung-forum-recht\/","name":"Experience, Understand, and Help Shape the Law: Open House | Forum Recht Foundation","isPartOf":{"@id":"https:\/\/stiftung-forum-recht.de\/#website"},"primaryImageOfPage":{"@id":"https:\/\/stiftung-forum-recht.de\/pressemitteilung\/recht-erleben-verstehen-und-mitgestalten-tag-der-offenen-tuer-bei-der-stiftung-forum-recht\/#primaryimage"},"image":{"@id":"https:\/\/stiftung-forum-recht.de\/pressemitteilung\/recht-erleben-verstehen-und-mitgestalten-tag-der-offenen-tuer-bei-der-stiftung-forum-recht\/#primaryimage"},"thumbnailUrl":"https:\/\/stiftung-forum-recht.de\/wp-content\/uploads\/2024\/02\/2022_03_28_Stiftung_Forum_Recht_Felix_Gruenschloss_lq_K3A9562-scaled.jpg","datePublished":"2025-06-12T07:38:14+00:00","dateModified":"2025-12-22T10:52:49+00:00","description":"The Forum Recht Foundation cordially invites you to its Karlsruhe offices on Saturday, June 28, 2025, starting at 11:00 a.m.","breadcrumb":{"@id":"https:\/\/stiftung-forum-recht.de\/pressemitteilung\/recht-erleben-verstehen-und-mitgestalten-tag-der-offenen-tuer-bei-der-stiftung-forum-recht\/#breadcrumb"},"inLanguage":"en-US","potentialAction":[{"@type":"ReadAction","target":["https:\/\/stiftung-forum-recht.de\/pressemitteilung\/recht-erleben-verstehen-und-mitgestalten-tag-der-offenen-tuer-bei-der-stiftung-forum-recht\/"]}]},{"@type":"ImageObject","inLanguage":"en-US","@id":"https:\/\/stiftung-forum-recht.de\/pressemitteilung\/recht-erleben-verstehen-und-mitgestalten-tag-der-offenen-tuer-bei-der-stiftung-forum-recht\/#primaryimage","url":"https:\/\/stiftung-forum-recht.de\/wp-content\/uploads\/2024\/02\/2022_03_28_Stiftung_Forum_Recht_Felix_Gruenschloss_lq_K3A9562-scaled.jpg","contentUrl":"https:\/\/stiftung-forum-recht.de\/wp-content\/uploads\/2024\/02\/2022_03_28_Stiftung_Forum_Recht_Felix_Gruenschloss_lq_K3A9562-scaled.jpg","width":2560,"height":1708,"caption":"Veranstaltungsraum der Stiftung Forum Recht in Karlsruhe, Foto: Felix Gr\u00fcnschlo\u00df"},{"@type":"BreadcrumbList","@id":"https:\/\/stiftung-forum-recht.de\/pressemitteilung\/recht-erleben-verstehen-und-mitgestalten-tag-der-offenen-tuer-bei-der-stiftung-forum-recht\/#breadcrumb","itemListElement":[{"@type":"ListItem","position":1,"name":"Startseite","item":"https:\/\/stiftung-forum-recht.de\/"},{"@type":"ListItem","position":2,"name":"Recht erleben, verstehen und mitgestalten: Tag der offenen T\u00fcr"}]},{"@type":"WebSite","@id":"https:\/\/stiftung-forum-recht.de\/#website","url":"https:\/\/stiftung-forum-recht.de\/","name":"Stiftung Forum Recht","description":"THE LAW FORUM","publisher":{"@id":"https:\/\/stiftung-forum-recht.de\/#organization"},"potentialAction":[{"@type":"SearchAction","target":{"@type":"EntryPoint","urlTemplate":"https:\/\/stiftung-forum-recht.de\/?s={search_term_string}"},"query-input":{"@type":"PropertyValueSpecification","valueRequired":true,"valueName":"search_term_string"}}],"inLanguage":"en-US"},{"@type":"Organization","@id":"https:\/\/stiftung-forum-recht.de\/#organization","name":"Stiftung Forum Recht","url":"https:\/\/stiftung-forum-recht.de\/","logo":{"@type":"ImageObject","inLanguage":"en-US","@id":"https:\/\/stiftung-forum-recht.de\/#\/schema\/logo\/image\/","url":"https:\/\/stiftung-forum-recht.de\/wp-content\/uploads\/2020\/10\/sfr-logo-2023.png","contentUrl":"https:\/\/stiftung-forum-recht.de\/wp-content\/uploads\/2020\/10\/sfr-logo-2023.png","width":200,"height":200,"caption":"Stiftung Forum Recht"},"image":{"@id":"https:\/\/stiftung-forum-recht.de\/#\/schema\/logo\/image\/"}},{"@type":"Person","@id":"https:\/\/stiftung-forum-recht.de\/#\/schema\/person\/8327c2c51c9bbd54e0e86a3c448bba10","name":"Romy Klemm","image":{"@type":"ImageObject","inLanguage":"en-US","@id":"https:\/\/secure.gravatar.com\/avatar\/7bf650052447ea004daba80791cf7b2155ff501a0e7676347dd4d11b053b8d51?s=96&d=mm&r=g","url":"https:\/\/secure.gravatar.com\/avatar\/7bf650052447ea004daba80791cf7b2155ff501a0e7676347dd4d11b053b8d51?s=96&d=mm&r=g","contentUrl":"https:\/\/secure.gravatar.com\/avatar\/7bf650052447ea004daba80791cf7b2155ff501a0e7676347dd4d11b053b8d51?s=96&d=mm&r=g","caption":"Romy Klemm"},"url":"https:\/\/stiftung-forum-recht.de\/en\/author\/onlineredakteurin\/"}]}},"meta_box":[],"_links":{"self":[{"href":"https:\/\/stiftung-forum-recht.de\/en\/wp-json\/wp\/v2\/posts\/36489","targetHints":{"allow":["GET"]}}],"collection":[{"href":"https:\/\/stiftung-forum-recht.de\/en\/wp-json\/wp\/v2\/posts"}],"about":[{"href":"https:\/\/stiftung-forum-recht.de\/en\/wp-json\/wp\/v2\/types\/post"}],"author":[{"embeddable":true,"href":"https:\/\/stiftung-forum-recht.de\/en\/wp-json\/wp\/v2\/users\/27"}],"replies":[{"embeddable":true,"href":"https:\/\/stiftung-forum-recht.de\/en\/wp-json\/wp\/v2\/comments?post=36489"}],"version-history":[{"count":0,"href":"https:\/\/stiftung-forum-recht.de\/en\/wp-json\/wp\/v2\/posts\/36489\/revisions"}],"wp:featuredmedia":[{"embeddable":true,"href":"https:\/\/stiftung-forum-recht.de\/en\/wp-json\/wp\/v2\/media\/21332"}],"wp:attachment":[{"href":"https:\/\/stiftung-forum-recht.de\/en\/wp-json\/wp\/v2\/media?parent=36489"}],"wp:term":[{"taxonomy":"category","embeddable":true,"href":"https:\/\/stiftung-forum-recht.de\/en\/wp-json\/wp\/v2\/categories?post=36489"},{"taxonomy":"post_tag","embeddable":true,"href":"https:\/\/stiftung-forum-recht.de\/en\/wp-json\/wp\/v2\/tags?post=36489"}],"curies":[{"name":"wp","href":"https:\/\/api.w.org\/{rel}","templated":true}]}}