{"id":36480,"date":"2025-06-11T20:49:48","date_gmt":"2025-06-11T18:49:48","guid":{"rendered":"https:\/\/stiftung-forum-recht.de\/?p=36480"},"modified":"2025-06-11T20:50:06","modified_gmt":"2025-06-11T18:50:06","slug":"new-event-series-in-leipzig-forum-recht-im-dialog","status":"publish","type":"post","link":"https:\/\/stiftung-forum-recht.de\/en\/pressemitteilung\/neue-veranstaltungsreihe-in-leipzig-forum-recht-im-dialog\/","title":{"rendered":"New Event Series in Leipzig: \"Law in Dialogue\" Forum"},"content":{"rendered":"<div data-elementor-type=\"wp-post\" data-elementor-id=\"36480\" class=\"elementor elementor-36480\" data-elementor-post-type=\"post\">\n\t\t\t\t<div data-particle_enable=\"false\" data-particle-mobile-disabled=\"false\" class=\"elementor-element elementor-element-5f87549 slidercontainer e-flex e-con-boxed e-con e-parent\" data-id=\"5f87549\" data-element_type=\"container\" data-e-type=\"container\" data-settings=\"{&quot;shape_divider_bottom&quot;:&quot;tilt&quot;}\">\n\t\t\t\t\t<div class=\"e-con-inner\">\n\t\t\t\t<div class=\"elementor-shape elementor-shape-bottom\" aria-hidden=\"true\" data-negative=\"false\">\n\t\t\t<svg xmlns=\"http:\/\/www.w3.org\/2000\/svg\" viewbox=\"0 0 1000 100\" preserveaspectratio=\"none\">\n\t<path class=\"elementor-shape-fill\" d=\"M0,6V0h1000v100L0,6z\"\/>\n<\/svg>\t\t<\/div>\n\t\t\t\t<div class=\"elementor-element elementor-element-a5698fa elementor-widget elementor-widget-template\" data-id=\"a5698fa\" data-element_type=\"widget\" data-e-type=\"widget\" data-widget_type=\"template.default\">\n\t\t\t\t<div class=\"elementor-widget-container\">\n\t\t\t\t\t\t\t<div class=\"elementor-template\">\n\t\t\t\t\t<div data-elementor-type=\"container\" data-elementor-id=\"15844\" class=\"elementor elementor-15844\" data-elementor-post-type=\"elementor_library\">\n\t\t\t\t<div data-particle_enable=\"false\" data-particle-mobile-disabled=\"false\" class=\"elementor-element elementor-element-9a7825a e-con-full slidercontainer e-transform e-flex e-con e-parent\" data-id=\"9a7825a\" data-element_type=\"container\" data-e-type=\"container\" data-settings=\"{&quot;background_background&quot;:&quot;classic&quot;,&quot;shape_divider_bottom&quot;:&quot;tilt&quot;,&quot;_transform_skewX_effect&quot;:{&quot;unit&quot;:&quot;px&quot;,&quot;size&quot;:&quot;&quot;,&quot;sizes&quot;:[]},&quot;_transform_skewX_effect_widescreen&quot;:{&quot;unit&quot;:&quot;deg&quot;,&quot;size&quot;:&quot;&quot;,&quot;sizes&quot;:[]},&quot;_transform_skewX_effect_laptop&quot;:{&quot;unit&quot;:&quot;deg&quot;,&quot;size&quot;:&quot;&quot;,&quot;sizes&quot;:[]},&quot;_transform_skewX_effect_tablet_extra&quot;:{&quot;unit&quot;:&quot;deg&quot;,&quot;size&quot;:&quot;&quot;,&quot;sizes&quot;:[]},&quot;_transform_skewX_effect_tablet&quot;:{&quot;unit&quot;:&quot;deg&quot;,&quot;size&quot;:&quot;&quot;,&quot;sizes&quot;:[]},&quot;_transform_skewX_effect_mobile&quot;:{&quot;unit&quot;:&quot;deg&quot;,&quot;size&quot;:&quot;&quot;,&quot;sizes&quot;:[]},&quot;_transform_skewY_effect&quot;:{&quot;unit&quot;:&quot;px&quot;,&quot;size&quot;:&quot;&quot;,&quot;sizes&quot;:[]},&quot;_transform_skewY_effect_widescreen&quot;:{&quot;unit&quot;:&quot;deg&quot;,&quot;size&quot;:&quot;&quot;,&quot;sizes&quot;:[]},&quot;_transform_skewY_effect_laptop&quot;:{&quot;unit&quot;:&quot;deg&quot;,&quot;size&quot;:&quot;&quot;,&quot;sizes&quot;:[]},&quot;_transform_skewY_effect_tablet_extra&quot;:{&quot;unit&quot;:&quot;deg&quot;,&quot;size&quot;:&quot;&quot;,&quot;sizes&quot;:[]},&quot;_transform_skewY_effect_tablet&quot;:{&quot;unit&quot;:&quot;deg&quot;,&quot;size&quot;:&quot;&quot;,&quot;sizes&quot;:[]},&quot;_transform_skewY_effect_mobile&quot;:{&quot;unit&quot;:&quot;deg&quot;,&quot;size&quot;:&quot;&quot;,&quot;sizes&quot;:[]}}\">\n\t\t\t\t<div class=\"elementor-shape elementor-shape-bottom\" aria-hidden=\"true\" data-negative=\"false\">\n\t\t\t<svg xmlns=\"http:\/\/www.w3.org\/2000\/svg\" viewbox=\"0 0 1000 100\" preserveaspectratio=\"none\">\n\t<path class=\"elementor-shape-fill\" d=\"M0,6V0h1000v100L0,6z\"\/>\n<\/svg>\t\t<\/div>\n\t\t\t\t<\/div>\n\t\t\t\t<\/div>\n\t\t\t\t<\/div>\n\t\t\t\t\t\t<\/div>\n\t\t\t\t<\/div>\n\t\t\t\t\t<\/div>\n\t\t\t\t<\/div>\n\t\t\t\t<section data-particle_enable=\"false\" data-particle-mobile-disabled=\"false\" class=\"elementor-section elementor-top-section elementor-element elementor-element-e989b8f elementor-section-boxed elementor-section-height-default elementor-section-height-default\" data-id=\"e989b8f\" data-element_type=\"section\" data-e-type=\"section\">\n\t\t\t\t\t\t<div class=\"elementor-container elementor-column-gap-default\">\n\t\t\t\t\t<div class=\"elementor-column elementor-col-100 elementor-top-column elementor-element elementor-element-b133490\" data-id=\"b133490\" data-element_type=\"column\" data-e-type=\"column\">\n\t\t\t<div class=\"elementor-widget-wrap elementor-element-populated\">\n\t\t\t\t\t\t<div class=\"elementor-element elementor-element-7a3a580 elementor-widget elementor-widget-text-editor\" data-id=\"7a3a580\" data-element_type=\"widget\" data-e-type=\"widget\" data-widget_type=\"text-editor.default\">\n\t\t\t\t\t\t\t\t\t<p>June 12, 2025<\/p>\t\t\t\t\t\t\t\t<\/div>\n\t\t\t\t<div class=\"elementor-element elementor-element-4d88bfa elementor-widget__width-initial elementor-widget elementor-widget-text-editor\" data-id=\"4d88bfa\" data-element_type=\"widget\" data-e-type=\"widget\" data-widget_type=\"text-editor.default\">\n\t\t\t\t\t\t\t\t\t<h1>New Event Series in Leipzig: \u201cLaw in Dialogue\u201d Forum. Insights with Cord Br\u00fcgmann<\/h1>\t\t\t\t\t\t\t\t<\/div>\n\t\t\t\t\t<\/div>\n\t\t<\/div>\n\t\t\t\t\t<\/div>\n\t\t<\/section>\n\t\t\t\t<section data-particle_enable=\"false\" data-particle-mobile-disabled=\"false\" class=\"elementor-section elementor-top-section elementor-element elementor-element-6fb6a53 elementor-section-boxed elementor-section-height-default elementor-section-height-default\" data-id=\"6fb6a53\" data-element_type=\"section\" data-e-type=\"section\">\n\t\t\t\t\t\t<div class=\"elementor-container elementor-column-gap-default\">\n\t\t\t\t\t<div class=\"elementor-column elementor-col-100 elementor-top-column elementor-element elementor-element-7acdbb9\" data-id=\"7acdbb9\" data-element_type=\"column\" data-e-type=\"column\">\n\t\t\t<div class=\"elementor-widget-wrap elementor-element-populated\">\n\t\t\t\t\t\t<div class=\"elementor-element elementor-element-1d86a68 elementor-widget elementor-widget-text-editor\" data-id=\"1d86a68\" data-element_type=\"widget\" data-e-type=\"widget\" data-widget_type=\"text-editor.default\">\n\t\t\t\t\t\t\t\t\t<p><strong>To kick off the after-work series \u201eForum Recht im Dialog: Insights with Cord Br\u00fcgmann,\u201c Christiane Munsberg will be the guest speaker on June 18 at 5:30 p.m. Among other topics, the discussion will focus on literature and law as factors contributing to Leipzig\u2019s appeal as a location.<\/strong><\/p><p><strong>Leipzig. <\/strong>Starting in May 2025, the Forum Recht Foundation will host evening discussions several times a year at its locations in Karlsruhe and Leipzig. The events will feature fascinating guests from the legal profession, cultural institutions, and the education sector. In a keynote session\u2014in the form of a brief discussion\u2014they will join the foundation\u2019s director, Dr. Cord Br\u00fcgmann, to explore a topic related to the work of the Forum Recht Foundation: ranging from current issues in law and the rule of law to future-oriented topics and developments within the Forum Recht Foundation itself.<\/p><p><strong>Kickoff in Leipzig with Christiane Munsberg<\/strong><\/p><p>As the cultural affairs officer at Bertelsmann SE, she has <strong>Christiane Munsberg<\/strong> Since 1992, she has helped shape the Leipzig Book Fair and, among other things, developed the literary authors\u201e forum \u201cDas Blaue Sofa\u201e in collaboration with ZDF, Deutschlandfunk Kultur, and 3sat. Today, she curates event series and panel discussions as part of the \u201cLeipzig liest\u201e reading festival, thereby continuing to actively shape the city\u2019s literary landscape. \u201cIn times of profound crises and upheaval, we need places that invite us to think, listen, and discuss together. Literary events create such opportunities: They promote participation, make diversity tangible, and open up spaces for lively dialogue. After all, democracy thrives on listening, tolerance, and respectful exchange,\u201d says Christiane Munsberg.<\/p><p>Together with Cord Br\u00fcgmann, she will discuss the significance of cultural venues. They will also explore the connection between these venues and the rule of law, and shed light on the role of the Forum Recht Foundation in Leipzig\u2019s civic society. Following the discussion, the foundation invites all guests to join in a conversation over drinks.<\/p>\t\t\t\t\t\t\t\t<\/div>\n\t\t\t\t\t<\/div>\n\t\t<\/div>\n\t\t\t\t\t<\/div>\n\t\t<\/section>\n\t\t<div data-particle_enable=\"false\" data-particle-mobile-disabled=\"false\" class=\"elementor-element elementor-element-5977b27 e-flex e-con-boxed e-con e-parent\" data-id=\"5977b27\" data-element_type=\"container\" data-e-type=\"container\">\n\t\t\t\t\t<div class=\"e-con-inner\">\n\t\t\t\t<div class=\"elementor-element elementor-element-a29a2e9 elementor-widget elementor-widget-heading\" data-id=\"a29a2e9\" data-element_type=\"widget\" data-e-type=\"widget\" data-widget_type=\"heading.default\">\n\t\t\t\t\t<h2 class=\"elementor-heading-title elementor-size-default\">Info at a glance<\/h2>\t\t\t\t<\/div>\n\t\t\t\t<div class=\"elementor-element elementor-element-da00c0a elementor-widget elementor-widget-text-editor\" data-id=\"da00c0a\" data-element_type=\"widget\" data-e-type=\"widget\" data-widget_type=\"text-editor.default\">\n\t\t\t\t\t\t\t\t\t<p><strong>Wednesday, June 18, 2025, 5:30 p.m. to 7:00 p.m. <br \/><\/strong><strong>\"Law in Dialogue\" Forum: Insights with Cord Br\u00fcgmann <br \/><\/strong>Guest:<strong> Christiane Munsberg <\/strong>(formerly Bertelsmann SE, \u201eLeipzig Reads\u201c)<\/p><p>at the Forum Recht Foundation, Universit\u00e4tsstra\u00dfe 20, 04109 Leipzig<\/p><p>Admission is free; registration is not required.<\/p><p><strong>Further information<\/strong>: <a href=\"https:\/\/stiftung-forum-recht.de\/news\/forum-recht-im-dialog-impulse-mit-cord-bruegmann\/\"><strong>www.stiftung-forum-recht.de\/news\/forum-recht-im-dialog-impulse-mit-cord-bruegmann\/<\/strong><\/a><\/p>\t\t\t\t\t\t\t\t<\/div>\n\t\t\t\t\t<\/div>\n\t\t\t\t<\/div>\n\t\t<div data-particle_enable=\"false\" data-particle-mobile-disabled=\"false\" class=\"elementor-element elementor-element-823c46a e-flex e-con-boxed e-con e-parent\" data-id=\"823c46a\" data-element_type=\"container\" data-e-type=\"container\">\n\t\t\t\t\t<div class=\"e-con-inner\">\n\t\t<div data-particle_enable=\"false\" data-particle-mobile-disabled=\"false\" class=\"elementor-element elementor-element-e628752 e-con-full e-flex e-con e-child\" data-id=\"e628752\" data-element_type=\"container\" data-e-type=\"container\">\n\t\t\t\t<div class=\"elementor-element elementor-element-a1febca elementor-widget-widescreen__width-initial elementor-widget elementor-widget-text-editor\" data-id=\"a1febca\" data-element_type=\"widget\" data-e-type=\"widget\" data-widget_type=\"text-editor.default\">\n\t\t\t\t\t\t\t\t\t<p><strong>Press contact<br \/><\/strong><\/p><div class=\"elementor-column elementor-col-50 elementor-inner-column elementor-element elementor-element-43f34c5\" data-id=\"43f34c5\" data-element_type=\"column\"><div class=\"elementor-widget-wrap elementor-element-populated\"><div class=\"elementor-element elementor-element-931e011 elementor-widget elementor-widget-text-editor\" data-id=\"931e011\" data-element_type=\"widget\" data-widget_type=\"text-editor.default\"><div class=\"elementor-widget-container\"><p><strong>Stiftung Forum Recht<\/strong><br \/>Linda Roth<br \/>+49 155 66967320<br \/>presse@stiftung-forum-recht.de<\/p><\/div><\/div><\/div><\/div>\t\t\t\t\t\t\t\t<\/div>\n\t\t\t\t<\/div>\n\t\t<div data-particle_enable=\"false\" data-particle-mobile-disabled=\"false\" class=\"elementor-element elementor-element-0a5453c e-con-full e-flex e-con e-child\" data-id=\"0a5453c\" data-element_type=\"container\" data-e-type=\"container\">\n\t\t\t\t<div class=\"elementor-element elementor-element-53e1c1c elementor-widget elementor-widget-button\" data-id=\"53e1c1c\" data-element_type=\"widget\" data-e-type=\"widget\" data-widget_type=\"button.default\">\n\t\t\t\t\t\t\t\t\t\t<a class=\"elementor-button elementor-button-link elementor-size-md\" href=\"https:\/\/stiftung-forum-recht.de\/wp-content\/uploads\/2025\/06\/2025_06_12_PM_Forum-Recht-im-Dialog_18.Juni_Stiftung-Forum-Recht_Leipzig.pdf\" target=\"_blank\">\n\t\t\t\t\t\t<span class=\"elementor-button-content-wrapper\">\n\t\t\t\t\t\t\t\t\t<span class=\"elementor-button-text\">Download press release as PDF<\/span>\n\t\t\t\t\t<\/span>\n\t\t\t\t\t<\/a>\n\t\t\t\t\t\t\t\t<\/div>\n\t\t\t\t<\/div>\n\t\t\t\t\t<\/div>\n\t\t\t\t<\/div>\n\t\t<div data-particle_enable=\"false\" data-particle-mobile-disabled=\"false\" class=\"elementor-element elementor-element-396f98b e-flex e-con-boxed e-con e-parent\" data-id=\"396f98b\" data-element_type=\"container\" data-e-type=\"container\">\n\t\t\t\t\t<div class=\"e-con-inner\">\n\t\t\t\t<div class=\"elementor-element elementor-element-a2934c4 elementor-widget elementor-widget-heading\" data-id=\"a2934c4\" data-element_type=\"widget\" data-e-type=\"widget\" data-widget_type=\"heading.default\">\n\t\t\t\t\t<h2 class=\"elementor-heading-title elementor-size-default\">Image material<\/h2>\t\t\t\t<\/div>\n\t\t\t\t<div class=\"elementor-element elementor-element-8590954 elementor-widget elementor-widget-text-editor\" data-id=\"8590954\" data-element_type=\"widget\" data-e-type=\"widget\" data-widget_type=\"text-editor.default\">\n\t\t\t\t\t\t\t\t\t<p>The press photos can be downloaded here and used free of charge for editorial purposes in connection with the Stiftung Forum Recht, provided the copyright is stated.<\/p>\t\t\t\t\t\t\t\t<\/div>\n\t\t\t\t\t<\/div>\n\t\t\t\t<\/div>\n\t\t<div data-particle_enable=\"false\" data-particle-mobile-disabled=\"false\" class=\"elementor-element elementor-element-0de480d e-flex e-con-boxed e-con e-parent\" data-id=\"0de480d\" data-element_type=\"container\" data-e-type=\"container\">\n\t\t\t\t\t<div class=\"e-con-inner\">\n\t\t<div data-particle_enable=\"false\" data-particle-mobile-disabled=\"false\" class=\"elementor-element elementor-element-348ba80 e-con-full e-flex e-con e-child\" data-id=\"348ba80\" data-element_type=\"container\" data-e-type=\"container\">\n\t\t\t\t<div class=\"elementor-element elementor-element-672efa3 elementor-widget elementor-widget-image\" data-id=\"672efa3\" data-element_type=\"widget\" data-e-type=\"widget\" data-widget_type=\"image.default\">\n\t\t\t\t\t\t\t\t\t\t\t\t<figure class=\"wp-caption\">\n\t\t\t\t\t\t\t\t\t\t\t<a href=\"https:\/\/stiftung-forum-recht.de\/wp-content\/uploads\/2025\/04\/2025_02_12_LetsTalkAboutRecht_InkenGallner_Foto_Damian_Domes_SFR_lq-8-e1747908399827.jpg\" data-elementor-open-lightbox=\"yes\" data-elementor-lightbox-title=\"LetsTalkAboutRecht_InkenGallner_Foto_Damian_Domes\" data-elementor-lightbox-description=\"Cord Br\u00fcgmann, Direktor der Stiftung Forum Recht, begr\u00fc\u00dft das Publikum.\" data-e-action-hash=\"#elementor-action%3Aaction%3Dlightbox%26settings%3DeyJpZCI6MzQwMzYsInVybCI6Imh0dHBzOlwvXC9zdGlmdHVuZy1mb3J1bS1yZWNodC5kZVwvd3AtY29udGVudFwvdXBsb2Fkc1wvMjAyNVwvMDRcLzIwMjVfMDJfMTJfTGV0c1RhbGtBYm91dFJlY2h0X0lua2VuR2FsbG5lcl9Gb3RvX0RhbWlhbl9Eb21lc19TRlJfbHEtOC1lMTc0NzkwODM5OTgyNy5qcGcifQ%3D%3D\">\n\t\t\t\t\t\t\t<img fetchpriority=\"high\" decoding=\"async\" width=\"1024\" height=\"590\" src=\"https:\/\/stiftung-forum-recht.de\/wp-content\/uploads\/2025\/04\/2025_02_12_LetsTalkAboutRecht_InkenGallner_Foto_Damian_Domes_SFR_lq-8-e1747908399827-1024x590.jpg\" class=\"attachment-large size-large wp-image-34036\" alt=\"Cord Br\u00fcgmann, director of the Forum Recht Foundation, welcomes the audience.\" srcset=\"https:\/\/stiftung-forum-recht.de\/wp-content\/uploads\/2025\/04\/2025_02_12_LetsTalkAboutRecht_InkenGallner_Foto_Damian_Domes_SFR_lq-8-e1747908399827-1024x590.jpg 1024w, https:\/\/stiftung-forum-recht.de\/wp-content\/uploads\/2025\/04\/2025_02_12_LetsTalkAboutRecht_InkenGallner_Foto_Damian_Domes_SFR_lq-8-e1747908399827-300x173.jpg 300w, https:\/\/stiftung-forum-recht.de\/wp-content\/uploads\/2025\/04\/2025_02_12_LetsTalkAboutRecht_InkenGallner_Foto_Damian_Domes_SFR_lq-8-e1747908399827-768x442.jpg 768w, https:\/\/stiftung-forum-recht.de\/wp-content\/uploads\/2025\/04\/2025_02_12_LetsTalkAboutRecht_InkenGallner_Foto_Damian_Domes_SFR_lq-8-e1747908399827-1536x884.jpg 1536w, https:\/\/stiftung-forum-recht.de\/wp-content\/uploads\/2025\/04\/2025_02_12_LetsTalkAboutRecht_InkenGallner_Foto_Damian_Domes_SFR_lq-8-e1747908399827-18x10.jpg 18w, https:\/\/stiftung-forum-recht.de\/wp-content\/uploads\/2025\/04\/2025_02_12_LetsTalkAboutRecht_InkenGallner_Foto_Damian_Domes_SFR_lq-8-e1747908399827.jpg 1980w\" sizes=\"(max-width: 1024px) 100vw, 1024px\" \/>\t\t\t\t\t\t\t\t<\/a>\n\t\t\t\t\t\t\t\t\t\t\t<figcaption class=\"widget-image-caption wp-caption-text\">Photo: Damian Domes<\/figcaption>\n\t\t\t\t\t\t\t\t\t\t<\/figure>\n\t\t\t\t\t\t\t\t\t<\/div>\n\t\t\t\t<\/div>\n\t\t<div data-particle_enable=\"false\" data-particle-mobile-disabled=\"false\" class=\"elementor-element elementor-element-7cb9361 e-con-full e-flex e-con e-child\" data-id=\"7cb9361\" data-element_type=\"container\" data-e-type=\"container\">\n\t\t\t\t<div class=\"elementor-element elementor-element-6adc387 elementor-widget elementor-widget-image\" data-id=\"6adc387\" data-element_type=\"widget\" data-e-type=\"widget\" data-widget_type=\"image.default\">\n\t\t\t\t\t\t\t\t\t\t\t\t<figure class=\"wp-caption\">\n\t\t\t\t\t\t\t\t\t\t\t<a href=\"https:\/\/stiftung-forum-recht.de\/wp-content\/uploads\/2024\/11\/2024_11_21_MeetGreet_Foto_SFR-48-scaled-e1747908353133.jpg\" data-elementor-open-lightbox=\"yes\" data-elementor-lightbox-title=\"Meet and Greet Cord Br\u00fcgmann Stiftung Forum Recht\" data-elementor-lightbox-description=\"Meet &amp; Greet mit Dr. Cord Br\u00fcgmann, 21.11.2024, Karlsruhe\" data-e-action-hash=\"#elementor-action%3Aaction%3Dlightbox%26settings%3DeyJpZCI6Mjk2NTksInVybCI6Imh0dHBzOlwvXC9zdGlmdHVuZy1mb3J1bS1yZWNodC5kZVwvd3AtY29udGVudFwvdXBsb2Fkc1wvMjAyNFwvMTFcLzIwMjRfMTFfMjFfTWVldEdyZWV0X0ZvdG9fU0ZSLTQ4LXNjYWxlZC1lMTc0NzkwODM1MzEzMy5qcGcifQ%3D%3D\">\n\t\t\t\t\t\t\t<img decoding=\"async\" width=\"1024\" height=\"584\" src=\"https:\/\/stiftung-forum-recht.de\/wp-content\/uploads\/2024\/11\/2024_11_21_MeetGreet_Foto_SFR-48-scaled-e1747908353133-1024x584.jpg\" class=\"attachment-large size-large wp-image-29659\" alt=\"Aerial view of the Forum Recht Foundation\u2019s offices in Karlsruhe. People at a reception, engrossed in small-group conversations at bar tables.\" srcset=\"https:\/\/stiftung-forum-recht.de\/wp-content\/uploads\/2024\/11\/2024_11_21_MeetGreet_Foto_SFR-48-scaled-e1747908353133-1024x584.jpg 1024w, https:\/\/stiftung-forum-recht.de\/wp-content\/uploads\/2024\/11\/2024_11_21_MeetGreet_Foto_SFR-48-scaled-e1747908353133-300x171.jpg 300w, https:\/\/stiftung-forum-recht.de\/wp-content\/uploads\/2024\/11\/2024_11_21_MeetGreet_Foto_SFR-48-scaled-e1747908353133-768x438.jpg 768w, https:\/\/stiftung-forum-recht.de\/wp-content\/uploads\/2024\/11\/2024_11_21_MeetGreet_Foto_SFR-48-scaled-e1747908353133-1536x876.jpg 1536w, https:\/\/stiftung-forum-recht.de\/wp-content\/uploads\/2024\/11\/2024_11_21_MeetGreet_Foto_SFR-48-scaled-e1747908353133-2048x1168.jpg 2048w, https:\/\/stiftung-forum-recht.de\/wp-content\/uploads\/2024\/11\/2024_11_21_MeetGreet_Foto_SFR-48-scaled-e1747908353133-18x10.jpg 18w\" sizes=\"(max-width: 1024px) 100vw, 1024px\" \/>\t\t\t\t\t\t\t\t<\/a>\n\t\t\t\t\t\t\t\t\t\t\t<figcaption class=\"widget-image-caption wp-caption-text\">Forum Law in Dialog<\/figcaption>\n\t\t\t\t\t\t\t\t\t\t<\/figure>\n\t\t\t\t\t\t\t\t\t<\/div>\n\t\t\t\t<\/div>\n\t\t<div data-particle_enable=\"false\" data-particle-mobile-disabled=\"false\" class=\"elementor-element elementor-element-445768f e-con-full e-flex e-con e-child\" data-id=\"445768f\" data-element_type=\"container\" data-e-type=\"container\">\n\t\t\t\t<div class=\"elementor-element elementor-element-1460a85 elementor-widget elementor-widget-image\" data-id=\"1460a85\" data-element_type=\"widget\" data-e-type=\"widget\" data-widget_type=\"image.default\">\n\t\t\t\t\t\t\t\t\t\t\t\t<figure class=\"wp-caption\">\n\t\t\t\t\t\t\t\t\t\t\t<a href=\"https:\/\/stiftung-forum-recht.de\/wp-content\/uploads\/2024\/11\/2024_11_21_MeetGreet_Foto_SFR-30-scaled-e1747908438911.jpg\" data-elementor-open-lightbox=\"yes\" data-elementor-lightbox-title=\"Meet &amp; Greet mit Dr. Cord Br\u00fcgmann, 21.11.2024, Karlsruhe\" data-elementor-lightbox-description=\"Meet &amp; Greet mit Dr. Cord Br\u00fcgmann, 21.11.2024, Karlsruhe\" data-e-action-hash=\"#elementor-action%3Aaction%3Dlightbox%26settings%3DeyJpZCI6Mjk2NTUsInVybCI6Imh0dHBzOlwvXC9zdGlmdHVuZy1mb3J1bS1yZWNodC5kZVwvd3AtY29udGVudFwvdXBsb2Fkc1wvMjAyNFwvMTFcLzIwMjRfMTFfMjFfTWVldEdyZWV0X0ZvdG9fU0ZSLTMwLXNjYWxlZC1lMTc0NzkwODQzODkxMS5qcGcifQ%3D%3D\">\n\t\t\t\t\t\t\t<img decoding=\"async\" width=\"1024\" height=\"584\" src=\"https:\/\/stiftung-forum-recht.de\/wp-content\/uploads\/2024\/11\/2024_11_21_MeetGreet_Foto_SFR-30-scaled-e1747908438911-1024x584.jpg\" class=\"attachment-large size-large wp-image-29655\" alt=\"Cord Br\u00fcgmann talking with a woman.\" srcset=\"https:\/\/stiftung-forum-recht.de\/wp-content\/uploads\/2024\/11\/2024_11_21_MeetGreet_Foto_SFR-30-scaled-e1747908438911-1024x584.jpg 1024w, https:\/\/stiftung-forum-recht.de\/wp-content\/uploads\/2024\/11\/2024_11_21_MeetGreet_Foto_SFR-30-scaled-e1747908438911-300x171.jpg 300w, https:\/\/stiftung-forum-recht.de\/wp-content\/uploads\/2024\/11\/2024_11_21_MeetGreet_Foto_SFR-30-scaled-e1747908438911-768x438.jpg 768w, https:\/\/stiftung-forum-recht.de\/wp-content\/uploads\/2024\/11\/2024_11_21_MeetGreet_Foto_SFR-30-scaled-e1747908438911-1536x876.jpg 1536w, https:\/\/stiftung-forum-recht.de\/wp-content\/uploads\/2024\/11\/2024_11_21_MeetGreet_Foto_SFR-30-scaled-e1747908438911-2048x1168.jpg 2048w, https:\/\/stiftung-forum-recht.de\/wp-content\/uploads\/2024\/11\/2024_11_21_MeetGreet_Foto_SFR-30-scaled-e1747908438911-18x10.jpg 18w\" sizes=\"(max-width: 1024px) 100vw, 1024px\" \/>\t\t\t\t\t\t\t\t<\/a>\n\t\t\t\t\t\t\t\t\t\t\t<figcaption class=\"widget-image-caption wp-caption-text\">Forum Law in Dialog<\/figcaption>\n\t\t\t\t\t\t\t\t\t\t<\/figure>\n\t\t\t\t\t\t\t\t\t<\/div>\n\t\t\t\t<\/div>\n\t\t\t\t\t<\/div>\n\t\t\t\t<\/div>\n\t\t\t\t<\/div>","protected":false},"excerpt":{"rendered":"<p>Christiane Munsberg will be a guest at the launch of the after-work event \u201eForum Recht im Dialog: Insights with Cord Br\u00fcgmann\u201c on June 18 in Leipzig. Among other topics, the discussion will focus on literature and law as factors contributing to Leipzig\u2019s appeal as a location.<\/p>","protected":false},"author":27,"featured_media":34036,"comment_status":"open","ping_status":"open","sticky":false,"template":"","format":"standard","meta":{"_acf_changed":false,"neve_meta_sidebar":"","neve_meta_container":"","neve_meta_enable_content_width":"","neve_meta_content_width":0,"neve_meta_title_alignment":"","neve_meta_author_avatar":"","neve_post_elements_order":"","neve_meta_disable_header":"","neve_meta_disable_footer":"","neve_meta_disable_title":"","_themeisle_gutenberg_block_has_review":false,"footnotes":""},"categories":[53,129],"tags":[118,136,140,101],"class_list":["post-36480","post","type-post","status-publish","format-standard","has-post-thumbnail","hentry","category-pressemitteilung","category-129","tag-after-work","tag-diskussion","tag-leipzig-liest","tag-rechtsstaat"],"acf":[],"yoast_head":"<!-- This site is optimized with the Yoast SEO plugin v28.3 - https:\/\/yoast.com\/product\/yoast-seo-wordpress\/ -->\n<title>Neue Veranstaltungsreihe in Leipzig: Forum Recht im Dialog | Stiftung Forum Recht<\/title>\n<meta name=\"description\" content=\"Zum Start des After-Work-Formats \u201eForum Recht im Dialog. Impulse mit Cord Br\u00fcgmann\u201c ist Christiane Munsberg am 18. Juni in der Stiftung Forum Recht in Leipzig zu Gast. Thema des Gespr\u00e4chs wird unter anderem Literatur und Recht als Standortfaktor in Leipzig sein.\" \/>\n<meta name=\"robots\" content=\"index, follow, max-snippet:-1, max-image-preview:large, max-video-preview:-1\" \/>\n<link rel=\"canonical\" href=\"https:\/\/stiftung-forum-recht.de\/en\/press-release\/new-event-series-in-leipzig-forum-recht-im-dialog\/\" \/>\n<meta property=\"og:locale\" content=\"en_US\" \/>\n<meta property=\"og:type\" content=\"article\" \/>\n<meta property=\"og:title\" content=\"Neue Veranstaltungsreihe in Leipzig: Forum Recht im Dialog | Stiftung Forum Recht\" \/>\n<meta property=\"og:description\" content=\"Zum Start des After-Work-Formats \u201eForum Recht im Dialog. Impulse mit Cord Br\u00fcgmann\u201c ist Christiane Munsberg am 18. Juni in der Stiftung Forum Recht in Leipzig zu Gast. Thema des Gespr\u00e4chs wird unter anderem Literatur und Recht als Standortfaktor in Leipzig sein.\" \/>\n<meta property=\"og:url\" content=\"https:\/\/stiftung-forum-recht.de\/en\/press-release\/new-event-series-in-leipzig-forum-recht-im-dialog\/\" \/>\n<meta property=\"og:site_name\" content=\"Stiftung Forum Recht\" \/>\n<meta property=\"article:published_time\" content=\"2025-06-11T18:49:48+00:00\" \/>\n<meta property=\"article:modified_time\" content=\"2025-06-11T18:50:06+00:00\" \/>\n<meta property=\"og:image\" content=\"https:\/\/stiftung-forum-recht.de\/wp-content\/uploads\/2025\/04\/2025_02_12_LetsTalkAboutRecht_InkenGallner_Foto_Damian_Domes_SFR_lq-8-e1747908399827.jpg\" \/>\n\t<meta property=\"og:image:width\" content=\"1980\" \/>\n\t<meta property=\"og:image:height\" content=\"1140\" \/>\n\t<meta property=\"og:image:type\" content=\"image\/jpeg\" \/>\n<meta name=\"author\" content=\"Romy Klemm\" \/>\n<meta name=\"twitter:card\" content=\"summary_large_image\" \/>\n<meta name=\"twitter:label1\" content=\"Written by\" \/>\n\t<meta name=\"twitter:data1\" content=\"Romy Klemm\" \/>\n\t<meta name=\"twitter:label2\" content=\"Est. reading time\" \/>\n\t<meta name=\"twitter:data2\" content=\"4 minutes\" \/>\n<!-- \/ Yoast SEO plugin. -->","yoast_head_json":{"title":"New Event Series in Leipzig: Forum Recht im Dialog | Forum Recht Foundation","description":"To kick off the after-work series \u201eForum Recht im Dialog: Insights with Cord Br\u00fcgmann,\u201c Christiane Munsberg will be a guest at the Forum Recht Foundation in Leipzig on June 18. Among other topics, the discussion will focus on literature and law as factors contributing to Leipzig\u2019s appeal as a location.","robots":{"index":"index","follow":"follow","max-snippet":"max-snippet:-1","max-image-preview":"max-image-preview:large","max-video-preview":"max-video-preview:-1"},"canonical":"https:\/\/stiftung-forum-recht.de\/en\/press-release\/new-event-series-in-leipzig-forum-recht-im-dialog\/","og_locale":"en_US","og_type":"article","og_title":"Neue Veranstaltungsreihe in Leipzig: Forum Recht im Dialog | Stiftung Forum Recht","og_description":"Zum Start des After-Work-Formats \u201eForum Recht im Dialog. Impulse mit Cord Br\u00fcgmann\u201c ist Christiane Munsberg am 18. Juni in der Stiftung Forum Recht in Leipzig zu Gast. Thema des Gespr\u00e4chs wird unter anderem Literatur und Recht als Standortfaktor in Leipzig sein.","og_url":"https:\/\/stiftung-forum-recht.de\/en\/press-release\/new-event-series-in-leipzig-forum-recht-im-dialog\/","og_site_name":"Stiftung Forum Recht","article_published_time":"2025-06-11T18:49:48+00:00","article_modified_time":"2025-06-11T18:50:06+00:00","og_image":[{"width":1980,"height":1140,"url":"https:\/\/stiftung-forum-recht.de\/wp-content\/uploads\/2025\/04\/2025_02_12_LetsTalkAboutRecht_InkenGallner_Foto_Damian_Domes_SFR_lq-8-e1747908399827.jpg","type":"image\/jpeg"}],"author":"Romy Klemm","twitter_card":"summary_large_image","twitter_misc":{"Written by":"Romy Klemm","Est. reading time":"4 minutes"},"schema":{"@context":"https:\/\/schema.org","@graph":[{"@type":"Article","@id":"https:\/\/stiftung-forum-recht.de\/pressemitteilung\/neue-veranstaltungsreihe-in-leipzig-forum-recht-im-dialog\/#article","isPartOf":{"@id":"https:\/\/stiftung-forum-recht.de\/pressemitteilung\/neue-veranstaltungsreihe-in-leipzig-forum-recht-im-dialog\/"},"author":{"name":"Romy Klemm","@id":"https:\/\/stiftung-forum-recht.de\/#\/schema\/person\/8327c2c51c9bbd54e0e86a3c448bba10"},"headline":"Neue Veranstaltungsreihe in Leipzig: Forum Recht im Dialog","datePublished":"2025-06-11T18:49:48+00:00","dateModified":"2025-06-11T18:50:06+00:00","mainEntityOfPage":{"@id":"https:\/\/stiftung-forum-recht.de\/pressemitteilung\/neue-veranstaltungsreihe-in-leipzig-forum-recht-im-dialog\/"},"wordCount":430,"commentCount":0,"publisher":{"@id":"https:\/\/stiftung-forum-recht.de\/#organization"},"image":{"@id":"https:\/\/stiftung-forum-recht.de\/pressemitteilung\/neue-veranstaltungsreihe-in-leipzig-forum-recht-im-dialog\/#primaryimage"},"thumbnailUrl":"https:\/\/stiftung-forum-recht.de\/wp-content\/uploads\/2025\/04\/2025_02_12_LetsTalkAboutRecht_InkenGallner_Foto_Damian_Domes_SFR_lq-8-e1747908399827.jpg","keywords":["after work","Diskussion","Leipzig liest","Rechtsstaat"],"articleSection":["Pressemitteilungen","Pressemitteilungen 2025"],"inLanguage":"en-US","potentialAction":[{"@type":"CommentAction","name":"Comment","target":["https:\/\/stiftung-forum-recht.de\/pressemitteilung\/neue-veranstaltungsreihe-in-leipzig-forum-recht-im-dialog\/#respond"]}]},{"@type":"WebPage","@id":"https:\/\/stiftung-forum-recht.de\/pressemitteilung\/neue-veranstaltungsreihe-in-leipzig-forum-recht-im-dialog\/","url":"https:\/\/stiftung-forum-recht.de\/pressemitteilung\/neue-veranstaltungsreihe-in-leipzig-forum-recht-im-dialog\/","name":"New Event Series in Leipzig: Forum Recht im Dialog | Forum Recht Foundation","isPartOf":{"@id":"https:\/\/stiftung-forum-recht.de\/#website"},"primaryImageOfPage":{"@id":"https:\/\/stiftung-forum-recht.de\/pressemitteilung\/neue-veranstaltungsreihe-in-leipzig-forum-recht-im-dialog\/#primaryimage"},"image":{"@id":"https:\/\/stiftung-forum-recht.de\/pressemitteilung\/neue-veranstaltungsreihe-in-leipzig-forum-recht-im-dialog\/#primaryimage"},"thumbnailUrl":"https:\/\/stiftung-forum-recht.de\/wp-content\/uploads\/2025\/04\/2025_02_12_LetsTalkAboutRecht_InkenGallner_Foto_Damian_Domes_SFR_lq-8-e1747908399827.jpg","datePublished":"2025-06-11T18:49:48+00:00","dateModified":"2025-06-11T18:50:06+00:00","description":"To kick off the after-work series \u201eForum Recht im Dialog: Insights with Cord Br\u00fcgmann,\u201c Christiane Munsberg will be a guest at the Forum Recht Foundation in Leipzig on June 18. Among other topics, the discussion will focus on literature and law as factors contributing to Leipzig\u2019s appeal as a location.","breadcrumb":{"@id":"https:\/\/stiftung-forum-recht.de\/pressemitteilung\/neue-veranstaltungsreihe-in-leipzig-forum-recht-im-dialog\/#breadcrumb"},"inLanguage":"en-US","potentialAction":[{"@type":"ReadAction","target":["https:\/\/stiftung-forum-recht.de\/pressemitteilung\/neue-veranstaltungsreihe-in-leipzig-forum-recht-im-dialog\/"]}]},{"@type":"ImageObject","inLanguage":"en-US","@id":"https:\/\/stiftung-forum-recht.de\/pressemitteilung\/neue-veranstaltungsreihe-in-leipzig-forum-recht-im-dialog\/#primaryimage","url":"https:\/\/stiftung-forum-recht.de\/wp-content\/uploads\/2025\/04\/2025_02_12_LetsTalkAboutRecht_InkenGallner_Foto_Damian_Domes_SFR_lq-8-e1747908399827.jpg","contentUrl":"https:\/\/stiftung-forum-recht.de\/wp-content\/uploads\/2025\/04\/2025_02_12_LetsTalkAboutRecht_InkenGallner_Foto_Damian_Domes_SFR_lq-8-e1747908399827.jpg","width":1980,"height":1140,"caption":"Foto: Damian Domes"},{"@type":"BreadcrumbList","@id":"https:\/\/stiftung-forum-recht.de\/pressemitteilung\/neue-veranstaltungsreihe-in-leipzig-forum-recht-im-dialog\/#breadcrumb","itemListElement":[{"@type":"ListItem","position":1,"name":"Startseite","item":"https:\/\/stiftung-forum-recht.de\/"},{"@type":"ListItem","position":2,"name":"Neue Veranstaltungsreihe in Leipzig: Forum Recht im Dialog"}]},{"@type":"WebSite","@id":"https:\/\/stiftung-forum-recht.de\/#website","url":"https:\/\/stiftung-forum-recht.de\/","name":"Stiftung Forum Recht","description":"THE LAW FORUM","publisher":{"@id":"https:\/\/stiftung-forum-recht.de\/#organization"},"potentialAction":[{"@type":"SearchAction","target":{"@type":"EntryPoint","urlTemplate":"https:\/\/stiftung-forum-recht.de\/?s={search_term_string}"},"query-input":{"@type":"PropertyValueSpecification","valueRequired":true,"valueName":"search_term_string"}}],"inLanguage":"en-US"},{"@type":"Organization","@id":"https:\/\/stiftung-forum-recht.de\/#organization","name":"Stiftung Forum Recht","url":"https:\/\/stiftung-forum-recht.de\/","logo":{"@type":"ImageObject","inLanguage":"en-US","@id":"https:\/\/stiftung-forum-recht.de\/#\/schema\/logo\/image\/","url":"https:\/\/stiftung-forum-recht.de\/wp-content\/uploads\/2020\/10\/sfr-logo-2023.png","contentUrl":"https:\/\/stiftung-forum-recht.de\/wp-content\/uploads\/2020\/10\/sfr-logo-2023.png","width":200,"height":200,"caption":"Stiftung Forum Recht"},"image":{"@id":"https:\/\/stiftung-forum-recht.de\/#\/schema\/logo\/image\/"}},{"@type":"Person","@id":"https:\/\/stiftung-forum-recht.de\/#\/schema\/person\/8327c2c51c9bbd54e0e86a3c448bba10","name":"Romy Klemm","image":{"@type":"ImageObject","inLanguage":"en-US","@id":"https:\/\/secure.gravatar.com\/avatar\/7bf650052447ea004daba80791cf7b2155ff501a0e7676347dd4d11b053b8d51?s=96&d=mm&r=g","url":"https:\/\/secure.gravatar.com\/avatar\/7bf650052447ea004daba80791cf7b2155ff501a0e7676347dd4d11b053b8d51?s=96&d=mm&r=g","contentUrl":"https:\/\/secure.gravatar.com\/avatar\/7bf650052447ea004daba80791cf7b2155ff501a0e7676347dd4d11b053b8d51?s=96&d=mm&r=g","caption":"Romy Klemm"},"url":"https:\/\/stiftung-forum-recht.de\/en\/author\/onlineredakteurin\/"}]}},"meta_box":[],"_links":{"self":[{"href":"https:\/\/stiftung-forum-recht.de\/en\/wp-json\/wp\/v2\/posts\/36480","targetHints":{"allow":["GET"]}}],"collection":[{"href":"https:\/\/stiftung-forum-recht.de\/en\/wp-json\/wp\/v2\/posts"}],"about":[{"href":"https:\/\/stiftung-forum-recht.de\/en\/wp-json\/wp\/v2\/types\/post"}],"author":[{"embeddable":true,"href":"https:\/\/stiftung-forum-recht.de\/en\/wp-json\/wp\/v2\/users\/27"}],"replies":[{"embeddable":true,"href":"https:\/\/stiftung-forum-recht.de\/en\/wp-json\/wp\/v2\/comments?post=36480"}],"version-history":[{"count":0,"href":"https:\/\/stiftung-forum-recht.de\/en\/wp-json\/wp\/v2\/posts\/36480\/revisions"}],"wp:featuredmedia":[{"embeddable":true,"href":"https:\/\/stiftung-forum-recht.de\/en\/wp-json\/wp\/v2\/media\/34036"}],"wp:attachment":[{"href":"https:\/\/stiftung-forum-recht.de\/en\/wp-json\/wp\/v2\/media?parent=36480"}],"wp:term":[{"taxonomy":"category","embeddable":true,"href":"https:\/\/stiftung-forum-recht.de\/en\/wp-json\/wp\/v2\/categories?post=36480"},{"taxonomy":"post_tag","embeddable":true,"href":"https:\/\/stiftung-forum-recht.de\/en\/wp-json\/wp\/v2\/tags?post=36480"}],"curies":[{"name":"wp","href":"https:\/\/api.w.org\/{rel}","templated":true}]}}