{"id":34200,"date":"2025-04-14T10:51:38","date_gmt":"2025-04-14T08:51:38","guid":{"rendered":"https:\/\/stiftung-forum-recht.de\/?p=34200"},"modified":"2026-01-29T15:52:55","modified_gmt":"2026-01-29T14:52:55","slug":"recap-of-the-theme-day-on-human-rights-protection-in-europe","status":"publish","type":"post","link":"https:\/\/stiftung-forum-recht.de\/en\/news\/recap-thementag-menschenrechtsschutz-in-europa\/","title":{"rendered":"That was the theme day in Strasbourg"},"content":{"rendered":"<div data-elementor-type=\"wp-post\" data-elementor-id=\"34200\" class=\"elementor elementor-34200\" data-elementor-post-type=\"post\">\n\t\t\t\t<div data-particle_enable=\"false\" data-particle-mobile-disabled=\"false\" class=\"elementor-element elementor-element-2c150ce9 e-con-full slidercontainer e-flex e-con e-parent\" data-id=\"2c150ce9\" data-element_type=\"container\" data-e-type=\"container\" data-settings=\"{&quot;background_background&quot;:&quot;classic&quot;,&quot;shape_divider_bottom&quot;:&quot;tilt&quot;}\">\n\t\t\t\t<div class=\"elementor-shape elementor-shape-bottom\" aria-hidden=\"true\" data-negative=\"false\">\n\t\t\t<svg xmlns=\"http:\/\/www.w3.org\/2000\/svg\" viewbox=\"0 0 1000 100\" preserveaspectratio=\"none\">\n\t<path class=\"elementor-shape-fill\" d=\"M0,6V0h1000v100L0,6z\"\/>\n<\/svg>\t\t<\/div>\n\t\t\t\t<\/div>\n\t\t\t\t<section data-particle_enable=\"false\" data-particle-mobile-disabled=\"false\" class=\"elementor-section elementor-top-section elementor-element elementor-element-44946ae elementor-section-boxed elementor-section-height-default elementor-section-height-default\" data-id=\"44946ae\" data-element_type=\"section\" data-e-type=\"section\">\n\t\t\t\t\t\t<div class=\"elementor-container elementor-column-gap-default\">\n\t\t\t\t\t<div class=\"elementor-column elementor-col-100 elementor-top-column elementor-element elementor-element-3f314ac\" data-id=\"3f314ac\" data-element_type=\"column\" data-e-type=\"column\">\n\t\t\t<div class=\"elementor-widget-wrap\">\n\t\t\t\t\t\t\t<\/div>\n\t\t<\/div>\n\t\t\t\t\t<\/div>\n\t\t<\/section>\n\t\t<div data-particle_enable=\"false\" data-particle-mobile-disabled=\"false\" class=\"elementor-element elementor-element-ee6be93 e-flex e-con-boxed e-con e-parent\" data-id=\"ee6be93\" data-element_type=\"container\" data-e-type=\"container\">\n\t\t\t\t\t<div class=\"e-con-inner\">\n\t\t\t\t<div class=\"elementor-element elementor-element-c203b0b elementor-widget elementor-widget-text-editor\" data-id=\"c203b0b\" data-element_type=\"widget\" data-e-type=\"widget\" data-widget_type=\"text-editor.default\">\n\t\t\t\t\t\t\t\t\t<p>April 11, 2025<\/p>\t\t\t\t\t\t\t\t<\/div>\n\t\t\t\t<div class=\"elementor-element elementor-element-b81e3a6 elementor-widget elementor-widget-heading\" data-id=\"b81e3a6\" data-element_type=\"widget\" data-e-type=\"widget\" data-widget_type=\"heading.default\">\n\t\t\t\t\t<h1 class=\"elementor-heading-title elementor-size-default\">Against the Tide\u2014For Human Rights<\/h1>\t\t\t\t<\/div>\n\t\t\t\t<div class=\"elementor-element elementor-element-8252f10 elementor-widget elementor-widget-heading\" data-id=\"8252f10\" data-element_type=\"widget\" data-e-type=\"widget\" data-widget_type=\"heading.default\">\n\t\t\t\t\t<h2 class=\"elementor-heading-title elementor-size-default\">Participants in the theme day \u201eHuman Rights Protection in Europe\u201c visited the European Court of Human Rights and the Council of Europe in Strasbourg<\/h2>\t\t\t\t<\/div>\n\t\t\t\t<div class=\"elementor-element elementor-element-bfb205a elementor-widget elementor-widget-text-editor\" data-id=\"bfb205a\" data-element_type=\"widget\" data-e-type=\"widget\" data-widget_type=\"text-editor.default\">\n\t\t\t\t\t\t\t\t\t<p>Heading toward the Rhine, the sightseeing boats travel upstream through Strasbourg\u2014right between the <strong>European Parliament<\/strong> and the <strong>European Court of Human Rights (ECHR)<\/strong> through. For <strong>Lawyer Herbert Rosenfeldt<\/strong> That\u2019s a familiar sight. When he looks out the window of the conference room, it reminds him of his day-to-day work: \u201eWe, too, often have to swim against the current when we\u2019re fighting for human rights.\u201c<\/p><p>It was precisely this commitment to human rights that was the focus of the theme day <strong>\u201eHuman Rights Protection in Europe\u201c <\/strong>the Forum Recht Foundation <strong>on March 28, 2025<\/strong>, who led a diverse group of about 25 interested individuals from the fields of education, journalism, and volunteer work on a visit to the European Court of Human Rights and the Council of Europe in<strong> Strasbourg<\/strong> led. Early in the morning at 7:00 a.m., the group set off from Karlsruhe Central Station\u2014full of anticipation.<\/p>\t\t\t\t\t\t\t\t<\/div>\n\t\t\t\t\t<\/div>\n\t\t\t\t<\/div>\n\t\t<div data-particle_enable=\"false\" data-particle-mobile-disabled=\"false\" class=\"elementor-element elementor-element-6c4107b elementor-hidden-tablet elementor-hidden-mobile e-flex e-con-boxed e-con e-parent\" data-id=\"6c4107b\" data-element_type=\"container\" data-e-type=\"container\">\n\t\t\t\t\t<div class=\"e-con-inner\">\n\t\t<div data-particle_enable=\"false\" data-particle-mobile-disabled=\"false\" class=\"elementor-element elementor-element-52246fc e-con-full e-flex e-con e-child\" data-id=\"52246fc\" data-element_type=\"container\" data-e-type=\"container\">\n\t\t\t\t<div class=\"elementor-element elementor-element-5659193 elementor-widget elementor-widget-heading\" data-id=\"5659193\" data-element_type=\"widget\" data-e-type=\"widget\" data-widget_type=\"heading.default\">\n\t\t\t\t\t<h5 class=\"elementor-heading-title elementor-size-default\">The Work of the European Court of Human Rights<\/h5>\t\t\t\t<\/div>\n\t\t\t\t<div class=\"elementor-element elementor-element-91d08a6 elementor-widget-widescreen__width-initial elementor-widget elementor-widget-text-editor\" data-id=\"91d08a6\" data-element_type=\"widget\" data-e-type=\"widget\" data-widget_type=\"text-editor.default\">\n\t\t\t\t\t\t\t\t\t<p>Upon arrival at the ECHR, we went straight through the security checkpoint. The imposing building made an immediate impression: It is stately without being intimidating\u2014open, flooded with light, and featuring an architectural design that piques one\u2019s curiosity. Viewed from above, it resembles a set of scales: <strong>The two circular meeting rooms symbolize the scales.<\/strong> At the same time, the waterfront setting, with its striking towers, is reminiscent of a ship.<\/p><p>An introductory video provided insights into the day-to-day work of the ECHR. Afterward, [name] welcomed <strong>Herbert Rosenfeldt<\/strong>, a German lawyer at the Court, personally welcomed the group in the hearing room overlooking the European Parliament. In his presentation, he vividly explained how the European Court of Human Rights protects human rights and issues rulings\u2014and how difficult, yet essential, it is to monitor their implementation in the member states.<\/p>\t\t\t\t\t\t\t\t<\/div>\n\t\t\t\t<\/div>\n\t\t<div data-particle_enable=\"false\" data-particle-mobile-disabled=\"false\" class=\"elementor-element elementor-element-7ab2f70 e-con-full e-flex e-con e-child\" data-id=\"7ab2f70\" data-element_type=\"container\" data-e-type=\"container\">\n\t\t\t\t<div class=\"elementor-element elementor-element-97674f5 elementor-widget elementor-widget-image\" data-id=\"97674f5\" data-element_type=\"widget\" data-e-type=\"widget\" data-widget_type=\"image.default\">\n\t\t\t\t\t\t\t\t\t\t\t\t<figure class=\"wp-caption\">\n\t\t\t\t\t\t\t\t\t\t<img fetchpriority=\"high\" decoding=\"async\" width=\"1024\" height=\"683\" src=\"https:\/\/stiftung-forum-recht.de\/wp-content\/uploads\/2025\/04\/2025_03_28_Thementag_Menschenrechtsschutz_Europa_Strassburg_SFR-9-1024x683.jpg\" class=\"attachment-large size-large wp-image-34203\" alt=\"A group of 26 people is standing in front of the European Court of Human Rights building\" srcset=\"https:\/\/stiftung-forum-recht.de\/wp-content\/uploads\/2025\/04\/2025_03_28_Thementag_Menschenrechtsschutz_Europa_Strassburg_SFR-9-1024x683.jpg 1024w, https:\/\/stiftung-forum-recht.de\/wp-content\/uploads\/2025\/04\/2025_03_28_Thementag_Menschenrechtsschutz_Europa_Strassburg_SFR-9-300x200.jpg 300w, https:\/\/stiftung-forum-recht.de\/wp-content\/uploads\/2025\/04\/2025_03_28_Thementag_Menschenrechtsschutz_Europa_Strassburg_SFR-9-768x512.jpg 768w, https:\/\/stiftung-forum-recht.de\/wp-content\/uploads\/2025\/04\/2025_03_28_Thementag_Menschenrechtsschutz_Europa_Strassburg_SFR-9-1536x1024.jpg 1536w, https:\/\/stiftung-forum-recht.de\/wp-content\/uploads\/2025\/04\/2025_03_28_Thementag_Menschenrechtsschutz_Europa_Strassburg_SFR-9-2048x1365.jpg 2048w, https:\/\/stiftung-forum-recht.de\/wp-content\/uploads\/2025\/04\/2025_03_28_Thementag_Menschenrechtsschutz_Europa_Strassburg_SFR-9-18x12.jpg 18w, https:\/\/stiftung-forum-recht.de\/wp-content\/uploads\/2025\/04\/2025_03_28_Thementag_Menschenrechtsschutz_Europa_Strassburg_SFR-9-930x620.jpg 930w\" sizes=\"(max-width: 1024px) 100vw, 1024px\" \/>\t\t\t\t\t\t\t\t\t\t\t<figcaption class=\"widget-image-caption wp-caption-text\">The two round chambers of the European Court of Human Rights, which symbolize the two scales of a balance, are also clearly visible from the outside. Photos: Forum Recht Foundation<\/figcaption>\n\t\t\t\t\t\t\t\t\t\t<\/figure>\n\t\t\t\t\t\t\t\t\t<\/div>\n\t\t\t\t<\/div>\n\t\t\t\t\t<\/div>\n\t\t\t\t<\/div>\n\t\t<div data-particle_enable=\"false\" data-particle-mobile-disabled=\"false\" class=\"elementor-element elementor-element-49773cf elementor-hidden-widescreen elementor-hidden-desktop elementor-hidden-laptop elementor-hidden-tablet_extra e-flex e-con-boxed e-con e-parent\" data-id=\"49773cf\" data-element_type=\"container\" data-e-type=\"container\">\n\t\t\t\t\t<div class=\"e-con-inner\">\n\t\t\t\t<div class=\"elementor-element elementor-element-4f30354 elementor-widget elementor-widget-image\" data-id=\"4f30354\" data-element_type=\"widget\" data-e-type=\"widget\" data-widget_type=\"image.default\">\n\t\t\t\t\t\t\t\t\t\t\t\t<figure class=\"wp-caption\">\n\t\t\t\t\t\t\t\t\t\t<img fetchpriority=\"high\" decoding=\"async\" width=\"1024\" height=\"683\" src=\"https:\/\/stiftung-forum-recht.de\/wp-content\/uploads\/2025\/04\/2025_03_28_Thementag_Menschenrechtsschutz_Europa_Strassburg_SFR-9-1024x683.jpg\" class=\"attachment-large size-large wp-image-34203\" alt=\"A group of 26 people is standing in front of the European Court of Human Rights building\" srcset=\"https:\/\/stiftung-forum-recht.de\/wp-content\/uploads\/2025\/04\/2025_03_28_Thementag_Menschenrechtsschutz_Europa_Strassburg_SFR-9-1024x683.jpg 1024w, https:\/\/stiftung-forum-recht.de\/wp-content\/uploads\/2025\/04\/2025_03_28_Thementag_Menschenrechtsschutz_Europa_Strassburg_SFR-9-300x200.jpg 300w, https:\/\/stiftung-forum-recht.de\/wp-content\/uploads\/2025\/04\/2025_03_28_Thementag_Menschenrechtsschutz_Europa_Strassburg_SFR-9-768x512.jpg 768w, https:\/\/stiftung-forum-recht.de\/wp-content\/uploads\/2025\/04\/2025_03_28_Thementag_Menschenrechtsschutz_Europa_Strassburg_SFR-9-1536x1024.jpg 1536w, https:\/\/stiftung-forum-recht.de\/wp-content\/uploads\/2025\/04\/2025_03_28_Thementag_Menschenrechtsschutz_Europa_Strassburg_SFR-9-2048x1365.jpg 2048w, https:\/\/stiftung-forum-recht.de\/wp-content\/uploads\/2025\/04\/2025_03_28_Thementag_Menschenrechtsschutz_Europa_Strassburg_SFR-9-18x12.jpg 18w, https:\/\/stiftung-forum-recht.de\/wp-content\/uploads\/2025\/04\/2025_03_28_Thementag_Menschenrechtsschutz_Europa_Strassburg_SFR-9-930x620.jpg 930w\" sizes=\"(max-width: 1024px) 100vw, 1024px\" \/>\t\t\t\t\t\t\t\t\t\t\t<figcaption class=\"widget-image-caption wp-caption-text\">The two circular courtrooms of the European Court of Human Rights, which symbolize the two scales, are also clearly visible from the outside. <\/figcaption>\n\t\t\t\t\t\t\t\t\t\t<\/figure>\n\t\t\t\t\t\t\t\t\t<\/div>\n\t\t<div data-particle_enable=\"false\" data-particle-mobile-disabled=\"false\" class=\"elementor-element elementor-element-bd7b704 e-con-full e-flex e-con e-child\" data-id=\"bd7b704\" data-element_type=\"container\" data-e-type=\"container\">\n\t\t\t\t<div class=\"elementor-element elementor-element-95d428c elementor-widget elementor-widget-heading\" data-id=\"95d428c\" data-element_type=\"widget\" data-e-type=\"widget\" data-widget_type=\"heading.default\">\n\t\t\t\t\t<h5 class=\"elementor-heading-title elementor-size-default\">The Work of the European Court of Human Rights<\/h5>\t\t\t\t<\/div>\n\t\t\t\t<div class=\"elementor-element elementor-element-5e3558e elementor-widget-widescreen__width-initial elementor-widget elementor-widget-text-editor\" data-id=\"5e3558e\" data-element_type=\"widget\" data-e-type=\"widget\" data-widget_type=\"text-editor.default\">\n\t\t\t\t\t\t\t\t\t<p>Upon arrival at the ECHR, we went straight through the security checkpoint. The imposing building made an immediate impression: It is stately without being intimidating\u2014open, flooded with light, and featuring an architectural design that piques one\u2019s curiosity. Viewed from above, it resembles a set of scales: <strong>The two circular meeting rooms symbolize the scales.<\/strong> At the same time, the waterfront setting, with its striking towers, is reminiscent of a ship.<\/p><p>An introductory video provided insights into the day-to-day work of the ECHR. Afterward, [name] welcomed <strong>Herbert Rosenfeldt<\/strong>, a German lawyer at the Court, personally welcomed the group in the hearing room overlooking the European Parliament. In his presentation, he vividly explained how the European Court of Human Rights protects human rights and issues rulings\u2014and how difficult, yet essential, it is to monitor their implementation in the member states.<\/p>\t\t\t\t\t\t\t\t<\/div>\n\t\t\t\t<\/div>\n\t\t\t\t\t<\/div>\n\t\t\t\t<\/div>\n\t\t<div data-particle_enable=\"false\" data-particle-mobile-disabled=\"false\" class=\"elementor-element elementor-element-40856a1 e-flex e-con-boxed e-con e-parent\" data-id=\"40856a1\" data-element_type=\"container\" data-e-type=\"container\">\n\t\t\t\t\t<div class=\"e-con-inner\">\n\t\t\t\t<div class=\"elementor-element elementor-element-41348a1 elementor-widget elementor-widget-heading\" data-id=\"41348a1\" data-element_type=\"widget\" data-e-type=\"widget\" data-widget_type=\"heading.default\">\n\t\t\t\t\t<h5 class=\"elementor-heading-title elementor-size-default\">Countries in Focus \u2013 Between Aspiration and Reality<\/h5>\t\t\t\t<\/div>\n\t\t\t\t<div class=\"elementor-element elementor-element-c59ba11 elementor-widget elementor-widget-text-editor\" data-id=\"c59ba11\" data-element_type=\"widget\" data-e-type=\"widget\" data-widget_type=\"text-editor.default\">\n\t\t\t\t\t\t\t\t\t<p>When asked how to deal with countries that struggle to implement human rights standards, Rosenfeldt was candid: It is a challenge. But through its rulings, the Court establishes clear facts that have an impact\u2014both legally and symbolically. As members of the Council of Europe, modern European states have a self-image centered on the protection of <strong>Human Rights<\/strong> to represent. Of course, Rosenfeldt pointed out, there would also be member states that had not yet fully embraced this self-image.<\/p><p><span class=\"TrackChangeTextInsertion TrackedChange SCXW204157524 BCX8\"><span class=\"TextRun SCXW204157524 BCX8\" lang=\"DE-DE\" xml:lang=\"DE-DE\" data-contrast=\"auto\"><span class=\"NormalTextRun SCXW204157524 BCX8\">The <\/span><\/span><\/span><span class=\"TrackChangeTextInsertion TrackedChange SCXW204157524 BCX8\"><span class=\"TextRun SCXW204157524 BCX8\" lang=\"DE-DE\" xml:lang=\"DE-DE\" data-contrast=\"auto\"><span class=\"NormalTextRun SCXW204157524 BCX8\">the largest number of<\/span><\/span><\/span><span class=\"TrackChangeTextInsertion TrackedChange SCXW204157524 BCX8\"><span class=\"TextRun SCXW204157524 BCX8\" lang=\"DE-DE\" xml:lang=\"DE-DE\" data-contrast=\"auto\"><span class=\"NormalTextRun SCXW204157524 BCX8\"> Cases<\/span><\/span><\/span><span class=\"TrackChangeTextInsertion TrackedChange SCXW204157524 BCX8\"><span class=\"TextRun SCXW204157524 BCX8\" lang=\"DE-DE\" xml:lang=\"DE-DE\" data-contrast=\"auto\"><span class=\"NormalTextRun SCXW204157524 BCX8\">n<\/span><\/span><\/span><span class=\"TrackChangeTextInsertion TrackedChange SCXW204157524 BCX8\"><span class=\"TextRun SCXW204157524 BCX8\" lang=\"DE-DE\" xml:lang=\"DE-DE\" data-contrast=\"auto\"><span class=\"NormalTextRun SCXW204157524 BCX8\">, with which s<\/span><\/span><\/span><span class=\"TrackChangeTextInsertion TrackedChange SCXW204157524 BCX8\"><span class=\"TextRun SCXW204157524 BCX8\" lang=\"DE-DE\" xml:lang=\"DE-DE\" data-contrast=\"auto\"><span class=\"NormalTextRun SCXW204157524 BCX8\">I'm working on a case before the ECHR, so come<\/span><\/span><\/span><span class=\"TrackChangeTextInsertion TrackedChange SCXW204157524 BCX8\"><span class=\"TextRun SCXW204157524 BCX8\" lang=\"DE-DE\" xml:lang=\"DE-DE\" data-contrast=\"auto\"><span class=\"NormalTextRun SCXW204157524 BCX8\">t<\/span><\/span><\/span><span class=\"TrackChangeTextInsertion TrackedChange SCXW204157524 BCX8\"><span class=\"TextRun SCXW204157524 BCX8\" lang=\"DE-DE\" xml:lang=\"DE-DE\" data-contrast=\"auto\"><span class=\"NormalTextRun SCXW204157524 BCX8\"> from the<\/span><\/span><\/span> <strong>Turkey\u2014the European Court of Human Rights\u201e \u201cbest client\u201d<\/strong>, as Rosenfeldt notes, not without a touch of sarcasm. Although Turkey is not a member of the EU, it is a member of the Council of Europe, and therefore these cases are being heard before the European Court of Human Rights. Prior to its expulsion from the Council of Europe, <strong>Russia<\/strong> ranks first in the case statistics. Despite all the difficulties, communication with member states is generally constructive\u2014the goal remains the consistent implementation of the European Convention on Human Rights.<\/p><p><!--EndFragment --><\/p>\t\t\t\t\t\t\t\t<\/div>\n\t\t\t\t\t<\/div>\n\t\t\t\t<\/div>\n\t\t<div data-particle_enable=\"false\" data-particle-mobile-disabled=\"false\" class=\"elementor-element elementor-element-8a71eee e-flex e-con-boxed e-con e-parent\" data-id=\"8a71eee\" data-element_type=\"container\" data-e-type=\"container\">\n\t\t\t\t\t<div class=\"e-con-inner\">\n\t\t<div data-particle_enable=\"false\" data-particle-mobile-disabled=\"false\" class=\"elementor-element elementor-element-00a6bed e-grid e-con-full elementor-invisible e-con e-child\" data-id=\"00a6bed\" data-element_type=\"container\" data-e-type=\"container\" data-settings=\"{&quot;shape_divider_top&quot;:&quot;triangle&quot;,&quot;animation&quot;:&quot;zoomIn&quot;}\">\n\t\t\t\t<div class=\"elementor-shape elementor-shape-top\" aria-hidden=\"true\" data-negative=\"false\">\n\t\t\t<svg xmlns=\"http:\/\/www.w3.org\/2000\/svg\" viewbox=\"0 0 1000 100\" preserveaspectratio=\"none\">\n\t<path class=\"elementor-shape-fill\" d=\"M500,98.9L0,6.1V0h1000v6.1L500,98.9z\"\/>\n<\/svg>\t\t<\/div>\n\t\t\t\t<div class=\"elementor-element elementor-element-9776eb3 animated-slow elementor-invisible elementor-widget elementor-widget-image\" data-id=\"9776eb3\" data-element_type=\"widget\" data-e-type=\"widget\" data-settings=\"{&quot;_animation&quot;:&quot;zoomIn&quot;}\" data-widget_type=\"image.default\">\n\t\t\t\t\t\t\t\t\t\t\t\t<figure class=\"wp-caption\">\n\t\t\t\t\t\t\t\t\t\t\t<a href=\"https:\/\/stiftung-forum-recht.de\/wp-content\/uploads\/2025\/04\/2025_03_28_Thementag_Menschenrechtsschutz_Europa_Strassburg_SFR-32-scaled.jpg\" data-elementor-open-lightbox=\"yes\" data-elementor-lightbox-title=\"Der Europ\u00e4ische Gerichtshof f\u00fcr Menschenrechtein Stra\u00dfburg\" data-elementor-lightbox-description=\"28. M\u00e4rz 2025Thementag Stra\u00dfburg2025_03_28_Thementag_Menschenrechtsschutz_Europa_Stra\u00dfburg_SFR (32)\" data-e-action-hash=\"#elementor-action%3Aaction%3Dlightbox%26settings%3DeyJpZCI6MzQyMDUsInVybCI6Imh0dHBzOlwvXC9zdGlmdHVuZy1mb3J1bS1yZWNodC5kZVwvd3AtY29udGVudFwvdXBsb2Fkc1wvMjAyNVwvMDRcLzIwMjVfMDNfMjhfVGhlbWVudGFnX01lbnNjaGVucmVjaHRzc2NodXR6X0V1cm9wYV9TdHJhc3NidXJnX1NGUi0zMi1zY2FsZWQuanBnIn0%3D\">\n\t\t\t\t\t\t\t<img decoding=\"async\" width=\"1024\" height=\"683\" src=\"https:\/\/stiftung-forum-recht.de\/wp-content\/uploads\/2025\/04\/2025_03_28_Thementag_Menschenrechtsschutz_Europa_Strassburg_SFR-32-1024x683.jpg\" class=\"attachment-large size-large wp-image-34205\" alt=\"Visitors to the European Court of Human Rights walk through the plenary chamber\" srcset=\"https:\/\/stiftung-forum-recht.de\/wp-content\/uploads\/2025\/04\/2025_03_28_Thementag_Menschenrechtsschutz_Europa_Strassburg_SFR-32-1024x683.jpg 1024w, https:\/\/stiftung-forum-recht.de\/wp-content\/uploads\/2025\/04\/2025_03_28_Thementag_Menschenrechtsschutz_Europa_Strassburg_SFR-32-300x200.jpg 300w, https:\/\/stiftung-forum-recht.de\/wp-content\/uploads\/2025\/04\/2025_03_28_Thementag_Menschenrechtsschutz_Europa_Strassburg_SFR-32-768x512.jpg 768w, https:\/\/stiftung-forum-recht.de\/wp-content\/uploads\/2025\/04\/2025_03_28_Thementag_Menschenrechtsschutz_Europa_Strassburg_SFR-32-1536x1024.jpg 1536w, https:\/\/stiftung-forum-recht.de\/wp-content\/uploads\/2025\/04\/2025_03_28_Thementag_Menschenrechtsschutz_Europa_Strassburg_SFR-32-2048x1365.jpg 2048w, https:\/\/stiftung-forum-recht.de\/wp-content\/uploads\/2025\/04\/2025_03_28_Thementag_Menschenrechtsschutz_Europa_Strassburg_SFR-32-18x12.jpg 18w, https:\/\/stiftung-forum-recht.de\/wp-content\/uploads\/2025\/04\/2025_03_28_Thementag_Menschenrechtsschutz_Europa_Strassburg_SFR-32-930x620.jpg 930w\" sizes=\"(max-width: 1024px) 100vw, 1024px\" \/>\t\t\t\t\t\t\t\t<\/a>\n\t\t\t\t\t\t\t\t\t\t\t<figcaption class=\"widget-image-caption wp-caption-text\">Chamber of the European Court of Human Rights<\/figcaption>\n\t\t\t\t\t\t\t\t\t\t<\/figure>\n\t\t\t\t\t\t\t\t\t<\/div>\n\t\t\t\t<div class=\"elementor-element elementor-element-33afe76 animated-slow elementor-invisible elementor-widget elementor-widget-image\" data-id=\"33afe76\" data-element_type=\"widget\" data-e-type=\"widget\" data-settings=\"{&quot;_animation&quot;:&quot;zoomIn&quot;}\" data-widget_type=\"image.default\">\n\t\t\t\t\t\t\t\t\t\t\t\t<figure class=\"wp-caption\">\n\t\t\t\t\t\t\t\t\t\t\t<a href=\"https:\/\/stiftung-forum-recht.de\/wp-content\/uploads\/2025\/04\/2025_03_28_Thementag_Menschenrechtsschutz_Europa_Strassburg_SFR-21-scaled.jpg\" data-elementor-open-lightbox=\"yes\" data-elementor-lightbox-title=\"Die Menschenrechte\" data-elementor-lightbox-description=\"28. M\u00e4rz 2025Thementag Stra\u00dfburg2025_03_28_Thementag_Menschenrechtsschutz_Europa_Stra\u00dfburg_SFR (21)\" data-e-action-hash=\"#elementor-action%3Aaction%3Dlightbox%26settings%3DeyJpZCI6MzQyMDQsInVybCI6Imh0dHBzOlwvXC9zdGlmdHVuZy1mb3J1bS1yZWNodC5kZVwvd3AtY29udGVudFwvdXBsb2Fkc1wvMjAyNVwvMDRcLzIwMjVfMDNfMjhfVGhlbWVudGFnX01lbnNjaGVucmVjaHRzc2NodXR6X0V1cm9wYV9TdHJhc3NidXJnX1NGUi0yMS1zY2FsZWQuanBnIn0%3D\">\n\t\t\t\t\t\t\t<img decoding=\"async\" width=\"1024\" height=\"683\" src=\"https:\/\/stiftung-forum-recht.de\/wp-content\/uploads\/2025\/04\/2025_03_28_Thementag_Menschenrechtsschutz_Europa_Strassburg_SFR-21-1024x683.jpg\" class=\"attachment-large size-large wp-image-34204\" alt=\"A woman visits the Human Rights Exhibition at the European Court of Human Rights in Strasbourg\" srcset=\"https:\/\/stiftung-forum-recht.de\/wp-content\/uploads\/2025\/04\/2025_03_28_Thementag_Menschenrechtsschutz_Europa_Strassburg_SFR-21-1024x683.jpg 1024w, https:\/\/stiftung-forum-recht.de\/wp-content\/uploads\/2025\/04\/2025_03_28_Thementag_Menschenrechtsschutz_Europa_Strassburg_SFR-21-300x200.jpg 300w, https:\/\/stiftung-forum-recht.de\/wp-content\/uploads\/2025\/04\/2025_03_28_Thementag_Menschenrechtsschutz_Europa_Strassburg_SFR-21-768x512.jpg 768w, https:\/\/stiftung-forum-recht.de\/wp-content\/uploads\/2025\/04\/2025_03_28_Thementag_Menschenrechtsschutz_Europa_Strassburg_SFR-21-1536x1024.jpg 1536w, https:\/\/stiftung-forum-recht.de\/wp-content\/uploads\/2025\/04\/2025_03_28_Thementag_Menschenrechtsschutz_Europa_Strassburg_SFR-21-2048x1365.jpg 2048w, https:\/\/stiftung-forum-recht.de\/wp-content\/uploads\/2025\/04\/2025_03_28_Thementag_Menschenrechtsschutz_Europa_Strassburg_SFR-21-18x12.jpg 18w, https:\/\/stiftung-forum-recht.de\/wp-content\/uploads\/2025\/04\/2025_03_28_Thementag_Menschenrechtsschutz_Europa_Strassburg_SFR-21-930x620.jpg 930w\" sizes=\"(max-width: 1024px) 100vw, 1024px\" \/>\t\t\t\t\t\t\t\t<\/a>\n\t\t\t\t\t\t\t\t\t\t\t<figcaption class=\"widget-image-caption wp-caption-text\">Exhibition in the lobby of the European Court of Human Rights<\/figcaption>\n\t\t\t\t\t\t\t\t\t\t<\/figure>\n\t\t\t\t\t\t\t\t\t<\/div>\n\t\t\t\t<div class=\"elementor-element elementor-element-0f12c49 animated-slow elementor-invisible elementor-widget elementor-widget-image\" data-id=\"0f12c49\" data-element_type=\"widget\" data-e-type=\"widget\" data-settings=\"{&quot;_animation&quot;:&quot;zoomIn&quot;}\" data-widget_type=\"image.default\">\n\t\t\t\t\t\t\t\t\t\t\t\t<figure class=\"wp-caption\">\n\t\t\t\t\t\t\t\t\t\t\t<a href=\"https:\/\/stiftung-forum-recht.de\/wp-content\/uploads\/2025\/04\/2025_03_28_Thementag_Menschenrechtsschutz_Europa_Strassburg_SFR-71-scaled.jpg\" data-elementor-open-lightbox=\"yes\" data-elementor-lightbox-description=\"28. M\u00e4rz 2025Thementag Stra\u00dfburg2025_03_28_Thementag_Menschenrechtsschutz_Europa_Stra\u00dfburg_SFR (71)\" data-e-action-hash=\"#elementor-action%3Aaction%3Dlightbox%26settings%3DeyJpZCI6MzQyMDYsInVybCI6Imh0dHBzOlwvXC9zdGlmdHVuZy1mb3J1bS1yZWNodC5kZVwvd3AtY29udGVudFwvdXBsb2Fkc1wvMjAyNVwvMDRcLzIwMjVfMDNfMjhfVGhlbWVudGFnX01lbnNjaGVucmVjaHRzc2NodXR6X0V1cm9wYV9TdHJhc3NidXJnX1NGUi03MS1zY2FsZWQuanBnIn0%3D\">\n\t\t\t\t\t\t\t<img loading=\"lazy\" decoding=\"async\" width=\"1024\" height=\"683\" src=\"https:\/\/stiftung-forum-recht.de\/wp-content\/uploads\/2025\/04\/2025_03_28_Thementag_Menschenrechtsschutz_Europa_Strassburg_SFR-71-1024x683.jpg\" class=\"attachment-large size-large wp-image-34206\" alt=\"In a conference room, a man is sitting at a table and giving a speech to an audience\" srcset=\"https:\/\/stiftung-forum-recht.de\/wp-content\/uploads\/2025\/04\/2025_03_28_Thementag_Menschenrechtsschutz_Europa_Strassburg_SFR-71-1024x683.jpg 1024w, https:\/\/stiftung-forum-recht.de\/wp-content\/uploads\/2025\/04\/2025_03_28_Thementag_Menschenrechtsschutz_Europa_Strassburg_SFR-71-300x200.jpg 300w, https:\/\/stiftung-forum-recht.de\/wp-content\/uploads\/2025\/04\/2025_03_28_Thementag_Menschenrechtsschutz_Europa_Strassburg_SFR-71-768x512.jpg 768w, https:\/\/stiftung-forum-recht.de\/wp-content\/uploads\/2025\/04\/2025_03_28_Thementag_Menschenrechtsschutz_Europa_Strassburg_SFR-71-1536x1024.jpg 1536w, https:\/\/stiftung-forum-recht.de\/wp-content\/uploads\/2025\/04\/2025_03_28_Thementag_Menschenrechtsschutz_Europa_Strassburg_SFR-71-2048x1365.jpg 2048w, https:\/\/stiftung-forum-recht.de\/wp-content\/uploads\/2025\/04\/2025_03_28_Thementag_Menschenrechtsschutz_Europa_Strassburg_SFR-71-18x12.jpg 18w, https:\/\/stiftung-forum-recht.de\/wp-content\/uploads\/2025\/04\/2025_03_28_Thementag_Menschenrechtsschutz_Europa_Strassburg_SFR-71-930x620.jpg 930w\" sizes=\"(max-width: 1024px) 100vw, 1024px\" \/>\t\t\t\t\t\t\t\t<\/a>\n\t\t\t\t\t\t\t\t\t\t\t<figcaption class=\"widget-image-caption wp-caption-text\">Council of Europe Meeting Room<\/figcaption>\n\t\t\t\t\t\t\t\t\t\t<\/figure>\n\t\t\t\t\t\t\t\t\t<\/div>\n\t\t\t\t<\/div>\n\t\t\t\t\t<\/div>\n\t\t\t\t<\/div>\n\t\t<div data-particle_enable=\"false\" data-particle-mobile-disabled=\"false\" class=\"elementor-element elementor-element-c07edfe e-flex e-con-boxed e-con e-parent\" data-id=\"c07edfe\" data-element_type=\"container\" data-e-type=\"container\">\n\t\t\t\t\t<div class=\"e-con-inner\">\n\t\t\t\t<div class=\"elementor-element elementor-element-c810c1d elementor-widget elementor-widget-heading\" data-id=\"c810c1d\" data-element_type=\"widget\" data-e-type=\"widget\" data-widget_type=\"heading.default\">\n\t\t\t\t\t<h5 class=\"elementor-heading-title elementor-size-default\">Architecture Meets the European Ideal<\/h5>\t\t\t\t<\/div>\n\t\t\t\t<div class=\"elementor-element elementor-element-b1ade64 elementor-widget elementor-widget-text-editor\" data-id=\"b1ade64\" data-element_type=\"widget\" data-e-type=\"widget\" data-widget_type=\"text-editor.default\">\n\t\t\t\t\t\t\t\t\t<p>After a question-and-answer session, the group was able to <strong>\u201eEuropean Court of Human Rights\u201c<\/strong> Visit\u2014the bright blue carpets with the golden EU stars are truly memorable. <span class=\"TextRun SCXW135515014 BCX8\" lang=\"DE-DE\" xml:lang=\"DE-DE\" data-contrast=\"auto\"><span class=\"NormalTextRun SCXW135515014 BCX8\">The building's color scheme of blue, white, and red is also reminiscent of<\/span><\/span><span class=\"TextRun SCXW135515014 BCX8\" lang=\"DE-DE\" xml:lang=\"DE-DE\" data-contrast=\"auto\"><span class=\"NormalTextRun SCXW135515014 BCX8\"> the French national colors<\/span><\/span>\u00a0<span class=\"TextRun SCXW135515014 BCX8\" lang=\"DE-DE\" xml:lang=\"DE-DE\" data-contrast=\"auto\"><span class=\"NormalTextRun SCXW135515014 BCX8\">\u2013 and thus to the host country of the Court<\/span><\/span><span class=\"TextRun SCXW135515014 BCX8\" lang=\"DE-DE\" xml:lang=\"DE-DE\" data-contrast=\"auto\"><span class=\"NormalTextRun SCXW135515014 BCX8\">.<\/span><\/span><span class=\"EOP SCXW135515014 BCX8\" data-ccp-props=\"{}\">\u00a0<\/span><\/p>\n<p>During the lunch break, there was just enough time for an Alsatian tarte flamb\u00e9e; I quickly grabbed a pain au chocolat or a baguette for a little afternoon snack, and off we went again.<\/p>\t\t\t\t\t\t\t\t<\/div>\n\t\t\t\t\t<\/div>\n\t\t\t\t<\/div>\n\t\t<div data-particle_enable=\"false\" data-particle-mobile-disabled=\"false\" class=\"elementor-element elementor-element-09af82b e-flex e-con-boxed e-con e-parent\" data-id=\"09af82b\" data-element_type=\"container\" data-e-type=\"container\">\n\t\t\t\t\t<div class=\"e-con-inner\">\n\t\t\t\t<div class=\"elementor-element elementor-element-3f8d174 elementor-widget elementor-widget-image\" data-id=\"3f8d174\" data-element_type=\"widget\" data-e-type=\"widget\" data-widget_type=\"image.default\">\n\t\t\t\t\t\t\t\t\t\t\t\t<figure class=\"wp-caption\">\n\t\t\t\t\t\t\t\t\t\t<img loading=\"lazy\" decoding=\"async\" width=\"930\" height=\"620\" src=\"https:\/\/stiftung-forum-recht.de\/wp-content\/uploads\/2025\/04\/2025_03_28_Thementag_Menschenrechtsschutz_Europa_Strassburg_SFR-56-930x620.jpg\" class=\"attachment-neve-blog size-neve-blog wp-image-34208\" alt=\"\" \/>\t\t\t\t\t\t\t\t\t\t\t<figcaption class=\"widget-image-caption wp-caption-text\">Visitors' Gallery in the Hall of the Parliamentary Assembly, Council of Europe<\/figcaption>\n\t\t\t\t\t\t\t\t\t\t<\/figure>\n\t\t\t\t\t\t\t\t\t<\/div>\n\t\t<div data-particle_enable=\"false\" data-particle-mobile-disabled=\"false\" class=\"elementor-element elementor-element-fb8a198 e-con-full e-flex e-con e-child\" data-id=\"fb8a198\" data-element_type=\"container\" data-e-type=\"container\">\n\t\t\t\t<div class=\"elementor-element elementor-element-77d6af6 elementor-widget elementor-widget-heading\" data-id=\"77d6af6\" data-element_type=\"widget\" data-e-type=\"widget\" data-widget_type=\"heading.default\">\n\t\t\t\t\t<h5 class=\"elementor-heading-title elementor-size-default\">Visit to the Council of Europe<\/h5>\t\t\t\t<\/div>\n\t\t\t\t<div class=\"elementor-element elementor-element-e20d3de elementor-widget elementor-widget-text-editor\" data-id=\"e20d3de\" data-element_type=\"widget\" data-e-type=\"widget\" data-widget_type=\"text-editor.default\">\n\t\t\t\t\t\t\t\t\t<p>In the afternoon, a visit to the Council of Europe was on the agenda. Forty-six flags fly in front of the building\u2014those of the member states, arranged alphabetically by their English names. In the hall of the Parliamentary Assembly, where, among other things, the judges of the European Court of Human Rights are elected and conventions are adopted, the political dimension of human rights protection became tangible. The sessions here are open to the public\u2014to ensure transparency and enable democratic participation.<\/p>\n<p>The three cornerstones of the Council of Europe\u2014human rights, democracy, and the rule of law\u2014run through all of its institutions. The European Court of Human Rights is closely linked to the Council of Europe and monitors compliance with the Convention on Human Rights, which entered into force in 1950.<\/p>\t\t\t\t\t\t\t\t<\/div>\n\t\t\t\t<\/div>\n\t\t\t\t\t<\/div>\n\t\t\t\t<\/div>\n\t\t<div data-particle_enable=\"false\" data-particle-mobile-disabled=\"false\" class=\"elementor-element elementor-element-a8b6ace e-flex e-con-boxed e-con e-parent\" data-id=\"a8b6ace\" data-element_type=\"container\" data-e-type=\"container\">\n\t\t\t\t\t<div class=\"e-con-inner\">\n\t\t<div data-particle_enable=\"false\" data-particle-mobile-disabled=\"false\" class=\"elementor-element elementor-element-6639214 e-con-full e-flex e-con e-child\" data-id=\"6639214\" data-element_type=\"container\" data-e-type=\"container\">\n\t\t\t\t<div class=\"elementor-element elementor-element-214ecd1 animated-slow elementor-invisible elementor-widget elementor-widget-image\" data-id=\"214ecd1\" data-element_type=\"widget\" data-e-type=\"widget\" data-settings=\"{&quot;_animation&quot;:&quot;zoomIn&quot;}\" data-widget_type=\"image.default\">\n\t\t\t\t\t\t\t\t\t\t\t\t\t\t\t<img loading=\"lazy\" decoding=\"async\" width=\"683\" height=\"1024\" src=\"https:\/\/stiftung-forum-recht.de\/wp-content\/uploads\/2025\/04\/2025_03_28_Thementag_Menschenrechtsschutz_Europa_Strassburg_SFR-45-683x1024.jpg\" class=\"attachment-large size-large wp-image-34209\" alt=\"\" srcset=\"https:\/\/stiftung-forum-recht.de\/wp-content\/uploads\/2025\/04\/2025_03_28_Thementag_Menschenrechtsschutz_Europa_Strassburg_SFR-45-683x1024.jpg 683w, https:\/\/stiftung-forum-recht.de\/wp-content\/uploads\/2025\/04\/2025_03_28_Thementag_Menschenrechtsschutz_Europa_Strassburg_SFR-45-200x300.jpg 200w, https:\/\/stiftung-forum-recht.de\/wp-content\/uploads\/2025\/04\/2025_03_28_Thementag_Menschenrechtsschutz_Europa_Strassburg_SFR-45-768x1152.jpg 768w, https:\/\/stiftung-forum-recht.de\/wp-content\/uploads\/2025\/04\/2025_03_28_Thementag_Menschenrechtsschutz_Europa_Strassburg_SFR-45-1024x1536.jpg 1024w, https:\/\/stiftung-forum-recht.de\/wp-content\/uploads\/2025\/04\/2025_03_28_Thementag_Menschenrechtsschutz_Europa_Strassburg_SFR-45-1365x2048.jpg 1365w, https:\/\/stiftung-forum-recht.de\/wp-content\/uploads\/2025\/04\/2025_03_28_Thementag_Menschenrechtsschutz_Europa_Strassburg_SFR-45-8x12.jpg 8w, https:\/\/stiftung-forum-recht.de\/wp-content\/uploads\/2025\/04\/2025_03_28_Thementag_Menschenrechtsschutz_Europa_Strassburg_SFR-45-scaled.jpg 1707w\" sizes=\"(max-width: 683px) 100vw, 683px\" \/>\t\t\t\t\t\t\t\t\t\t\t\t\t\t\t<\/div>\n\t\t\t\t<\/div>\n\t\t<div data-particle_enable=\"false\" data-particle-mobile-disabled=\"false\" class=\"elementor-element elementor-element-b7b7daf e-con-full e-flex e-con e-child\" data-id=\"b7b7daf\" data-element_type=\"container\" data-e-type=\"container\">\n\t\t\t\t<div class=\"elementor-element elementor-element-2763a5b animated-slow elementor-invisible elementor-widget elementor-widget-image\" data-id=\"2763a5b\" data-element_type=\"widget\" data-e-type=\"widget\" data-settings=\"{&quot;_animation&quot;:&quot;zoomIn&quot;}\" data-widget_type=\"image.default\">\n\t\t\t\t\t\t\t\t\t\t\t\t\t\t\t<img loading=\"lazy\" decoding=\"async\" width=\"683\" height=\"1024\" src=\"https:\/\/stiftung-forum-recht.de\/wp-content\/uploads\/2025\/04\/2025_03_28_Thementag_Menschenrechtsschutz_Europa_Strassburg_SFR-72-683x1024.jpg\" class=\"attachment-large size-large wp-image-34207\" alt=\"\" srcset=\"https:\/\/stiftung-forum-recht.de\/wp-content\/uploads\/2025\/04\/2025_03_28_Thementag_Menschenrechtsschutz_Europa_Strassburg_SFR-72-683x1024.jpg 683w, https:\/\/stiftung-forum-recht.de\/wp-content\/uploads\/2025\/04\/2025_03_28_Thementag_Menschenrechtsschutz_Europa_Strassburg_SFR-72-200x300.jpg 200w, https:\/\/stiftung-forum-recht.de\/wp-content\/uploads\/2025\/04\/2025_03_28_Thementag_Menschenrechtsschutz_Europa_Strassburg_SFR-72-768x1152.jpg 768w, https:\/\/stiftung-forum-recht.de\/wp-content\/uploads\/2025\/04\/2025_03_28_Thementag_Menschenrechtsschutz_Europa_Strassburg_SFR-72-1024x1536.jpg 1024w, https:\/\/stiftung-forum-recht.de\/wp-content\/uploads\/2025\/04\/2025_03_28_Thementag_Menschenrechtsschutz_Europa_Strassburg_SFR-72-1365x2048.jpg 1365w, https:\/\/stiftung-forum-recht.de\/wp-content\/uploads\/2025\/04\/2025_03_28_Thementag_Menschenrechtsschutz_Europa_Strassburg_SFR-72-8x12.jpg 8w, https:\/\/stiftung-forum-recht.de\/wp-content\/uploads\/2025\/04\/2025_03_28_Thementag_Menschenrechtsschutz_Europa_Strassburg_SFR-72-scaled.jpg 1707w\" sizes=\"(max-width: 683px) 100vw, 683px\" \/>\t\t\t\t\t\t\t\t\t\t\t\t\t\t\t<\/div>\n\t\t\t\t<\/div>\n\t\t\t\t\t<\/div>\n\t\t\t\t<\/div>\n\t\t<div data-particle_enable=\"false\" data-particle-mobile-disabled=\"false\" class=\"elementor-element elementor-element-675753d e-flex e-con-boxed e-con e-parent\" data-id=\"675753d\" data-element_type=\"container\" data-e-type=\"container\">\n\t\t\t\t\t<div class=\"e-con-inner\">\n\t\t\t\t<div class=\"elementor-element elementor-element-b2a54bf elementor-widget elementor-widget-heading\" data-id=\"b2a54bf\" data-element_type=\"widget\" data-e-type=\"widget\" data-widget_type=\"heading.default\">\n\t\t\t\t\t<h5 class=\"elementor-heading-title elementor-size-default\">Expert Input and a Diversity of Perspectives<\/h5>\t\t\t\t<\/div>\n\t\t\t\t<div class=\"elementor-element elementor-element-caa9cc3 elementor-widget elementor-widget-text-editor\" data-id=\"caa9cc3\" data-element_type=\"widget\" data-e-type=\"widget\" data-widget_type=\"text-editor.default\">\n\t\t\t\t\t\t\t\t\t<p>The day was rounded out by two expert presentations: <strong>Irene Suominen<\/strong> from the Public International Law Division and Treaty Office and <strong>Prof. Dr. Marten Breuer<\/strong> Representatives from the University of Konstanz explained the work of the Council of Europe and the European Court of Human Rights in a very clear and practical way, using current and historical case studies. The group discussion was particularly enriching: the participants\u2019 diverse professional backgrounds led to lively discussions that brought a wide range of perspectives to the table. In this way, the participants expanded on the knowledge they had gained by drawing on their own experiences and topics.<\/p>\n<p>On the drive back to Karlsruhe, the lively discussion continued\u2014about what they had heard and seen, as well as any remaining questions. The day provided many insights and pieces of information that the participants can take with them and apply to their professional practice.<br \/>The theme day in Strasbourg offered not only a wealth of information, but also inspiration and the realization that advocating for human rights sometimes requires swimming \u201eagainst the current,\u201c but never fails to make an impact.<\/p>\n<p><strong><a href=\"https:\/\/stiftung-forum-recht.de\/vermittlung\/fortbildungen\/\" target=\"_blank\" rel=\"noopener\">Here you can find out about upcoming theme days and other professional development opportunities.\u00a0<\/a><\/strong><\/p>\t\t\t\t\t\t\t\t<\/div>\n\t\t\t\t\t<\/div>\n\t\t\t\t<\/div>\n\t\t\t\t<\/div>","protected":false},"excerpt":{"rendered":"<p>The theme day \u201eHuman Rights Protection in Europe\u201c took participants to the European Court of Human Rights and the Council of Europe in Strasbourg on Friday, March 28, 2025. <\/p>","protected":false},"author":27,"featured_media":34202,"comment_status":"open","ping_status":"open","sticky":false,"template":"","format":"standard","meta":{"_acf_changed":false,"neve_meta_sidebar":"","neve_meta_container":"","neve_meta_enable_content_width":"","neve_meta_content_width":0,"neve_meta_title_alignment":"","neve_meta_author_avatar":"","neve_post_elements_order":"","neve_meta_disable_header":"","neve_meta_disable_footer":"","neve_meta_disable_title":"","_themeisle_gutenberg_block_has_review":false,"footnotes":""},"categories":[135,8,27],"tags":[125,126,101,23,124],"class_list":["post-34200","post","type-post","status-publish","format-standard","has-post-thumbnail","hentry","category-fortbildungen","category-news","category-vermittlung","tag-fortbildung","tag-multiplikator","tag-rechtsstaat","tag-sfrnews","tag-thementage"],"acf":[],"yoast_head":"<!-- This site is optimized with the Yoast SEO plugin v28.3 - https:\/\/yoast.com\/product\/yoast-seo-wordpress\/ -->\n<title>Das war der Thementag in Stra\u00dfburg | Stiftung Forum Recht<\/title>\n<meta name=\"description\" content=\"F\u00fcr den Thementag \u201eMenschenrechtsschutz in Europa\u201c lud die Stiftung Forum Recht an den Europ\u00e4ischen Gerichtshof f\u00fcr Menschenrechte und Europarat nach Stra\u00dfburg ein.\" \/>\n<meta name=\"robots\" content=\"index, follow, max-snippet:-1, max-image-preview:large, max-video-preview:-1\" \/>\n<link rel=\"canonical\" href=\"https:\/\/stiftung-forum-recht.de\/en\/news\/recap-of-the-theme-day-on-human-rights-protection-in-europe\/\" \/>\n<meta property=\"og:locale\" content=\"en_US\" \/>\n<meta property=\"og:type\" content=\"article\" \/>\n<meta property=\"og:title\" content=\"Das war der Thementag in Stra\u00dfburg | Stiftung Forum Recht\" \/>\n<meta property=\"og:description\" content=\"F\u00fcr den Thementag \u201eMenschenrechtsschutz in Europa\u201c lud die Stiftung Forum Recht an den Europ\u00e4ischen Gerichtshof f\u00fcr Menschenrechte und Europarat nach Stra\u00dfburg ein.\" \/>\n<meta property=\"og:url\" content=\"https:\/\/stiftung-forum-recht.de\/en\/news\/recap-of-the-theme-day-on-human-rights-protection-in-europe\/\" \/>\n<meta property=\"og:site_name\" content=\"Stiftung Forum Recht\" \/>\n<meta property=\"article:published_time\" content=\"2025-04-14T08:51:38+00:00\" \/>\n<meta property=\"article:modified_time\" content=\"2026-01-29T14:52:55+00:00\" \/>\n<meta property=\"og:image\" content=\"https:\/\/stiftung-forum-recht.de\/wp-content\/uploads\/2025\/04\/2025_03_28_Thementag_Menschenrechtsschutz_Europa_Strassburg_SFR-53_Startbild-scaled.jpg\" \/>\n\t<meta property=\"og:image:width\" content=\"2560\" \/>\n\t<meta property=\"og:image:height\" content=\"1707\" \/>\n\t<meta property=\"og:image:type\" content=\"image\/jpeg\" \/>\n<meta name=\"author\" content=\"Romy Klemm\" \/>\n<meta name=\"twitter:card\" content=\"summary_large_image\" \/>\n<meta name=\"twitter:label1\" content=\"Written by\" \/>\n\t<meta name=\"twitter:data1\" content=\"Romy Klemm\" \/>\n\t<meta name=\"twitter:label2\" content=\"Est. reading time\" \/>\n\t<meta name=\"twitter:data2\" content=\"4 minutes\" \/>\n<!-- \/ Yoast SEO plugin. -->","yoast_head_json":{"title":"That Was the Theme Day in Strasbourg | Forum Recht Foundation","description":"For the theme day \u201eHuman Rights Protection in Europe,\u201c the Forum Recht Foundation hosted an event at the European Court of Human Rights and the Council of Europe in Strasbourg.","robots":{"index":"index","follow":"follow","max-snippet":"max-snippet:-1","max-image-preview":"max-image-preview:large","max-video-preview":"max-video-preview:-1"},"canonical":"https:\/\/stiftung-forum-recht.de\/en\/news\/recap-of-the-theme-day-on-human-rights-protection-in-europe\/","og_locale":"en_US","og_type":"article","og_title":"Das war der Thementag in Stra\u00dfburg | Stiftung Forum Recht","og_description":"F\u00fcr den Thementag \u201eMenschenrechtsschutz in Europa\u201c lud die Stiftung Forum Recht an den Europ\u00e4ischen Gerichtshof f\u00fcr Menschenrechte und Europarat nach Stra\u00dfburg ein.","og_url":"https:\/\/stiftung-forum-recht.de\/en\/news\/recap-of-the-theme-day-on-human-rights-protection-in-europe\/","og_site_name":"Stiftung Forum Recht","article_published_time":"2025-04-14T08:51:38+00:00","article_modified_time":"2026-01-29T14:52:55+00:00","og_image":[{"width":2560,"height":1707,"url":"https:\/\/stiftung-forum-recht.de\/wp-content\/uploads\/2025\/04\/2025_03_28_Thementag_Menschenrechtsschutz_Europa_Strassburg_SFR-53_Startbild-scaled.jpg","type":"image\/jpeg"}],"author":"Romy Klemm","twitter_card":"summary_large_image","twitter_misc":{"Written by":"Romy Klemm","Est. reading time":"4 minutes"},"schema":{"@context":"https:\/\/schema.org","@graph":[{"@type":"Article","@id":"https:\/\/stiftung-forum-recht.de\/news\/recap-thementag-menschenrechtsschutz-in-europa\/#article","isPartOf":{"@id":"https:\/\/stiftung-forum-recht.de\/news\/recap-thementag-menschenrechtsschutz-in-europa\/"},"author":{"name":"Romy Klemm","@id":"https:\/\/stiftung-forum-recht.de\/#\/schema\/person\/8327c2c51c9bbd54e0e86a3c448bba10"},"headline":"Das war der Thementag in Stra\u00dfburg","datePublished":"2025-04-14T08:51:38+00:00","dateModified":"2026-01-29T14:52:55+00:00","mainEntityOfPage":{"@id":"https:\/\/stiftung-forum-recht.de\/news\/recap-thementag-menschenrechtsschutz-in-europa\/"},"wordCount":1030,"commentCount":0,"publisher":{"@id":"https:\/\/stiftung-forum-recht.de\/#organization"},"image":{"@id":"https:\/\/stiftung-forum-recht.de\/news\/recap-thementag-menschenrechtsschutz-in-europa\/#primaryimage"},"thumbnailUrl":"https:\/\/stiftung-forum-recht.de\/wp-content\/uploads\/2025\/04\/2025_03_28_Thementag_Menschenrechtsschutz_Europa_Strassburg_SFR-53_Startbild-scaled.jpg","keywords":["Fortbildung","Multiplikator","Rechtsstaat","SFRNews","Thementage"],"articleSection":["Fortbildungen","News","Vermittlung und Bildungsarbeit"],"inLanguage":"en-US","potentialAction":[{"@type":"CommentAction","name":"Comment","target":["https:\/\/stiftung-forum-recht.de\/news\/recap-thementag-menschenrechtsschutz-in-europa\/#respond"]}]},{"@type":"WebPage","@id":"https:\/\/stiftung-forum-recht.de\/news\/recap-thementag-menschenrechtsschutz-in-europa\/","url":"https:\/\/stiftung-forum-recht.de\/news\/recap-thementag-menschenrechtsschutz-in-europa\/","name":"That Was the Theme Day in Strasbourg | Forum Recht Foundation","isPartOf":{"@id":"https:\/\/stiftung-forum-recht.de\/#website"},"primaryImageOfPage":{"@id":"https:\/\/stiftung-forum-recht.de\/news\/recap-thementag-menschenrechtsschutz-in-europa\/#primaryimage"},"image":{"@id":"https:\/\/stiftung-forum-recht.de\/news\/recap-thementag-menschenrechtsschutz-in-europa\/#primaryimage"},"thumbnailUrl":"https:\/\/stiftung-forum-recht.de\/wp-content\/uploads\/2025\/04\/2025_03_28_Thementag_Menschenrechtsschutz_Europa_Strassburg_SFR-53_Startbild-scaled.jpg","datePublished":"2025-04-14T08:51:38+00:00","dateModified":"2026-01-29T14:52:55+00:00","description":"For the theme day \u201eHuman Rights Protection in Europe,\u201c the Forum Recht Foundation hosted an event at the European Court of Human Rights and the Council of Europe in Strasbourg.","breadcrumb":{"@id":"https:\/\/stiftung-forum-recht.de\/news\/recap-thementag-menschenrechtsschutz-in-europa\/#breadcrumb"},"inLanguage":"en-US","potentialAction":[{"@type":"ReadAction","target":["https:\/\/stiftung-forum-recht.de\/news\/recap-thementag-menschenrechtsschutz-in-europa\/"]}]},{"@type":"ImageObject","inLanguage":"en-US","@id":"https:\/\/stiftung-forum-recht.de\/news\/recap-thementag-menschenrechtsschutz-in-europa\/#primaryimage","url":"https:\/\/stiftung-forum-recht.de\/wp-content\/uploads\/2025\/04\/2025_03_28_Thementag_Menschenrechtsschutz_Europa_Strassburg_SFR-53_Startbild-scaled.jpg","contentUrl":"https:\/\/stiftung-forum-recht.de\/wp-content\/uploads\/2025\/04\/2025_03_28_Thementag_Menschenrechtsschutz_Europa_Strassburg_SFR-53_Startbild-scaled.jpg","width":2560,"height":1707,"caption":"Blick in den Sitzungssaal des EGMR"},{"@type":"BreadcrumbList","@id":"https:\/\/stiftung-forum-recht.de\/news\/recap-thementag-menschenrechtsschutz-in-europa\/#breadcrumb","itemListElement":[{"@type":"ListItem","position":1,"name":"Startseite","item":"https:\/\/stiftung-forum-recht.de\/"},{"@type":"ListItem","position":2,"name":"Das war der Thementag in Stra\u00dfburg"}]},{"@type":"WebSite","@id":"https:\/\/stiftung-forum-recht.de\/#website","url":"https:\/\/stiftung-forum-recht.de\/","name":"Stiftung Forum Recht","description":"THE LAW FORUM","publisher":{"@id":"https:\/\/stiftung-forum-recht.de\/#organization"},"potentialAction":[{"@type":"SearchAction","target":{"@type":"EntryPoint","urlTemplate":"https:\/\/stiftung-forum-recht.de\/?s={search_term_string}"},"query-input":{"@type":"PropertyValueSpecification","valueRequired":true,"valueName":"search_term_string"}}],"inLanguage":"en-US"},{"@type":"Organization","@id":"https:\/\/stiftung-forum-recht.de\/#organization","name":"Stiftung Forum Recht","url":"https:\/\/stiftung-forum-recht.de\/","logo":{"@type":"ImageObject","inLanguage":"en-US","@id":"https:\/\/stiftung-forum-recht.de\/#\/schema\/logo\/image\/","url":"https:\/\/stiftung-forum-recht.de\/wp-content\/uploads\/2020\/10\/sfr-logo-2023.png","contentUrl":"https:\/\/stiftung-forum-recht.de\/wp-content\/uploads\/2020\/10\/sfr-logo-2023.png","width":200,"height":200,"caption":"Stiftung Forum Recht"},"image":{"@id":"https:\/\/stiftung-forum-recht.de\/#\/schema\/logo\/image\/"}},{"@type":"Person","@id":"https:\/\/stiftung-forum-recht.de\/#\/schema\/person\/8327c2c51c9bbd54e0e86a3c448bba10","name":"Romy Klemm","image":{"@type":"ImageObject","inLanguage":"en-US","@id":"https:\/\/secure.gravatar.com\/avatar\/7bf650052447ea004daba80791cf7b2155ff501a0e7676347dd4d11b053b8d51?s=96&d=mm&r=g","url":"https:\/\/secure.gravatar.com\/avatar\/7bf650052447ea004daba80791cf7b2155ff501a0e7676347dd4d11b053b8d51?s=96&d=mm&r=g","contentUrl":"https:\/\/secure.gravatar.com\/avatar\/7bf650052447ea004daba80791cf7b2155ff501a0e7676347dd4d11b053b8d51?s=96&d=mm&r=g","caption":"Romy Klemm"},"url":"https:\/\/stiftung-forum-recht.de\/en\/author\/onlineredakteurin\/"}]}},"meta_box":[],"_links":{"self":[{"href":"https:\/\/stiftung-forum-recht.de\/en\/wp-json\/wp\/v2\/posts\/34200","targetHints":{"allow":["GET"]}}],"collection":[{"href":"https:\/\/stiftung-forum-recht.de\/en\/wp-json\/wp\/v2\/posts"}],"about":[{"href":"https:\/\/stiftung-forum-recht.de\/en\/wp-json\/wp\/v2\/types\/post"}],"author":[{"embeddable":true,"href":"https:\/\/stiftung-forum-recht.de\/en\/wp-json\/wp\/v2\/users\/27"}],"replies":[{"embeddable":true,"href":"https:\/\/stiftung-forum-recht.de\/en\/wp-json\/wp\/v2\/comments?post=34200"}],"version-history":[{"count":0,"href":"https:\/\/stiftung-forum-recht.de\/en\/wp-json\/wp\/v2\/posts\/34200\/revisions"}],"wp:featuredmedia":[{"embeddable":true,"href":"https:\/\/stiftung-forum-recht.de\/en\/wp-json\/wp\/v2\/media\/34202"}],"wp:attachment":[{"href":"https:\/\/stiftung-forum-recht.de\/en\/wp-json\/wp\/v2\/media?parent=34200"}],"wp:term":[{"taxonomy":"category","embeddable":true,"href":"https:\/\/stiftung-forum-recht.de\/en\/wp-json\/wp\/v2\/categories?post=34200"},{"taxonomy":"post_tag","embeddable":true,"href":"https:\/\/stiftung-forum-recht.de\/en\/wp-json\/wp\/v2\/tags?post=34200"}],"curies":[{"name":"wp","href":"https:\/\/api.w.org\/{rel}","templated":true}]}}