{"id":33527,"date":"2025-03-27T09:07:21","date_gmt":"2025-03-27T08:07:21","guid":{"rendered":"https:\/\/stiftung-forum-recht.de\/?p=33527"},"modified":"2025-04-15T15:27:09","modified_gmt":"2025-04-15T13:27:09","slug":"the-right-to-borders-a-conversation-with-migration-expert-daniel-thym","status":"publish","type":"post","link":"https:\/\/stiftung-forum-recht.de\/en\/pressemitteilung\/recht-an-grenzen-gespraech-mit-migrationsexperte-daniel-thym\/","title":{"rendered":"Law at the Borders \u2013 A Conversation with Daniel Thym, an Expert in Immigration Law"},"content":{"rendered":"<div data-elementor-type=\"wp-post\" data-elementor-id=\"33527\" class=\"elementor elementor-33527\" data-elementor-post-type=\"post\">\n\t\t\t\t<div data-particle_enable=\"false\" data-particle-mobile-disabled=\"false\" class=\"elementor-element elementor-element-5f87549 slidercontainer e-flex e-con-boxed e-con e-parent\" data-id=\"5f87549\" data-element_type=\"container\" data-e-type=\"container\" data-settings=\"{&quot;shape_divider_bottom&quot;:&quot;tilt&quot;}\">\n\t\t\t\t\t<div class=\"e-con-inner\">\n\t\t\t\t<div class=\"elementor-shape elementor-shape-bottom\" aria-hidden=\"true\" data-negative=\"false\">\n\t\t\t<svg xmlns=\"http:\/\/www.w3.org\/2000\/svg\" viewbox=\"0 0 1000 100\" preserveaspectratio=\"none\">\n\t<path class=\"elementor-shape-fill\" d=\"M0,6V0h1000v100L0,6z\"\/>\n<\/svg>\t\t<\/div>\n\t\t\t\t<div class=\"elementor-element elementor-element-a5698fa elementor-widget elementor-widget-template\" data-id=\"a5698fa\" data-element_type=\"widget\" data-e-type=\"widget\" data-widget_type=\"template.default\">\n\t\t\t\t<div class=\"elementor-widget-container\">\n\t\t\t\t\t\t\t<div class=\"elementor-template\">\n\t\t\t\t\t<div data-elementor-type=\"container\" data-elementor-id=\"15844\" class=\"elementor elementor-15844\" data-elementor-post-type=\"elementor_library\">\n\t\t\t\t<div data-particle_enable=\"false\" data-particle-mobile-disabled=\"false\" class=\"elementor-element elementor-element-9a7825a e-con-full slidercontainer e-transform e-flex e-con e-parent\" data-id=\"9a7825a\" data-element_type=\"container\" data-e-type=\"container\" data-settings=\"{&quot;background_background&quot;:&quot;classic&quot;,&quot;shape_divider_bottom&quot;:&quot;tilt&quot;,&quot;_transform_skewX_effect&quot;:{&quot;unit&quot;:&quot;px&quot;,&quot;size&quot;:&quot;&quot;,&quot;sizes&quot;:[]},&quot;_transform_skewX_effect_widescreen&quot;:{&quot;unit&quot;:&quot;deg&quot;,&quot;size&quot;:&quot;&quot;,&quot;sizes&quot;:[]},&quot;_transform_skewX_effect_laptop&quot;:{&quot;unit&quot;:&quot;deg&quot;,&quot;size&quot;:&quot;&quot;,&quot;sizes&quot;:[]},&quot;_transform_skewX_effect_tablet_extra&quot;:{&quot;unit&quot;:&quot;deg&quot;,&quot;size&quot;:&quot;&quot;,&quot;sizes&quot;:[]},&quot;_transform_skewX_effect_tablet&quot;:{&quot;unit&quot;:&quot;deg&quot;,&quot;size&quot;:&quot;&quot;,&quot;sizes&quot;:[]},&quot;_transform_skewX_effect_mobile&quot;:{&quot;unit&quot;:&quot;deg&quot;,&quot;size&quot;:&quot;&quot;,&quot;sizes&quot;:[]},&quot;_transform_skewY_effect&quot;:{&quot;unit&quot;:&quot;px&quot;,&quot;size&quot;:&quot;&quot;,&quot;sizes&quot;:[]},&quot;_transform_skewY_effect_widescreen&quot;:{&quot;unit&quot;:&quot;deg&quot;,&quot;size&quot;:&quot;&quot;,&quot;sizes&quot;:[]},&quot;_transform_skewY_effect_laptop&quot;:{&quot;unit&quot;:&quot;deg&quot;,&quot;size&quot;:&quot;&quot;,&quot;sizes&quot;:[]},&quot;_transform_skewY_effect_tablet_extra&quot;:{&quot;unit&quot;:&quot;deg&quot;,&quot;size&quot;:&quot;&quot;,&quot;sizes&quot;:[]},&quot;_transform_skewY_effect_tablet&quot;:{&quot;unit&quot;:&quot;deg&quot;,&quot;size&quot;:&quot;&quot;,&quot;sizes&quot;:[]},&quot;_transform_skewY_effect_mobile&quot;:{&quot;unit&quot;:&quot;deg&quot;,&quot;size&quot;:&quot;&quot;,&quot;sizes&quot;:[]}}\">\n\t\t\t\t<div class=\"elementor-shape elementor-shape-bottom\" aria-hidden=\"true\" data-negative=\"false\">\n\t\t\t<svg xmlns=\"http:\/\/www.w3.org\/2000\/svg\" viewbox=\"0 0 1000 100\" preserveaspectratio=\"none\">\n\t<path class=\"elementor-shape-fill\" d=\"M0,6V0h1000v100L0,6z\"\/>\n<\/svg>\t\t<\/div>\n\t\t\t\t<\/div>\n\t\t\t\t<\/div>\n\t\t\t\t<\/div>\n\t\t\t\t\t\t<\/div>\n\t\t\t\t<\/div>\n\t\t\t\t\t<\/div>\n\t\t\t\t<\/div>\n\t\t\t\t<section data-particle_enable=\"false\" data-particle-mobile-disabled=\"false\" class=\"elementor-section elementor-top-section elementor-element elementor-element-e989b8f elementor-section-boxed elementor-section-height-default elementor-section-height-default\" data-id=\"e989b8f\" data-element_type=\"section\" data-e-type=\"section\">\n\t\t\t\t\t\t<div class=\"elementor-container elementor-column-gap-default\">\n\t\t\t\t\t<div class=\"elementor-column elementor-col-100 elementor-top-column elementor-element elementor-element-b133490\" data-id=\"b133490\" data-element_type=\"column\" data-e-type=\"column\">\n\t\t\t<div class=\"elementor-widget-wrap elementor-element-populated\">\n\t\t\t\t\t\t<div class=\"elementor-element elementor-element-7a3a580 elementor-widget elementor-widget-text-editor\" data-id=\"7a3a580\" data-element_type=\"widget\" data-e-type=\"widget\" data-widget_type=\"text-editor.default\">\n\t\t\t\t\t\t\t\t\t<p>March 27, 2025<\/p>\t\t\t\t\t\t\t\t<\/div>\n\t\t\t\t<div class=\"elementor-element elementor-element-4d88bfa elementor-widget__width-initial elementor-widget elementor-widget-text-editor\" data-id=\"4d88bfa\" data-element_type=\"widget\" data-e-type=\"widget\" data-widget_type=\"text-editor.default\">\n\t\t\t\t\t\t\t\t\t<h1>Event canceled:<\/h1><h1>Law at the Borders \u2013 A Public Discussion with Prof. Dr. Daniel Thym<\/h1>\t\t\t\t\t\t\t\t<\/div>\n\t\t\t\t\t<\/div>\n\t\t<\/div>\n\t\t\t\t\t<\/div>\n\t\t<\/section>\n\t\t\t\t<section data-particle_enable=\"false\" data-particle-mobile-disabled=\"false\" class=\"elementor-section elementor-top-section elementor-element elementor-element-6fb6a53 elementor-section-boxed elementor-section-height-default elementor-section-height-default\" data-id=\"6fb6a53\" data-element_type=\"section\" data-e-type=\"section\">\n\t\t\t\t\t\t<div class=\"elementor-container elementor-column-gap-default\">\n\t\t\t\t\t<div class=\"elementor-column elementor-col-100 elementor-top-column elementor-element elementor-element-7acdbb9\" data-id=\"7acdbb9\" data-element_type=\"column\" data-e-type=\"column\">\n\t\t\t<div class=\"elementor-widget-wrap elementor-element-populated\">\n\t\t\t\t\t\t<div class=\"elementor-element elementor-element-1d86a68 elementor-widget elementor-widget-text-editor\" data-id=\"1d86a68\" data-element_type=\"widget\" data-e-type=\"widget\" data-widget_type=\"text-editor.default\">\n\t\t\t\t\t\t\t\t\t<p><strong>Unfortunately, the event \u201eLaw at the Borders: A Legal Perspective on Migration\u201c with Prof. Dr. Daniel Thym, scheduled for April 9, 2025, at 7:00 p.m., has had to be canceled on short notice. <\/strong><\/p><h3><strong>To the original press release:<\/strong><\/h3><p><strong>The Forum Recht Foundation invites you to a discussion on Wednesday, April 9, 2025, at 7:00 p.m., titled \u201eLaw at the Borders: A Legal Perspective on Migration,\u201c featuring <\/strong><strong>Prof. Dr. Daniel Thym. How can a legal perspective help in this heated debate?<\/strong><\/p><p><strong>Leipzig.\u00a0<\/strong>No issue has dominated the recent Bundestag election campaign quite like migration. From the idea of an open-door immigration society to serious concerns about communities\u2019 capacity for integration, to positions that call fundamental rights into question: the public debate remains heated. Can a legal perspective counter this growing polarization? \u00a0\u00a0<\/p><p>On April 9, the lawyer and expert in immigration law <strong>Prof. Dr. Daniel Thym<\/strong> from the University of Konstanz, a guest speaker in the lecture series \u201e<strong>\u201cLet's Talk About Law\"<\/strong> the Forum Recht Foundation. In his latest book, *Managing Migration: A Guide for the Here and Now* (C.H. Beck, 2025), Thym seeks legal and policy-based answers to current challenges. In the discussion \u201eLaw at the Borders: A Legal Perspective on Migration,\u201c he discusses <strong>Marie-Elisabeth Miersch<\/strong>, a research associate at the foundation, with him <strong>fundamental questions of the<\/strong> <strong>Immigration Law<\/strong>: How are asylum and migration already regulated in Germany and the European Union? What leeway do policymakers have to implement stricter regulations? And what rights do refugees and migrants have?<\/p><p>The foundation invites the <strong>Audience<\/strong> to participate in the conversation by asking questions and engaging in direct dialogue with the guest.<\/p><p><strong>The discussion will take place at 7:00 p.m. at the Stiftung Forum Recht in downtown Leipzig (Universit\u00e4tsstra\u00dfe 20). Admission is free.<\/strong><\/p><h3><strong>Let's Talk About Law<\/strong><\/h3><p>Since February 2025, the Forum Recht Foundation in Leipzig has been hosting a regular series of discussions through the end of the year <strong>\u201eLet\u2019s Talk About Recht\u201c <\/strong>. The guests are <strong>Prominent Figures from Various Fields of Law<\/strong>, who talk about their day-to-day work and share their perspectives on a current legal issue. The topics selected for the series are relevant to people\u2019s lives and concern us all: from labor law to tenancy law to freedom of speech.<\/p>\t\t\t\t\t\t\t\t<\/div>\n\t\t\t\t\t<\/div>\n\t\t<\/div>\n\t\t\t\t\t<\/div>\n\t\t<\/section>\n\t\t<div data-particle_enable=\"false\" data-particle-mobile-disabled=\"false\" class=\"elementor-element elementor-element-5977b27 e-flex e-con-boxed e-con e-parent\" data-id=\"5977b27\" data-element_type=\"container\" data-e-type=\"container\">\n\t\t\t\t\t<div class=\"e-con-inner\">\n\t\t\t\t<div class=\"elementor-element elementor-element-a29a2e9 elementor-widget elementor-widget-heading\" data-id=\"a29a2e9\" data-element_type=\"widget\" data-e-type=\"widget\" data-widget_type=\"heading.default\">\n\t\t\t\t\t<h2 class=\"elementor-heading-title elementor-size-default\">Info at a glance<\/h2>\t\t\t\t<\/div>\n\t\t\t\t<div class=\"elementor-element elementor-element-da00c0a elementor-widget elementor-widget-text-editor\" data-id=\"da00c0a\" data-element_type=\"widget\" data-e-type=\"widget\" data-widget_type=\"text-editor.default\">\n\t\t\t\t\t\t\t\t\t<h3><strong>\"Let's Talk About Law\" - The interactive discussion series<\/strong><\/h3><p>We discuss current and fundamental legal issues that concern everyone with exciting guests and the audience.<\/p><p><strong>Event canceled! Wednesday, April 9, 2025, 7:00\u20138:30 p.m. <\/strong><br \/>Topic: \u201eLaw at the Borders: A Legal Perspective on Migration.\u201c <br \/>with <strong>Prof. Dr. Daniel Thym<\/strong>, Professor of Public Law, European Law, and International Law at the University of Konstanz <br \/>at the Forum Recht Foundation, Universit\u00e4tsstra\u00dfe 20, Leipzig<\/p><p><strong>Moderated by<\/strong>: Marie-Elisabeth Miersch, research associate at the Forum Recht Foundation<\/p><p>The event is free of charge.<\/p><p><strong>More details: <\/strong><a href=\"https:\/\/stiftung-forum-recht.de\/veranstaltungen\/gespraechsreihe-lets-talk-about-recht\/\"><strong>www.stiftung-forum-recht.de\/LetsTalkAboutRecht\/\u00a0<\/strong><\/a><\/p>\t\t\t\t\t\t\t\t<\/div>\n\t\t\t\t\t<\/div>\n\t\t\t\t<\/div>\n\t\t<div data-particle_enable=\"false\" data-particle-mobile-disabled=\"false\" class=\"elementor-element elementor-element-823c46a e-flex e-con-boxed e-con e-parent\" data-id=\"823c46a\" data-element_type=\"container\" data-e-type=\"container\">\n\t\t\t\t\t<div class=\"e-con-inner\">\n\t\t<div data-particle_enable=\"false\" data-particle-mobile-disabled=\"false\" class=\"elementor-element elementor-element-e628752 e-con-full e-flex e-con e-child\" data-id=\"e628752\" data-element_type=\"container\" data-e-type=\"container\">\n\t\t\t\t<div class=\"elementor-element elementor-element-a1febca elementor-widget-widescreen__width-initial elementor-widget elementor-widget-text-editor\" data-id=\"a1febca\" data-element_type=\"widget\" data-e-type=\"widget\" data-widget_type=\"text-editor.default\">\n\t\t\t\t\t\t\t\t\t<p><strong>Press contact<br \/><\/strong><\/p><div class=\"elementor-column elementor-col-50 elementor-inner-column elementor-element elementor-element-43f34c5\" data-id=\"43f34c5\" data-element_type=\"column\"><div class=\"elementor-widget-wrap elementor-element-populated\"><div class=\"elementor-element elementor-element-931e011 elementor-widget elementor-widget-text-editor\" data-id=\"931e011\" data-element_type=\"widget\" data-widget_type=\"text-editor.default\"><div class=\"elementor-widget-container\"><p><strong>Stiftung Forum Recht<\/strong><br \/>Charlotte Gro\u00dfmann<br \/>+49 176 57992906<br \/>grossmann@stiftung-forum-recht.de<\/p><p>\u00a0<\/p><\/div><\/div><\/div><\/div>\t\t\t\t\t\t\t\t<\/div>\n\t\t\t\t<\/div>\n\t\t<div data-particle_enable=\"false\" data-particle-mobile-disabled=\"false\" class=\"elementor-element elementor-element-0a5453c e-con-full e-flex e-con e-child\" data-id=\"0a5453c\" data-element_type=\"container\" data-e-type=\"container\">\n\t\t\t\t<div class=\"elementor-element elementor-element-53e1c1c elementor-widget elementor-widget-button\" data-id=\"53e1c1c\" data-element_type=\"widget\" data-e-type=\"widget\" data-widget_type=\"button.default\">\n\t\t\t\t\t\t\t\t\t\t<a class=\"elementor-button elementor-button-link elementor-size-md\" href=\"https:\/\/stiftung-forum-recht.de\/wp-content\/uploads\/2025\/03\/2025_03_27_PM_Lets-Talk-About-Recht_09.April_Leipzig_Stiftung-Forum-Recht-1.pdf\" target=\"_blank\">\n\t\t\t\t\t\t<span class=\"elementor-button-content-wrapper\">\n\t\t\t\t\t\t\t\t\t<span class=\"elementor-button-text\">Download press release as PDF<\/span>\n\t\t\t\t\t<\/span>\n\t\t\t\t\t<\/a>\n\t\t\t\t\t\t\t\t<\/div>\n\t\t\t\t<\/div>\n\t\t\t\t\t<\/div>\n\t\t\t\t<\/div>\n\t\t<div data-particle_enable=\"false\" data-particle-mobile-disabled=\"false\" class=\"elementor-element elementor-element-396f98b e-flex e-con-boxed e-con e-parent\" data-id=\"396f98b\" data-element_type=\"container\" data-e-type=\"container\">\n\t\t\t\t\t<div class=\"e-con-inner\">\n\t\t\t\t<div class=\"elementor-element elementor-element-a2934c4 elementor-widget elementor-widget-heading\" data-id=\"a2934c4\" data-element_type=\"widget\" data-e-type=\"widget\" data-widget_type=\"heading.default\">\n\t\t\t\t\t<h2 class=\"elementor-heading-title elementor-size-default\">Image material<\/h2>\t\t\t\t<\/div>\n\t\t\t\t<div class=\"elementor-element elementor-element-8590954 elementor-widget elementor-widget-text-editor\" data-id=\"8590954\" data-element_type=\"widget\" data-e-type=\"widget\" data-widget_type=\"text-editor.default\">\n\t\t\t\t\t\t\t\t\t<p>The press photos can be downloaded here and used free of charge for editorial purposes in connection with the Stiftung Forum Recht, provided the copyright is stated.<\/p>\t\t\t\t\t\t\t\t<\/div>\n\t\t\t\t\t<\/div>\n\t\t\t\t<\/div>\n\t\t<div data-particle_enable=\"false\" data-particle-mobile-disabled=\"false\" class=\"elementor-element elementor-element-0de480d e-flex e-con-boxed e-con e-parent\" data-id=\"0de480d\" data-element_type=\"container\" data-e-type=\"container\">\n\t\t\t\t\t<div class=\"e-con-inner\">\n\t\t<div data-particle_enable=\"false\" data-particle-mobile-disabled=\"false\" class=\"elementor-element elementor-element-95c1309 e-con-full e-flex e-con e-child\" data-id=\"95c1309\" data-element_type=\"container\" data-e-type=\"container\">\n\t\t\t\t<div class=\"elementor-element elementor-element-46cc611 elementor-widget elementor-widget-image\" data-id=\"46cc611\" data-element_type=\"widget\" data-e-type=\"widget\" data-widget_type=\"image.default\">\n\t\t\t\t\t\t\t\t\t\t\t\t\t\t\t\t<a href=\"https:\/\/stiftung-forum-recht.de\/wp-content\/uploads\/2025\/01\/LTAR_Facebook-LinkedIn_KeyVisual.png\" data-elementor-open-lightbox=\"yes\" data-elementor-lightbox-title=\"Let\u00b4s Talk About Recht - Die interaktive Gespr\u00e4chsreihe der Stiftung Forum Recht\" data-e-action-hash=\"#elementor-action%3Aaction%3Dlightbox%26settings%3DeyJpZCI6MzExNzksInVybCI6Imh0dHBzOlwvXC9zdGlmdHVuZy1mb3J1bS1yZWNodC5kZVwvd3AtY29udGVudFwvdXBsb2Fkc1wvMjAyNVwvMDFcL0xUQVJfRmFjZWJvb2stTGlua2VkSW5fS2V5VmlzdWFsLnBuZyJ9\">\n\t\t\t\t\t\t\t<img fetchpriority=\"high\" decoding=\"async\" width=\"1024\" height=\"538\" src=\"https:\/\/stiftung-forum-recht.de\/wp-content\/uploads\/2025\/01\/LTAR_Facebook-LinkedIn_KeyVisual-1024x538.png\" class=\"attachment-large size-large wp-image-31179\" alt=\"&quot;Let&#039;s Talk About Rights&quot; is written in teal on a bright orange background with a pink gradient. This is the key visual for the event.\" srcset=\"https:\/\/stiftung-forum-recht.de\/wp-content\/uploads\/2025\/01\/LTAR_Facebook-LinkedIn_KeyVisual-1024x538.png 1024w, https:\/\/stiftung-forum-recht.de\/wp-content\/uploads\/2025\/01\/LTAR_Facebook-LinkedIn_KeyVisual-300x158.png 300w, https:\/\/stiftung-forum-recht.de\/wp-content\/uploads\/2025\/01\/LTAR_Facebook-LinkedIn_KeyVisual-768x403.png 768w, https:\/\/stiftung-forum-recht.de\/wp-content\/uploads\/2025\/01\/LTAR_Facebook-LinkedIn_KeyVisual-18x9.png 18w, https:\/\/stiftung-forum-recht.de\/wp-content\/uploads\/2025\/01\/LTAR_Facebook-LinkedIn_KeyVisual.png 1200w\" sizes=\"(max-width: 1024px) 100vw, 1024px\" \/>\t\t\t\t\t\t\t\t<\/a>\n\t\t\t\t\t\t\t\t\t\t\t\t\t\t\t<\/div>\n\t\t\t\t<\/div>\n\t\t<div data-particle_enable=\"false\" data-particle-mobile-disabled=\"false\" class=\"elementor-element elementor-element-c04ee33 e-con-full e-flex e-con e-child\" data-id=\"c04ee33\" data-element_type=\"container\" data-e-type=\"container\">\n\t\t\t\t<div class=\"elementor-element elementor-element-46d3963 elementor-widget elementor-widget-image\" data-id=\"46d3963\" data-element_type=\"widget\" data-e-type=\"widget\" data-widget_type=\"image.default\">\n\t\t\t\t\t\t\t\t\t\t\t\t<figure class=\"wp-caption\">\n\t\t\t\t\t\t\t\t\t\t\t<a href=\"https:\/\/stiftung-forum-recht.de\/wp-content\/uploads\/2025\/04\/8_JVA-Halle-Hafthaus-A-Aufnahme-2019.jpg\" data-elementor-open-lightbox=\"yes\" data-elementor-lightbox-title=\"Hafthaus A JVA Halle (Saale)\" data-e-action-hash=\"#elementor-action%3Aaction%3Dlightbox%26settings%3DeyJpZCI6MzQzMDgsInVybCI6Imh0dHBzOlwvXC9zdGlmdHVuZy1mb3J1bS1yZWNodC5kZVwvd3AtY29udGVudFwvdXBsb2Fkc1wvMjAyNVwvMDRcLzhfSlZBLUhhbGxlLUhhZnRoYXVzLUEtQXVmbmFobWUtMjAxOS5qcGcifQ%3D%3D\">\n\t\t\t\t\t\t\t<img decoding=\"async\" width=\"612\" height=\"408\" src=\"https:\/\/stiftung-forum-recht.de\/wp-content\/uploads\/2025\/04\/8_JVA-Halle-Hafthaus-A-Aufnahme-2019.jpg\" class=\"attachment-large size-large wp-image-34308\" alt=\"View of Detention Block A at the Halle (Saale) Correctional Facility.\" srcset=\"https:\/\/stiftung-forum-recht.de\/wp-content\/uploads\/2025\/04\/8_JVA-Halle-Hafthaus-A-Aufnahme-2019.jpg 612w, https:\/\/stiftung-forum-recht.de\/wp-content\/uploads\/2025\/04\/8_JVA-Halle-Hafthaus-A-Aufnahme-2019-300x200.jpg 300w, https:\/\/stiftung-forum-recht.de\/wp-content\/uploads\/2025\/04\/8_JVA-Halle-Hafthaus-A-Aufnahme-2019-18x12.jpg 18w\" sizes=\"(max-width: 612px) 100vw, 612px\" \/>\t\t\t\t\t\t\t\t<\/a>\n\t\t\t\t\t\t\t\t\t\t\t<figcaption class=\"widget-image-caption wp-caption-text\">View of Cell Block A at the Halle Correctional Facility. Photo: \u201eRoter Ochse\u201c Memorial\u201c<\/figcaption>\n\t\t\t\t\t\t\t\t\t\t<\/figure>\n\t\t\t\t\t\t\t\t\t<\/div>\n\t\t\t\t<\/div>\n\t\t<div data-particle_enable=\"false\" data-particle-mobile-disabled=\"false\" class=\"elementor-element elementor-element-7cb9361 e-con-full e-flex e-con e-child\" data-id=\"7cb9361\" data-element_type=\"container\" data-e-type=\"container\">\n\t\t\t\t<div class=\"elementor-element elementor-element-6adc387 elementor-widget elementor-widget-image\" data-id=\"6adc387\" data-element_type=\"widget\" data-e-type=\"widget\" data-widget_type=\"image.default\">\n\t\t\t\t\t\t\t\t\t\t\t\t<figure class=\"wp-caption\">\n\t\t\t\t\t\t\t\t\t\t\t<a href=\"https:\/\/stiftung-forum-recht.de\/wp-content\/uploads\/2025\/03\/2025_02_19_Lets_Talk_about_Recht_Leipzig_Foto_Tom_Schulze_SFR_0110_LQ.jpg\" data-elementor-open-lightbox=\"yes\" data-elementor-lightbox-title=\"Stiftung Forum Recht - Leipzig am 19.02.2025\u201eLet\u2019s Talk about Recht\u201c\" data-elementor-lightbox-description=\"Standort der Stiftung Forum Recht in der Universit\u00e4tsstra\u00dfe 20 in Leipzig bei einer Abendveranstaltung\" data-e-action-hash=\"#elementor-action%3Aaction%3Dlightbox%26settings%3DeyJpZCI6MzMxODUsInVybCI6Imh0dHBzOlwvXC9zdGlmdHVuZy1mb3J1bS1yZWNodC5kZVwvd3AtY29udGVudFwvdXBsb2Fkc1wvMjAyNVwvMDNcLzIwMjVfMDJfMTlfTGV0c19UYWxrX2Fib3V0X1JlY2h0X0xlaXB6aWdfRm90b19Ub21fU2NodWx6ZV9TRlJfMDExMF9MUS5qcGcifQ%3D%3D\">\n\t\t\t\t\t\t\t<img decoding=\"async\" width=\"1024\" height=\"683\" src=\"https:\/\/stiftung-forum-recht.de\/wp-content\/uploads\/2025\/03\/2025_02_19_Lets_Talk_about_Recht_Leipzig_Foto_Tom_Schulze_SFR_0110_LQ-1024x683.jpg\" class=\"attachment-large size-large wp-image-33185\" alt=\"A view through a ground-level window wall into an event hall where the audience is seated in rows. Large orange posters from the Forum Recht Foundation hang in the windows.\" srcset=\"https:\/\/stiftung-forum-recht.de\/wp-content\/uploads\/2025\/03\/2025_02_19_Lets_Talk_about_Recht_Leipzig_Foto_Tom_Schulze_SFR_0110_LQ-1024x683.jpg 1024w, https:\/\/stiftung-forum-recht.de\/wp-content\/uploads\/2025\/03\/2025_02_19_Lets_Talk_about_Recht_Leipzig_Foto_Tom_Schulze_SFR_0110_LQ-300x200.jpg 300w, https:\/\/stiftung-forum-recht.de\/wp-content\/uploads\/2025\/03\/2025_02_19_Lets_Talk_about_Recht_Leipzig_Foto_Tom_Schulze_SFR_0110_LQ-768x512.jpg 768w, https:\/\/stiftung-forum-recht.de\/wp-content\/uploads\/2025\/03\/2025_02_19_Lets_Talk_about_Recht_Leipzig_Foto_Tom_Schulze_SFR_0110_LQ-1536x1025.jpg 1536w, https:\/\/stiftung-forum-recht.de\/wp-content\/uploads\/2025\/03\/2025_02_19_Lets_Talk_about_Recht_Leipzig_Foto_Tom_Schulze_SFR_0110_LQ-18x12.jpg 18w, https:\/\/stiftung-forum-recht.de\/wp-content\/uploads\/2025\/03\/2025_02_19_Lets_Talk_about_Recht_Leipzig_Foto_Tom_Schulze_SFR_0110_LQ-930x620.jpg 930w, https:\/\/stiftung-forum-recht.de\/wp-content\/uploads\/2025\/03\/2025_02_19_Lets_Talk_about_Recht_Leipzig_Foto_Tom_Schulze_SFR_0110_LQ.jpg 2000w\" sizes=\"(max-width: 1024px) 100vw, 1024px\" \/>\t\t\t\t\t\t\t\t<\/a>\n\t\t\t\t\t\t\t\t\t\t\t<figcaption class=\"widget-image-caption wp-caption-text\">The Forum Recht Foundation's booth at an event in Leipzig. Photo: Tom Schulze<\/figcaption>\n\t\t\t\t\t\t\t\t\t\t<\/figure>\n\t\t\t\t\t\t\t\t\t<\/div>\n\t\t\t\t<\/div>\n\t\t<div data-particle_enable=\"false\" data-particle-mobile-disabled=\"false\" class=\"elementor-element elementor-element-348ba80 e-con-full e-flex e-con e-child\" data-id=\"348ba80\" data-element_type=\"container\" data-e-type=\"container\">\n\t\t\t\t<div class=\"elementor-element elementor-element-672efa3 elementor-widget elementor-widget-image\" data-id=\"672efa3\" data-element_type=\"widget\" data-e-type=\"widget\" data-widget_type=\"image.default\">\n\t\t\t\t\t\t\t\t\t\t\t\t<figure class=\"wp-caption\">\n\t\t\t\t\t\t\t\t\t\t\t<a href=\"https:\/\/stiftung-forum-recht.de\/wp-content\/uploads\/2025\/01\/THYM-abgestuetzt-scaled-e1742909820550.jpg\" data-elementor-open-lightbox=\"yes\" data-elementor-lightbox-title=\"Portr\u00e4t Thym\" data-e-action-hash=\"#elementor-action%3Aaction%3Dlightbox%26settings%3DeyJpZCI6MzM0OTMsInVybCI6Imh0dHBzOlwvXC9zdGlmdHVuZy1mb3J1bS1yZWNodC5kZVwvd3AtY29udGVudFwvdXBsb2Fkc1wvMjAyNVwvMDFcL1RIWU0tYWJnZXN0dWV0enQtc2NhbGVkLWUxNzQyOTA5ODIwNTUwLmpwZyJ9\">\n\t\t\t\t\t\t\t<img loading=\"lazy\" decoding=\"async\" width=\"677\" height=\"1024\" src=\"https:\/\/stiftung-forum-recht.de\/wp-content\/uploads\/2025\/01\/THYM-abgestuetzt-scaled-e1742909820550-677x1024.jpg\" class=\"attachment-large size-large wp-image-33493\" alt=\"Portrait of Thym: A middle-aged man is leaning on a railing. He is wearing a white shirt and dress pants.\" srcset=\"https:\/\/stiftung-forum-recht.de\/wp-content\/uploads\/2025\/01\/THYM-abgestuetzt-scaled-e1742909820550-677x1024.jpg 677w, https:\/\/stiftung-forum-recht.de\/wp-content\/uploads\/2025\/01\/THYM-abgestuetzt-scaled-e1742909820550-198x300.jpg 198w, https:\/\/stiftung-forum-recht.de\/wp-content\/uploads\/2025\/01\/THYM-abgestuetzt-scaled-e1742909820550-768x1162.jpg 768w, https:\/\/stiftung-forum-recht.de\/wp-content\/uploads\/2025\/01\/THYM-abgestuetzt-scaled-e1742909820550-1015x1536.jpg 1015w, https:\/\/stiftung-forum-recht.de\/wp-content\/uploads\/2025\/01\/THYM-abgestuetzt-scaled-e1742909820550-1353x2048.jpg 1353w, https:\/\/stiftung-forum-recht.de\/wp-content\/uploads\/2025\/01\/THYM-abgestuetzt-scaled-e1742909820550-8x12.jpg 8w, https:\/\/stiftung-forum-recht.de\/wp-content\/uploads\/2025\/01\/THYM-abgestuetzt-scaled-e1742909820550.jpg 1596w\" sizes=\"(max-width: 677px) 100vw, 677px\" \/>\t\t\t\t\t\t\t\t<\/a>\n\t\t\t\t\t\t\t\t\t\t\t<figcaption class=\"widget-image-caption wp-caption-text\">Daniel Thym, Professor of Public Law, European Law, and International Law at the University of Konstanz. Photo: University of Konstanz\/Inka Reiter<\/figcaption>\n\t\t\t\t\t\t\t\t\t\t<\/figure>\n\t\t\t\t\t\t\t\t\t<\/div>\n\t\t\t\t<\/div>\n\t\t<div data-particle_enable=\"false\" data-particle-mobile-disabled=\"false\" class=\"elementor-element elementor-element-c1807f5 e-con-full e-flex e-con e-child\" data-id=\"c1807f5\" data-element_type=\"container\" data-e-type=\"container\">\n\t\t\t\t<div class=\"elementor-element elementor-element-4875b35 elementor-widget elementor-widget-image\" data-id=\"4875b35\" data-element_type=\"widget\" data-e-type=\"widget\" data-widget_type=\"image.default\">\n\t\t\t\t\t\t\t\t\t\t\t\t<figure class=\"wp-caption\">\n\t\t\t\t\t\t\t\t\t\t\t<a href=\"https:\/\/stiftung-forum-recht.de\/wp-content\/uploads\/2025\/02\/2025_02_19_Talk_about_Recht_Leipzig_Foto_Tom_Schulze_SFR_0175_HQ-scaled.jpg\" data-elementor-open-lightbox=\"yes\" data-elementor-lightbox-title=\"Marie-Elisabeth Miersch moderiert die Gespr\u00e4chsreihe &quot;Let&#039;s Talk About Recht&quot;\" data-e-action-hash=\"#elementor-action%3Aaction%3Dlightbox%26settings%3DeyJpZCI6MzI0MTYsInVybCI6Imh0dHBzOlwvXC9zdGlmdHVuZy1mb3J1bS1yZWNodC5kZVwvd3AtY29udGVudFwvdXBsb2Fkc1wvMjAyNVwvMDJcLzIwMjVfMDJfMTlfVGFsa19hYm91dF9SZWNodF9MZWlwemlnX0ZvdG9fVG9tX1NjaHVsemVfU0ZSXzAxNzVfSFEtc2NhbGVkLmpwZyJ9\">\n\t\t\t\t\t\t\t<img loading=\"lazy\" decoding=\"async\" width=\"897\" height=\"1024\" src=\"https:\/\/stiftung-forum-recht.de\/wp-content\/uploads\/2025\/02\/2025_02_19_Talk_about_Recht_Leipzig_Foto_Tom_Schulze_SFR_0175_HQ-897x1024.jpg\" class=\"attachment-large size-large wp-image-32416\" alt=\"A young woman with black hair looks into the camera with a friendly, confident smile, holding cue cards in her hand.\" srcset=\"https:\/\/stiftung-forum-recht.de\/wp-content\/uploads\/2025\/02\/2025_02_19_Talk_about_Recht_Leipzig_Foto_Tom_Schulze_SFR_0175_HQ-897x1024.jpg 897w, https:\/\/stiftung-forum-recht.de\/wp-content\/uploads\/2025\/02\/2025_02_19_Talk_about_Recht_Leipzig_Foto_Tom_Schulze_SFR_0175_HQ-263x300.jpg 263w, https:\/\/stiftung-forum-recht.de\/wp-content\/uploads\/2025\/02\/2025_02_19_Talk_about_Recht_Leipzig_Foto_Tom_Schulze_SFR_0175_HQ-768x876.jpg 768w, https:\/\/stiftung-forum-recht.de\/wp-content\/uploads\/2025\/02\/2025_02_19_Talk_about_Recht_Leipzig_Foto_Tom_Schulze_SFR_0175_HQ-1346x1536.jpg 1346w, https:\/\/stiftung-forum-recht.de\/wp-content\/uploads\/2025\/02\/2025_02_19_Talk_about_Recht_Leipzig_Foto_Tom_Schulze_SFR_0175_HQ-1794x2048.jpg 1794w, https:\/\/stiftung-forum-recht.de\/wp-content\/uploads\/2025\/02\/2025_02_19_Talk_about_Recht_Leipzig_Foto_Tom_Schulze_SFR_0175_HQ-11x12.jpg 11w\" sizes=\"(max-width: 897px) 100vw, 897px\" \/>\t\t\t\t\t\t\t\t<\/a>\n\t\t\t\t\t\t\t\t\t\t\t<figcaption class=\"widget-image-caption wp-caption-text\">Host Marie-Elisabeth Miersch, research associate at the Forum Recht Foundation. Photo: Tom Schulze<\/figcaption>\n\t\t\t\t\t\t\t\t\t\t<\/figure>\n\t\t\t\t\t\t\t\t\t<\/div>\n\t\t\t\t<\/div>\n\t\t\t\t\t<\/div>\n\t\t\t\t<\/div>\n\t\t\t\t<\/div>","protected":false},"excerpt":{"rendered":"<p>Unfortunately, the event \u201eLaw at the Borders: A Legal Perspective on Migration\u201c with Prof. Dr. Daniel Thym, scheduled for April 9, 2025, at 7:00 p.m., has had to be canceled on short notice. <\/p>","protected":false},"author":27,"featured_media":33529,"comment_status":"open","ping_status":"open","sticky":false,"template":"","format":"standard","meta":{"_acf_changed":false,"neve_meta_sidebar":"","neve_meta_container":"","neve_meta_enable_content_width":"","neve_meta_content_width":0,"neve_meta_title_alignment":"","neve_meta_author_avatar":"","neve_post_elements_order":"","neve_meta_disable_header":"","neve_meta_disable_footer":"","neve_meta_disable_title":"","_themeisle_gutenberg_block_has_review":false,"footnotes":""},"categories":[53,129],"tags":[19,70,101,23],"class_list":["post-33527","post","type-post","status-publish","format-standard","has-post-thumbnail","hentry","category-pressemitteilung","category-129","tag-diskussionsabend","tag-leipzig","tag-rechtsstaat","tag-sfrnews"],"acf":[],"yoast_head":"<!-- This site is optimized with the Yoast SEO plugin v28.3 - https:\/\/yoast.com\/product\/yoast-seo-wordpress\/ -->\n<title>Recht an Grenzen \u2013 Gespr\u00e4ch mit Daniel Thym, Experte f\u00fcr Migrationsrecht | Stiftung Forum Recht<\/title>\n<meta name=\"description\" content=\"Die Stiftung Forum Recht l\u00e4dt am Mittwoch, 09. April 2025 um 19:00 Uhr zum Gespr\u00e4ch \u201eRecht an Grenzen. Migration rechtlich betrachtet\u201c mit Prof. Dr. Daniel Thym ein. Wie kann ein rechtlicher Blick in der aufgeheizten Debatte helfen?\" \/>\n<meta name=\"robots\" content=\"index, follow, max-snippet:-1, max-image-preview:large, max-video-preview:-1\" \/>\n<link rel=\"canonical\" href=\"https:\/\/stiftung-forum-recht.de\/en\/press-release\/the-right-to-borders-a-conversation-with-migration-expert-daniel-thym\/\" \/>\n<meta property=\"og:locale\" content=\"en_US\" \/>\n<meta property=\"og:type\" content=\"article\" \/>\n<meta property=\"og:title\" content=\"Recht an Grenzen \u2013 Gespr\u00e4ch mit Daniel Thym, Experte f\u00fcr Migrationsrecht | Stiftung Forum Recht\" \/>\n<meta property=\"og:description\" content=\"Die Stiftung Forum Recht l\u00e4dt am Mittwoch, 09. April 2025 um 19:00 Uhr zum Gespr\u00e4ch \u201eRecht an Grenzen. Migration rechtlich betrachtet\u201c mit Prof. Dr. Daniel Thym ein. Wie kann ein rechtlicher Blick in der aufgeheizten Debatte helfen?\" \/>\n<meta property=\"og:url\" content=\"https:\/\/stiftung-forum-recht.de\/en\/press-release\/the-right-to-borders-a-conversation-with-migration-expert-daniel-thym\/\" \/>\n<meta property=\"og:site_name\" content=\"Stiftung Forum Recht\" \/>\n<meta property=\"article:published_time\" content=\"2025-03-27T08:07:21+00:00\" \/>\n<meta property=\"article:modified_time\" content=\"2025-04-15T13:27:09+00:00\" \/>\n<meta property=\"og:image\" content=\"https:\/\/stiftung-forum-recht.de\/wp-content\/uploads\/2025\/03\/2025_02_19_Lets_Talk_about_Recht_Leipzig_Foto_Tom_Schulze_SFR_0122_LQ.jpg\" \/>\n\t<meta property=\"og:image:width\" content=\"2000\" \/>\n\t<meta property=\"og:image:height\" content=\"1332\" \/>\n\t<meta property=\"og:image:type\" content=\"image\/jpeg\" \/>\n<meta name=\"author\" content=\"Romy Klemm\" \/>\n<meta name=\"twitter:card\" content=\"summary_large_image\" \/>\n<meta name=\"twitter:label1\" content=\"Written by\" \/>\n\t<meta name=\"twitter:data1\" content=\"Romy Klemm\" \/>\n\t<meta name=\"twitter:label2\" content=\"Est. reading time\" \/>\n\t<meta name=\"twitter:data2\" content=\"4 minutes\" \/>\n<!-- \/ Yoast SEO plugin. -->","yoast_head_json":{"title":"Law at the Borders \u2013 A Conversation with Daniel Thym, Expert on Immigration Law | Forum Recht Foundation","description":"The Forum Recht Foundation invites you to a discussion titled \u201eLaw at the Borders: A Legal Perspective on Migration\u201c with Prof. Dr. Daniel Thym on Wednesday, April 9, 2025, at 7:00 p.m. How can a legal perspective help in this heated debate?","robots":{"index":"index","follow":"follow","max-snippet":"max-snippet:-1","max-image-preview":"max-image-preview:large","max-video-preview":"max-video-preview:-1"},"canonical":"https:\/\/stiftung-forum-recht.de\/en\/press-release\/the-right-to-borders-a-conversation-with-migration-expert-daniel-thym\/","og_locale":"en_US","og_type":"article","og_title":"Recht an Grenzen \u2013 Gespr\u00e4ch mit Daniel Thym, Experte f\u00fcr Migrationsrecht | Stiftung Forum Recht","og_description":"Die Stiftung Forum Recht l\u00e4dt am Mittwoch, 09. April 2025 um 19:00 Uhr zum Gespr\u00e4ch \u201eRecht an Grenzen. Migration rechtlich betrachtet\u201c mit Prof. Dr. Daniel Thym ein. Wie kann ein rechtlicher Blick in der aufgeheizten Debatte helfen?","og_url":"https:\/\/stiftung-forum-recht.de\/en\/press-release\/the-right-to-borders-a-conversation-with-migration-expert-daniel-thym\/","og_site_name":"Stiftung Forum Recht","article_published_time":"2025-03-27T08:07:21+00:00","article_modified_time":"2025-04-15T13:27:09+00:00","og_image":[{"width":2000,"height":1332,"url":"https:\/\/stiftung-forum-recht.de\/wp-content\/uploads\/2025\/03\/2025_02_19_Lets_Talk_about_Recht_Leipzig_Foto_Tom_Schulze_SFR_0122_LQ.jpg","type":"image\/jpeg"}],"author":"Romy Klemm","twitter_card":"summary_large_image","twitter_misc":{"Written by":"Romy Klemm","Est. reading time":"4 minutes"},"schema":{"@context":"https:\/\/schema.org","@graph":[{"@type":"Article","@id":"https:\/\/stiftung-forum-recht.de\/pressemitteilung\/recht-an-grenzen-gespraech-mit-migrationsexperte-daniel-thym\/#article","isPartOf":{"@id":"https:\/\/stiftung-forum-recht.de\/pressemitteilung\/recht-an-grenzen-gespraech-mit-migrationsexperte-daniel-thym\/"},"author":{"name":"Romy Klemm","@id":"https:\/\/stiftung-forum-recht.de\/#\/schema\/person\/8327c2c51c9bbd54e0e86a3c448bba10"},"headline":"Recht an Grenzen \u2013 Gespr\u00e4ch mit Daniel Thym, Experte f\u00fcr Migrationsrecht","datePublished":"2025-03-27T08:07:21+00:00","dateModified":"2025-04-15T13:27:09+00:00","mainEntityOfPage":{"@id":"https:\/\/stiftung-forum-recht.de\/pressemitteilung\/recht-an-grenzen-gespraech-mit-migrationsexperte-daniel-thym\/"},"wordCount":585,"commentCount":0,"publisher":{"@id":"https:\/\/stiftung-forum-recht.de\/#organization"},"image":{"@id":"https:\/\/stiftung-forum-recht.de\/pressemitteilung\/recht-an-grenzen-gespraech-mit-migrationsexperte-daniel-thym\/#primaryimage"},"thumbnailUrl":"https:\/\/stiftung-forum-recht.de\/wp-content\/uploads\/2025\/03\/2025_02_19_Lets_Talk_about_Recht_Leipzig_Foto_Tom_Schulze_SFR_0122_LQ.jpg","keywords":["Diskussionsabend","Leipzig","Rechtsstaat","SFRNews"],"articleSection":["Pressemitteilungen","Pressemitteilungen 2025"],"inLanguage":"en-US","potentialAction":[{"@type":"CommentAction","name":"Comment","target":["https:\/\/stiftung-forum-recht.de\/pressemitteilung\/recht-an-grenzen-gespraech-mit-migrationsexperte-daniel-thym\/#respond"]}]},{"@type":"WebPage","@id":"https:\/\/stiftung-forum-recht.de\/pressemitteilung\/recht-an-grenzen-gespraech-mit-migrationsexperte-daniel-thym\/","url":"https:\/\/stiftung-forum-recht.de\/pressemitteilung\/recht-an-grenzen-gespraech-mit-migrationsexperte-daniel-thym\/","name":"Law at the Borders \u2013 A Conversation with Daniel Thym, Expert on Immigration Law | Forum Recht Foundation","isPartOf":{"@id":"https:\/\/stiftung-forum-recht.de\/#website"},"primaryImageOfPage":{"@id":"https:\/\/stiftung-forum-recht.de\/pressemitteilung\/recht-an-grenzen-gespraech-mit-migrationsexperte-daniel-thym\/#primaryimage"},"image":{"@id":"https:\/\/stiftung-forum-recht.de\/pressemitteilung\/recht-an-grenzen-gespraech-mit-migrationsexperte-daniel-thym\/#primaryimage"},"thumbnailUrl":"https:\/\/stiftung-forum-recht.de\/wp-content\/uploads\/2025\/03\/2025_02_19_Lets_Talk_about_Recht_Leipzig_Foto_Tom_Schulze_SFR_0122_LQ.jpg","datePublished":"2025-03-27T08:07:21+00:00","dateModified":"2025-04-15T13:27:09+00:00","description":"The Forum Recht Foundation invites you to a discussion titled \u201eLaw at the Borders: A Legal Perspective on Migration\u201c with Prof. Dr. Daniel Thym on Wednesday, April 9, 2025, at 7:00 p.m. How can a legal perspective help in this heated debate?","breadcrumb":{"@id":"https:\/\/stiftung-forum-recht.de\/pressemitteilung\/recht-an-grenzen-gespraech-mit-migrationsexperte-daniel-thym\/#breadcrumb"},"inLanguage":"en-US","potentialAction":[{"@type":"ReadAction","target":["https:\/\/stiftung-forum-recht.de\/pressemitteilung\/recht-an-grenzen-gespraech-mit-migrationsexperte-daniel-thym\/"]}]},{"@type":"ImageObject","inLanguage":"en-US","@id":"https:\/\/stiftung-forum-recht.de\/pressemitteilung\/recht-an-grenzen-gespraech-mit-migrationsexperte-daniel-thym\/#primaryimage","url":"https:\/\/stiftung-forum-recht.de\/wp-content\/uploads\/2025\/03\/2025_02_19_Lets_Talk_about_Recht_Leipzig_Foto_Tom_Schulze_SFR_0122_LQ.jpg","contentUrl":"https:\/\/stiftung-forum-recht.de\/wp-content\/uploads\/2025\/03\/2025_02_19_Lets_Talk_about_Recht_Leipzig_Foto_Tom_Schulze_SFR_0122_LQ.jpg","width":2000,"height":1332,"caption":"Gespr\u00e4chsreihe \u201eLet\u2019s Talk about Recht\u201c in Leipzig. Foto: Tom Schulze."},{"@type":"BreadcrumbList","@id":"https:\/\/stiftung-forum-recht.de\/pressemitteilung\/recht-an-grenzen-gespraech-mit-migrationsexperte-daniel-thym\/#breadcrumb","itemListElement":[{"@type":"ListItem","position":1,"name":"Startseite","item":"https:\/\/stiftung-forum-recht.de\/"},{"@type":"ListItem","position":2,"name":"Recht an Grenzen \u2013 Gespr\u00e4ch mit Daniel Thym, Experte f\u00fcr Migrationsrecht"}]},{"@type":"WebSite","@id":"https:\/\/stiftung-forum-recht.de\/#website","url":"https:\/\/stiftung-forum-recht.de\/","name":"Stiftung Forum Recht","description":"THE LAW FORUM","publisher":{"@id":"https:\/\/stiftung-forum-recht.de\/#organization"},"potentialAction":[{"@type":"SearchAction","target":{"@type":"EntryPoint","urlTemplate":"https:\/\/stiftung-forum-recht.de\/?s={search_term_string}"},"query-input":{"@type":"PropertyValueSpecification","valueRequired":true,"valueName":"search_term_string"}}],"inLanguage":"en-US"},{"@type":"Organization","@id":"https:\/\/stiftung-forum-recht.de\/#organization","name":"Stiftung Forum Recht","url":"https:\/\/stiftung-forum-recht.de\/","logo":{"@type":"ImageObject","inLanguage":"en-US","@id":"https:\/\/stiftung-forum-recht.de\/#\/schema\/logo\/image\/","url":"https:\/\/stiftung-forum-recht.de\/wp-content\/uploads\/2020\/10\/sfr-logo-2023.png","contentUrl":"https:\/\/stiftung-forum-recht.de\/wp-content\/uploads\/2020\/10\/sfr-logo-2023.png","width":200,"height":200,"caption":"Stiftung Forum Recht"},"image":{"@id":"https:\/\/stiftung-forum-recht.de\/#\/schema\/logo\/image\/"}},{"@type":"Person","@id":"https:\/\/stiftung-forum-recht.de\/#\/schema\/person\/8327c2c51c9bbd54e0e86a3c448bba10","name":"Romy Klemm","image":{"@type":"ImageObject","inLanguage":"en-US","@id":"https:\/\/secure.gravatar.com\/avatar\/7bf650052447ea004daba80791cf7b2155ff501a0e7676347dd4d11b053b8d51?s=96&d=mm&r=g","url":"https:\/\/secure.gravatar.com\/avatar\/7bf650052447ea004daba80791cf7b2155ff501a0e7676347dd4d11b053b8d51?s=96&d=mm&r=g","contentUrl":"https:\/\/secure.gravatar.com\/avatar\/7bf650052447ea004daba80791cf7b2155ff501a0e7676347dd4d11b053b8d51?s=96&d=mm&r=g","caption":"Romy Klemm"},"url":"https:\/\/stiftung-forum-recht.de\/en\/author\/onlineredakteurin\/"}]}},"meta_box":[],"_links":{"self":[{"href":"https:\/\/stiftung-forum-recht.de\/en\/wp-json\/wp\/v2\/posts\/33527","targetHints":{"allow":["GET"]}}],"collection":[{"href":"https:\/\/stiftung-forum-recht.de\/en\/wp-json\/wp\/v2\/posts"}],"about":[{"href":"https:\/\/stiftung-forum-recht.de\/en\/wp-json\/wp\/v2\/types\/post"}],"author":[{"embeddable":true,"href":"https:\/\/stiftung-forum-recht.de\/en\/wp-json\/wp\/v2\/users\/27"}],"replies":[{"embeddable":true,"href":"https:\/\/stiftung-forum-recht.de\/en\/wp-json\/wp\/v2\/comments?post=33527"}],"version-history":[{"count":0,"href":"https:\/\/stiftung-forum-recht.de\/en\/wp-json\/wp\/v2\/posts\/33527\/revisions"}],"wp:featuredmedia":[{"embeddable":true,"href":"https:\/\/stiftung-forum-recht.de\/en\/wp-json\/wp\/v2\/media\/33529"}],"wp:attachment":[{"href":"https:\/\/stiftung-forum-recht.de\/en\/wp-json\/wp\/v2\/media?parent=33527"}],"wp:term":[{"taxonomy":"category","embeddable":true,"href":"https:\/\/stiftung-forum-recht.de\/en\/wp-json\/wp\/v2\/categories?post=33527"},{"taxonomy":"post_tag","embeddable":true,"href":"https:\/\/stiftung-forum-recht.de\/en\/wp-json\/wp\/v2\/tags?post=33527"}],"curies":[{"name":"wp","href":"https:\/\/api.w.org\/{rel}","templated":true}]}}