{"id":32560,"date":"2025-03-03T11:07:20","date_gmt":"2025-03-03T10:07:20","guid":{"rendered":"https:\/\/stiftung-forum-recht.de\/?p=32560"},"modified":"2026-01-29T16:09:26","modified_gmt":"2026-01-29T15:09:26","slug":"conflict-zone-rental-law-housing-rent-disputes-a-conversation-with-ruth-zoeller-and-goetz-pasker","status":"publish","type":"post","link":"https:\/\/stiftung-forum-recht.de\/en\/pressemitteilung\/konfliktzone-mietrecht-wohnen-mieten-streiten-gespraech-mit-ruth-zoeller-und-goetz-pasker\/","title":{"rendered":"Living, Renting, Arguments \u2013 A Conversation with Ruth Z\u00f6ller and G\u00f6tz Pasker"},"content":{"rendered":"<div data-elementor-type=\"wp-post\" data-elementor-id=\"32560\" class=\"elementor elementor-32560\" data-elementor-post-type=\"post\">\n\t\t\t\t<div data-particle_enable=\"false\" data-particle-mobile-disabled=\"false\" class=\"elementor-element elementor-element-5f87549 slidercontainer e-flex e-con-boxed e-con e-parent\" data-id=\"5f87549\" data-element_type=\"container\" data-e-type=\"container\" data-settings=\"{&quot;shape_divider_bottom&quot;:&quot;tilt&quot;}\">\n\t\t\t\t\t<div class=\"e-con-inner\">\n\t\t\t\t<div class=\"elementor-shape elementor-shape-bottom\" aria-hidden=\"true\" data-negative=\"false\">\n\t\t\t<svg xmlns=\"http:\/\/www.w3.org\/2000\/svg\" viewbox=\"0 0 1000 100\" preserveaspectratio=\"none\">\n\t<path class=\"elementor-shape-fill\" d=\"M0,6V0h1000v100L0,6z\"\/>\n<\/svg>\t\t<\/div>\n\t\t\t\t<div class=\"elementor-element elementor-element-a5698fa elementor-widget elementor-widget-template\" data-id=\"a5698fa\" data-element_type=\"widget\" data-e-type=\"widget\" data-widget_type=\"template.default\">\n\t\t\t\t<div class=\"elementor-widget-container\">\n\t\t\t\t\t\t\t<div class=\"elementor-template\">\n\t\t\t\t\t<div data-elementor-type=\"container\" data-elementor-id=\"15844\" class=\"elementor elementor-15844\" data-elementor-post-type=\"elementor_library\">\n\t\t\t\t<div data-particle_enable=\"false\" data-particle-mobile-disabled=\"false\" class=\"elementor-element elementor-element-9a7825a e-con-full slidercontainer e-transform e-flex e-con e-parent\" data-id=\"9a7825a\" data-element_type=\"container\" data-e-type=\"container\" data-settings=\"{&quot;background_background&quot;:&quot;classic&quot;,&quot;shape_divider_bottom&quot;:&quot;tilt&quot;,&quot;_transform_skewX_effect&quot;:{&quot;unit&quot;:&quot;px&quot;,&quot;size&quot;:&quot;&quot;,&quot;sizes&quot;:[]},&quot;_transform_skewX_effect_widescreen&quot;:{&quot;unit&quot;:&quot;deg&quot;,&quot;size&quot;:&quot;&quot;,&quot;sizes&quot;:[]},&quot;_transform_skewX_effect_laptop&quot;:{&quot;unit&quot;:&quot;deg&quot;,&quot;size&quot;:&quot;&quot;,&quot;sizes&quot;:[]},&quot;_transform_skewX_effect_tablet_extra&quot;:{&quot;unit&quot;:&quot;deg&quot;,&quot;size&quot;:&quot;&quot;,&quot;sizes&quot;:[]},&quot;_transform_skewX_effect_tablet&quot;:{&quot;unit&quot;:&quot;deg&quot;,&quot;size&quot;:&quot;&quot;,&quot;sizes&quot;:[]},&quot;_transform_skewX_effect_mobile&quot;:{&quot;unit&quot;:&quot;deg&quot;,&quot;size&quot;:&quot;&quot;,&quot;sizes&quot;:[]},&quot;_transform_skewY_effect&quot;:{&quot;unit&quot;:&quot;px&quot;,&quot;size&quot;:&quot;&quot;,&quot;sizes&quot;:[]},&quot;_transform_skewY_effect_widescreen&quot;:{&quot;unit&quot;:&quot;deg&quot;,&quot;size&quot;:&quot;&quot;,&quot;sizes&quot;:[]},&quot;_transform_skewY_effect_laptop&quot;:{&quot;unit&quot;:&quot;deg&quot;,&quot;size&quot;:&quot;&quot;,&quot;sizes&quot;:[]},&quot;_transform_skewY_effect_tablet_extra&quot;:{&quot;unit&quot;:&quot;deg&quot;,&quot;size&quot;:&quot;&quot;,&quot;sizes&quot;:[]},&quot;_transform_skewY_effect_tablet&quot;:{&quot;unit&quot;:&quot;deg&quot;,&quot;size&quot;:&quot;&quot;,&quot;sizes&quot;:[]},&quot;_transform_skewY_effect_mobile&quot;:{&quot;unit&quot;:&quot;deg&quot;,&quot;size&quot;:&quot;&quot;,&quot;sizes&quot;:[]}}\">\n\t\t\t\t<div class=\"elementor-shape elementor-shape-bottom\" aria-hidden=\"true\" data-negative=\"false\">\n\t\t\t<svg xmlns=\"http:\/\/www.w3.org\/2000\/svg\" viewbox=\"0 0 1000 100\" preserveaspectratio=\"none\">\n\t<path class=\"elementor-shape-fill\" d=\"M0,6V0h1000v100L0,6z\"\/>\n<\/svg>\t\t<\/div>\n\t\t\t\t<\/div>\n\t\t\t\t<\/div>\n\t\t\t\t<\/div>\n\t\t\t\t\t\t<\/div>\n\t\t\t\t<\/div>\n\t\t\t\t\t<\/div>\n\t\t\t\t<\/div>\n\t\t\t\t<section data-particle_enable=\"false\" data-particle-mobile-disabled=\"false\" class=\"elementor-section elementor-top-section elementor-element elementor-element-e989b8f elementor-section-boxed elementor-section-height-default elementor-section-height-default\" data-id=\"e989b8f\" data-element_type=\"section\" data-e-type=\"section\">\n\t\t\t\t\t\t<div class=\"elementor-container elementor-column-gap-default\">\n\t\t\t\t\t<div class=\"elementor-column elementor-col-100 elementor-top-column elementor-element elementor-element-b133490\" data-id=\"b133490\" data-element_type=\"column\" data-e-type=\"column\">\n\t\t\t<div class=\"elementor-widget-wrap elementor-element-populated\">\n\t\t\t\t\t\t<div class=\"elementor-element elementor-element-7a3a580 elementor-widget elementor-widget-text-editor\" data-id=\"7a3a580\" data-element_type=\"widget\" data-e-type=\"widget\" data-widget_type=\"text-editor.default\">\n\t\t\t\t\t\t\t\t\t<p>March 4, 2025<\/p>\t\t\t\t\t\t\t\t<\/div>\n\t\t\t\t<div class=\"elementor-element elementor-element-4d88bfa elementor-widget__width-initial elementor-widget elementor-widget-text-editor\" data-id=\"4d88bfa\" data-element_type=\"widget\" data-e-type=\"widget\" data-widget_type=\"text-editor.default\">\n\t\t\t\t\t\t\t\t\t<h1>The Conflict Zone of Tenancy Law: Housing, Rent, Disputes \u2013 A CONVERSATION WITH RUTH Z\u00d6LLER AND G\u00d6TZ PASKER<\/h1>\t\t\t\t\t\t\t\t<\/div>\n\t\t\t\t\t<\/div>\n\t\t<\/div>\n\t\t\t\t\t<\/div>\n\t\t<\/section>\n\t\t\t\t<section data-particle_enable=\"false\" data-particle-mobile-disabled=\"false\" class=\"elementor-section elementor-top-section elementor-element elementor-element-6fb6a53 elementor-section-boxed elementor-section-height-default elementor-section-height-default\" data-id=\"6fb6a53\" data-element_type=\"section\" data-e-type=\"section\">\n\t\t\t\t\t\t<div class=\"elementor-container elementor-column-gap-default\">\n\t\t\t\t\t<div class=\"elementor-column elementor-col-100 elementor-top-column elementor-element elementor-element-7acdbb9\" data-id=\"7acdbb9\" data-element_type=\"column\" data-e-type=\"column\">\n\t\t\t<div class=\"elementor-widget-wrap elementor-element-populated\">\n\t\t\t\t\t\t<div class=\"elementor-element elementor-element-1d86a68 elementor-widget elementor-widget-text-editor\" data-id=\"1d86a68\" data-element_type=\"widget\" data-e-type=\"widget\" data-widget_type=\"text-editor.default\">\n\t\t\t\t\t\t\t\t\t<p><strong>The Forum Recht Foundation invites you to a discussion on March 12, 2025, at 7:00 p.m. titled \u201e<\/strong><strong>The Hotbed of Conflict: Tenancy Law\u2014Housing, Rent, and Disputes<\/strong><strong>\u201c one. <\/strong><strong>Our guests are attorney Ruth Z\u00f6ller, executive director of the Karlsruhe Tenants' Association (Mieterverein Karlsruhe e.V.), and attorney G\u00f6tz Pasker, president of the Karlsruhe Bar Association (Karlsruher Anwaltsverein e.V.).<\/strong><\/p><p><strong>Karlsruhe, March 4, 2025.<\/strong> In an increasingly tense <strong>Housing Market<\/strong> The fear of eviction or rising costs leads many tenants to avoid conflict. Instead, they put up with problematic lease terms because they see themselves as being in a weaker position. At the same time, landlords criticize the fact that the <strong>Tenant Protection<\/strong> is constantly expanding, causing them to lose flexibility. Tenant protection laws are meant to mediate between the two sides\u2014but do they really succeed? Who is responsible for ensuring a fair housing market? And how can the interests of tenants and landlords be better reconciled?<\/p><p><strong>How do we live?<\/strong><\/p><p>On March 12, the audience in Karlsruhe can look forward to the lecture series <strong>\u201eLet\u2019s Talk About Recht\u201c <\/strong>Two guests with expertise in rental law: In this debate, they discuss the issue from the tenants' perspective <strong>Ruth Z\u00f6ller<\/strong>, a specialist attorney in rental and condominium law and managing director of the Karlsruhe Tenants\u2019 Association (Mieterverein Karlsruhe e.V.), and representing the perspective of landlords <strong>G\u00f6tz Pasker<\/strong>, who is also a specialist attorney in rental and condominium law and president of the Karlsruhe Bar Association (Karlsruher Anwaltsverein e.V.). In conversation with <strong>Marie-Elisabeth Miersch<\/strong> In collaboration with the Forum Recht Foundation, they examine legal issues surrounding the growing housing shortage, as well as the rights and obligations of both parties.<\/p><p>Do we need tougher legislative measures, or more freedom for the market? Is the right to housing enforceable\u2014or is it just an illusion?<\/p><p>The foundation invites the <strong>Audience<\/strong> We warmly invite you to participate in the discussion by asking questions and engaging in direct conversation with the panelists.<\/p><p><strong>Let's Talk About Law<\/strong><\/p><p>Since February 2025, the Forum Recht Foundation in Karlsruhe has been hosting a regular series of discussions through the end of the year <strong>\u201eLet\u2019s Talk About Recht\u201c <\/strong>. The guests are always <strong>Prominent Figures from Various Fields of Law<\/strong>, who talk about their day-to-day work and share their perspectives on a current legal issue. The topics selected for this series of discussions are closely tied to people\u2019s lives and are relevant to everyone: from labor law to tenancy law to freedom of speech.<\/p><p><strong>The discussion will take place at 7:00 p.m. at the Stiftung Forum Recht in Karlsruhe (Karlstra\u00dfe 45A). Admission is free.<\/strong><\/p>\t\t\t\t\t\t\t\t<\/div>\n\t\t\t\t\t<\/div>\n\t\t<\/div>\n\t\t\t\t\t<\/div>\n\t\t<\/section>\n\t\t<div data-particle_enable=\"false\" data-particle-mobile-disabled=\"false\" class=\"elementor-element elementor-element-5977b27 e-flex e-con-boxed e-con e-parent\" data-id=\"5977b27\" data-element_type=\"container\" data-e-type=\"container\">\n\t\t\t\t\t<div class=\"e-con-inner\">\n\t\t\t\t<div class=\"elementor-element elementor-element-a29a2e9 elementor-widget elementor-widget-heading\" data-id=\"a29a2e9\" data-element_type=\"widget\" data-e-type=\"widget\" data-widget_type=\"heading.default\">\n\t\t\t\t\t<h2 class=\"elementor-heading-title elementor-size-default\">Info at a glance<\/h2>\t\t\t\t<\/div>\n\t\t\t\t<div class=\"elementor-element elementor-element-da00c0a elementor-widget elementor-widget-text-editor\" data-id=\"da00c0a\" data-element_type=\"widget\" data-e-type=\"widget\" data-widget_type=\"text-editor.default\">\n\t\t\t\t\t\t\t\t\t<h3><strong>\u00a0\"Let's Talk About Law\" - The interactive discussion series<\/strong><\/h3><p>We discuss current and fundamental legal issues\u2014ones that concern us all\u2014with fascinating guests and the audience.<\/p><p><strong>Wednesday, March 12, 2025, 7:00\u20138:15 p.m.<br \/><\/strong><strong>Topic: \u201eTenancy Law: A Conflict Zone\u2014Housing, Rent, and Disputes\u201c<\/strong> <br \/>with <strong>Ruth Z\u00f6ller<\/strong>, a specialist attorney in rental and condominium law and executive director of the Karlsruhe Tenants' Association (Mieterverein Karlsruhe e.V.), and <strong>G\u00f6tz Pasker<\/strong>, Specialist Attorney for Lease and Condominium Law and President of the Karlsruhe Bar Association e.V.<\/p><p>at the Stiftung Forum Recht, Karlstra\u00dfe 45A, Karlsruhe<\/p><p><strong>Moderated by<\/strong>: Marie-Elisabeth Miersch, research associate at the Forum Recht Foundation<\/p><p>The event is free of charge.<\/p>\t\t\t\t\t\t\t\t<\/div>\n\t\t\t\t\t<\/div>\n\t\t\t\t<\/div>\n\t\t<div data-particle_enable=\"false\" data-particle-mobile-disabled=\"false\" class=\"elementor-element elementor-element-823c46a e-flex e-con-boxed e-con e-parent\" data-id=\"823c46a\" data-element_type=\"container\" data-e-type=\"container\">\n\t\t\t\t\t<div class=\"e-con-inner\">\n\t\t<div data-particle_enable=\"false\" data-particle-mobile-disabled=\"false\" class=\"elementor-element elementor-element-e628752 e-con-full e-flex e-con e-child\" data-id=\"e628752\" data-element_type=\"container\" data-e-type=\"container\">\n\t\t\t\t<div class=\"elementor-element elementor-element-a1febca elementor-widget-widescreen__width-initial elementor-widget elementor-widget-text-editor\" data-id=\"a1febca\" data-element_type=\"widget\" data-e-type=\"widget\" data-widget_type=\"text-editor.default\">\n\t\t\t\t\t\t\t\t\t<p><strong>Press contact<br \/><\/strong><\/p><div class=\"elementor-column elementor-col-50 elementor-inner-column elementor-element elementor-element-43f34c5\" data-id=\"43f34c5\" data-element_type=\"column\"><div class=\"elementor-widget-wrap elementor-element-populated\"><div class=\"elementor-element elementor-element-931e011 elementor-widget elementor-widget-text-editor\" data-id=\"931e011\" data-element_type=\"widget\" data-widget_type=\"text-editor.default\"><div class=\"elementor-widget-container\"><p><strong>Stiftung Forum Recht<\/strong><br \/>Charlotte Gro\u00dfmann<br \/>+49 176 57992906<br \/>grossmann@stiftung-forum-recht.de<\/p><p>\u00a0<\/p><\/div><\/div><\/div><\/div>\t\t\t\t\t\t\t\t<\/div>\n\t\t\t\t<\/div>\n\t\t<div data-particle_enable=\"false\" data-particle-mobile-disabled=\"false\" class=\"elementor-element elementor-element-0a5453c e-con-full e-flex e-con e-child\" data-id=\"0a5453c\" data-element_type=\"container\" data-e-type=\"container\">\n\t\t\t\t<div class=\"elementor-element elementor-element-53e1c1c elementor-widget elementor-widget-button\" data-id=\"53e1c1c\" data-element_type=\"widget\" data-e-type=\"widget\" data-widget_type=\"button.default\">\n\t\t\t\t\t\t\t\t\t\t<a class=\"elementor-button elementor-button-link elementor-size-md\" href=\"https:\/\/stiftung-forum-recht.de\/wp-content\/uploads\/2025\/03\/2025_03_04_PM_Lets-Talk-About-Recht_12.Maerz_Karlsruhe_Stiftung-Forum-Recht.pdf\" target=\"_blank\">\n\t\t\t\t\t\t<span class=\"elementor-button-content-wrapper\">\n\t\t\t\t\t\t\t\t\t<span class=\"elementor-button-text\">Download press release as PDF<\/span>\n\t\t\t\t\t<\/span>\n\t\t\t\t\t<\/a>\n\t\t\t\t\t\t\t\t<\/div>\n\t\t\t\t<\/div>\n\t\t\t\t\t<\/div>\n\t\t\t\t<\/div>\n\t\t<div data-particle_enable=\"false\" data-particle-mobile-disabled=\"false\" class=\"elementor-element elementor-element-396f98b e-flex e-con-boxed e-con e-parent\" data-id=\"396f98b\" data-element_type=\"container\" data-e-type=\"container\">\n\t\t\t\t\t<div class=\"e-con-inner\">\n\t\t\t\t<div class=\"elementor-element elementor-element-a2934c4 elementor-widget elementor-widget-heading\" data-id=\"a2934c4\" data-element_type=\"widget\" data-e-type=\"widget\" data-widget_type=\"heading.default\">\n\t\t\t\t\t<h2 class=\"elementor-heading-title elementor-size-default\">Image material<\/h2>\t\t\t\t<\/div>\n\t\t\t\t<div class=\"elementor-element elementor-element-8590954 elementor-widget elementor-widget-text-editor\" data-id=\"8590954\" data-element_type=\"widget\" data-e-type=\"widget\" data-widget_type=\"text-editor.default\">\n\t\t\t\t\t\t\t\t\t<p>The press photos can be downloaded here and used free of charge for editorial purposes in connection with the Stiftung Forum Recht, provided the copyright is stated.<\/p>\t\t\t\t\t\t\t\t<\/div>\n\t\t\t\t\t<\/div>\n\t\t\t\t<\/div>\n\t\t<div data-particle_enable=\"false\" data-particle-mobile-disabled=\"false\" class=\"elementor-element elementor-element-0de480d e-flex e-con-boxed e-con e-parent\" data-id=\"0de480d\" data-element_type=\"container\" data-e-type=\"container\">\n\t\t\t\t\t<div class=\"e-con-inner\">\n\t\t<div data-particle_enable=\"false\" data-particle-mobile-disabled=\"false\" class=\"elementor-element elementor-element-7cb9361 e-con-full e-flex e-con e-child\" data-id=\"7cb9361\" data-element_type=\"container\" data-e-type=\"container\">\n\t\t\t\t<div class=\"elementor-element elementor-element-6adc387 elementor-widget elementor-widget-image\" data-id=\"6adc387\" data-element_type=\"widget\" data-e-type=\"widget\" data-widget_type=\"image.default\">\n\t\t\t\t\t\t\t\t\t\t\t\t<figure class=\"wp-caption\">\n\t\t\t\t\t\t\t\t\t\t\t<a href=\"https:\/\/stiftung-forum-recht.de\/wp-content\/uploads\/2025\/02\/Key_Visual_1800x1200.jpg\" data-elementor-open-lightbox=\"yes\" data-elementor-lightbox-title=\"Let\u2019s talk about Recht - Die interaktive Gespr\u00e4chsreihe\" data-e-action-hash=\"#elementor-action%3Aaction%3Dlightbox%26settings%3DeyJpZCI6MzE0MTIsInVybCI6Imh0dHBzOlwvXC9zdGlmdHVuZy1mb3J1bS1yZWNodC5kZVwvd3AtY29udGVudFwvdXBsb2Fkc1wvMjAyNVwvMDJcL0tleV9WaXN1YWxfMTgwMHgxMjAwLmpwZyJ9\">\n\t\t\t\t\t\t\t<img fetchpriority=\"high\" decoding=\"async\" width=\"1024\" height=\"683\" src=\"https:\/\/stiftung-forum-recht.de\/wp-content\/uploads\/2025\/02\/Key_Visual_1800x1200-1024x683.jpg\" class=\"attachment-large size-large wp-image-31412\" alt=\"Light pink with an orange background, featuring the text &quot;Let&#039;s talk about law&quot; \u2013 The interactive discussion series\" srcset=\"https:\/\/stiftung-forum-recht.de\/wp-content\/uploads\/2025\/02\/Key_Visual_1800x1200-1024x683.jpg 1024w, https:\/\/stiftung-forum-recht.de\/wp-content\/uploads\/2025\/02\/Key_Visual_1800x1200-300x200.jpg 300w, https:\/\/stiftung-forum-recht.de\/wp-content\/uploads\/2025\/02\/Key_Visual_1800x1200-768x512.jpg 768w, https:\/\/stiftung-forum-recht.de\/wp-content\/uploads\/2025\/02\/Key_Visual_1800x1200-1536x1024.jpg 1536w, https:\/\/stiftung-forum-recht.de\/wp-content\/uploads\/2025\/02\/Key_Visual_1800x1200-18x12.jpg 18w, https:\/\/stiftung-forum-recht.de\/wp-content\/uploads\/2025\/02\/Key_Visual_1800x1200-930x620.jpg 930w, https:\/\/stiftung-forum-recht.de\/wp-content\/uploads\/2025\/02\/Key_Visual_1800x1200.jpg 1800w\" sizes=\"(max-width: 1024px) 100vw, 1024px\" \/>\t\t\t\t\t\t\t\t<\/a>\n\t\t\t\t\t\t\t\t\t\t\t<figcaption class=\"widget-image-caption wp-caption-text\">Let\u2019s Talk About Law - The Interactive Discussion Series<\/figcaption>\n\t\t\t\t\t\t\t\t\t\t<\/figure>\n\t\t\t\t\t\t\t\t\t<\/div>\n\t\t\t\t<\/div>\n\t\t<div data-particle_enable=\"false\" data-particle-mobile-disabled=\"false\" class=\"elementor-element elementor-element-445768f e-con-full e-flex e-con e-child\" data-id=\"445768f\" data-element_type=\"container\" data-e-type=\"container\">\n\t\t\t\t<div class=\"elementor-element elementor-element-1460a85 elementor-widget elementor-widget-image\" data-id=\"1460a85\" data-element_type=\"widget\" data-e-type=\"widget\" data-widget_type=\"image.default\">\n\t\t\t\t\t\t\t\t\t\t\t\t<figure class=\"wp-caption\">\n\t\t\t\t\t\t\t\t\t\t\t<a href=\"https:\/\/stiftung-forum-recht.de\/wp-content\/uploads\/2025\/02\/2025_02_12_LetsTalkAboutRecht_InkenGallner_Foto_Damian_Domes_SFR_lq-11.jpg\" data-elementor-open-lightbox=\"yes\" data-elementor-lightbox-title=\"Gespr\u00e4chsreihe  \u201eLet&#039;s Talk About Recht&quot; 2025 der Stiftung Forum Recht\" data-e-action-hash=\"#elementor-action%3Aaction%3Dlightbox%26settings%3DeyJpZCI6MzI1MTUsInVybCI6Imh0dHBzOlwvXC9zdGlmdHVuZy1mb3J1bS1yZWNodC5kZVwvd3AtY29udGVudFwvdXBsb2Fkc1wvMjAyNVwvMDJcLzIwMjVfMDJfMTJfTGV0c1RhbGtBYm91dFJlY2h0X0lua2VuR2FsbG5lcl9Gb3RvX0RhbWlhbl9Eb21lc19TRlJfbHEtMTEuanBnIn0%3D\">\n\t\t\t\t\t\t\t<img decoding=\"async\" width=\"1024\" height=\"681\" src=\"https:\/\/stiftung-forum-recht.de\/wp-content\/uploads\/2025\/02\/2025_02_12_LetsTalkAboutRecht_InkenGallner_Foto_Damian_Domes_SFR_lq-11-1024x681.jpg\" class=\"attachment-large size-large wp-image-32515\" alt=\"A view over the seated audience toward a stage with two people. People in the audience are holding up cards that say &quot;Yes!&quot; or &quot;No!&quot;.\" srcset=\"https:\/\/stiftung-forum-recht.de\/wp-content\/uploads\/2025\/02\/2025_02_12_LetsTalkAboutRecht_InkenGallner_Foto_Damian_Domes_SFR_lq-11-1024x681.jpg 1024w, https:\/\/stiftung-forum-recht.de\/wp-content\/uploads\/2025\/02\/2025_02_12_LetsTalkAboutRecht_InkenGallner_Foto_Damian_Domes_SFR_lq-11-300x200.jpg 300w, https:\/\/stiftung-forum-recht.de\/wp-content\/uploads\/2025\/02\/2025_02_12_LetsTalkAboutRecht_InkenGallner_Foto_Damian_Domes_SFR_lq-11-768x511.jpg 768w, https:\/\/stiftung-forum-recht.de\/wp-content\/uploads\/2025\/02\/2025_02_12_LetsTalkAboutRecht_InkenGallner_Foto_Damian_Domes_SFR_lq-11-1536x1022.jpg 1536w, https:\/\/stiftung-forum-recht.de\/wp-content\/uploads\/2025\/02\/2025_02_12_LetsTalkAboutRecht_InkenGallner_Foto_Damian_Domes_SFR_lq-11-18x12.jpg 18w, https:\/\/stiftung-forum-recht.de\/wp-content\/uploads\/2025\/02\/2025_02_12_LetsTalkAboutRecht_InkenGallner_Foto_Damian_Domes_SFR_lq-11.jpg 1980w\" sizes=\"(max-width: 1024px) 100vw, 1024px\" \/>\t\t\t\t\t\t\t\t<\/a>\n\t\t\t\t\t\t\t\t\t\t\t<figcaption class=\"widget-image-caption wp-caption-text\">Photo: Damian Domes<\/figcaption>\n\t\t\t\t\t\t\t\t\t\t<\/figure>\n\t\t\t\t\t\t\t\t\t<\/div>\n\t\t\t\t<\/div>\n\t\t<div data-particle_enable=\"false\" data-particle-mobile-disabled=\"false\" class=\"elementor-element elementor-element-e46b85f e-con-full e-flex e-con e-child\" data-id=\"e46b85f\" data-element_type=\"container\" data-e-type=\"container\">\n\t\t\t\t<div class=\"elementor-element elementor-element-149d230 elementor-widget elementor-widget-image\" data-id=\"149d230\" data-element_type=\"widget\" data-e-type=\"widget\" data-widget_type=\"image.default\">\n\t\t\t\t\t\t\t\t\t\t\t\t<figure class=\"wp-caption\">\n\t\t\t\t\t\t\t\t\t\t\t<a href=\"https:\/\/stiftung-forum-recht.de\/wp-content\/uploads\/2025\/02\/2025_02_12_LetsTalkAboutRecht_InkenGallner_Foto_Damian_Domes_SFR_lq-18.jpg\" data-elementor-open-lightbox=\"yes\" data-elementor-lightbox-title=\"Stiftung Forum Recht in Karlsruhe\" data-elementor-lightbox-description=\"Let`s Talk About Recht in Karlsruhe #1 mit Inken Gallner, Foto: Damian Domes, 2025_02_12_LetsTalkAboutRecht_InkenGallner_Foto_Damian_Domes_SFR_lq (18)\" data-e-action-hash=\"#elementor-action%3Aaction%3Dlightbox%26settings%3DeyJpZCI6MzI1MjIsInVybCI6Imh0dHBzOlwvXC9zdGlmdHVuZy1mb3J1bS1yZWNodC5kZVwvd3AtY29udGVudFwvdXBsb2Fkc1wvMjAyNVwvMDJcLzIwMjVfMDJfMTJfTGV0c1RhbGtBYm91dFJlY2h0X0lua2VuR2FsbG5lcl9Gb3RvX0RhbWlhbl9Eb21lc19TRlJfbHEtMTguanBnIn0%3D\">\n\t\t\t\t\t\t\t<img decoding=\"async\" width=\"1024\" height=\"681\" src=\"https:\/\/stiftung-forum-recht.de\/wp-content\/uploads\/2025\/02\/2025_02_12_LetsTalkAboutRecht_InkenGallner_Foto_Damian_Domes_SFR_lq-18-1024x681.jpg\" class=\"attachment-large size-large wp-image-32522\" alt=\"A photo of the event hall taken from the outside through large glass panes\u2014showing the audience seated in chairs.\" srcset=\"https:\/\/stiftung-forum-recht.de\/wp-content\/uploads\/2025\/02\/2025_02_12_LetsTalkAboutRecht_InkenGallner_Foto_Damian_Domes_SFR_lq-18-1024x681.jpg 1024w, https:\/\/stiftung-forum-recht.de\/wp-content\/uploads\/2025\/02\/2025_02_12_LetsTalkAboutRecht_InkenGallner_Foto_Damian_Domes_SFR_lq-18-300x200.jpg 300w, https:\/\/stiftung-forum-recht.de\/wp-content\/uploads\/2025\/02\/2025_02_12_LetsTalkAboutRecht_InkenGallner_Foto_Damian_Domes_SFR_lq-18-768x511.jpg 768w, https:\/\/stiftung-forum-recht.de\/wp-content\/uploads\/2025\/02\/2025_02_12_LetsTalkAboutRecht_InkenGallner_Foto_Damian_Domes_SFR_lq-18-1536x1022.jpg 1536w, https:\/\/stiftung-forum-recht.de\/wp-content\/uploads\/2025\/02\/2025_02_12_LetsTalkAboutRecht_InkenGallner_Foto_Damian_Domes_SFR_lq-18-18x12.jpg 18w, https:\/\/stiftung-forum-recht.de\/wp-content\/uploads\/2025\/02\/2025_02_12_LetsTalkAboutRecht_InkenGallner_Foto_Damian_Domes_SFR_lq-18.jpg 1980w\" sizes=\"(max-width: 1024px) 100vw, 1024px\" \/>\t\t\t\t\t\t\t\t<\/a>\n\t\t\t\t\t\t\t\t\t\t\t<figcaption class=\"widget-image-caption wp-caption-text\">Photo: Damian Domes<\/figcaption>\n\t\t\t\t\t\t\t\t\t\t<\/figure>\n\t\t\t\t\t\t\t\t\t<\/div>\n\t\t\t\t<\/div>\n\t\t<div data-particle_enable=\"false\" data-particle-mobile-disabled=\"false\" class=\"elementor-element elementor-element-e258551 e-con-full e-flex e-con e-child\" data-id=\"e258551\" data-element_type=\"container\" data-e-type=\"container\">\n\t\t\t\t<div class=\"elementor-element elementor-element-93fbd98 elementor-widget elementor-widget-image\" data-id=\"93fbd98\" data-element_type=\"widget\" data-e-type=\"widget\" data-widget_type=\"image.default\">\n\t\t\t\t\t\t\t\t\t\t\t\t<figure class=\"wp-caption\">\n\t\t\t\t\t\t\t\t\t\t\t<a href=\"https:\/\/stiftung-forum-recht.de\/wp-content\/uploads\/2025\/03\/20241018_Dennig__Kollegen_11018_ausschnitt.jpg\" data-elementor-open-lightbox=\"yes\" data-elementor-lightbox-title=\"20241018_Dennig_&amp;_Kollegen_11018_ausschnitt\" data-elementor-lightbox-description=\"Foto: Dennig&amp;Kollegen\" data-e-action-hash=\"#elementor-action%3Aaction%3Dlightbox%26settings%3DeyJpZCI6MzI3ODYsInVybCI6Imh0dHBzOlwvXC9zdGlmdHVuZy1mb3J1bS1yZWNodC5kZVwvd3AtY29udGVudFwvdXBsb2Fkc1wvMjAyNVwvMDNcLzIwMjQxMDE4X0Rlbm5pZ19fS29sbGVnZW5fMTEwMThfYXVzc2Nobml0dC5qcGcifQ%3D%3D\">\n\t\t\t\t\t\t\t<img loading=\"lazy\" decoding=\"async\" width=\"682\" height=\"1024\" src=\"https:\/\/stiftung-forum-recht.de\/wp-content\/uploads\/2025\/03\/20241018_Dennig__Kollegen_11018_ausschnitt-682x1024.jpg\" class=\"attachment-large size-large wp-image-32786\" alt=\"Portrait of G\u00f6tz Pasker\" srcset=\"https:\/\/stiftung-forum-recht.de\/wp-content\/uploads\/2025\/03\/20241018_Dennig__Kollegen_11018_ausschnitt-682x1024.jpg 682w, https:\/\/stiftung-forum-recht.de\/wp-content\/uploads\/2025\/03\/20241018_Dennig__Kollegen_11018_ausschnitt-200x300.jpg 200w, https:\/\/stiftung-forum-recht.de\/wp-content\/uploads\/2025\/03\/20241018_Dennig__Kollegen_11018_ausschnitt-768x1152.jpg 768w, https:\/\/stiftung-forum-recht.de\/wp-content\/uploads\/2025\/03\/20241018_Dennig__Kollegen_11018_ausschnitt-8x12.jpg 8w, https:\/\/stiftung-forum-recht.de\/wp-content\/uploads\/2025\/03\/20241018_Dennig__Kollegen_11018_ausschnitt.jpg 991w\" sizes=\"(max-width: 682px) 100vw, 682px\" \/>\t\t\t\t\t\t\t\t<\/a>\n\t\t\t\t\t\t\t\t\t\t\t<figcaption class=\"widget-image-caption wp-caption-text\">G\u00f6tz Pasker, attorney and president of the Karlsruhe Bar Association, e.V., Photo: Dennig &amp; Colleagues<\/figcaption>\n\t\t\t\t\t\t\t\t\t\t<\/figure>\n\t\t\t\t\t\t\t\t\t<\/div>\n\t\t\t\t<\/div>\n\t\t<div data-particle_enable=\"false\" data-particle-mobile-disabled=\"false\" class=\"elementor-element elementor-element-755ce1f e-con-full e-flex e-con e-child\" data-id=\"755ce1f\" data-element_type=\"container\" data-e-type=\"container\">\n\t\t\t\t<div class=\"elementor-element elementor-element-8b4f863 elementor-widget elementor-widget-image\" data-id=\"8b4f863\" data-element_type=\"widget\" data-e-type=\"widget\" data-widget_type=\"image.default\">\n\t\t\t\t\t\t\t\t\t\t\t\t<figure class=\"wp-caption\">\n\t\t\t\t\t\t\t\t\t\t\t<a href=\"https:\/\/stiftung-forum-recht.de\/wp-content\/uploads\/2025\/03\/Foto-Ruth-Zoeller_bearb2.png\" data-elementor-open-lightbox=\"yes\" data-elementor-lightbox-title=\"Portrait von Ruth Z\u00f6ller\" data-elementor-lightbox-description=\"Foto: Privat\" data-e-action-hash=\"#elementor-action%3Aaction%3Dlightbox%26settings%3DeyJpZCI6MzI3OTYsInVybCI6Imh0dHBzOlwvXC9zdGlmdHVuZy1mb3J1bS1yZWNodC5kZVwvd3AtY29udGVudFwvdXBsb2Fkc1wvMjAyNVwvMDNcL0ZvdG8tUnV0aC1ab2VsbGVyX2JlYXJiMi5wbmcifQ%3D%3D\">\n\t\t\t\t\t\t\t<img loading=\"lazy\" decoding=\"async\" width=\"683\" height=\"1024\" src=\"https:\/\/stiftung-forum-recht.de\/wp-content\/uploads\/2025\/03\/Foto-Ruth-Zoeller_bearb2-683x1024.png\" class=\"attachment-large size-large wp-image-32796\" alt=\"Portrait of Ruth Z\u00f6ller\" srcset=\"https:\/\/stiftung-forum-recht.de\/wp-content\/uploads\/2025\/03\/Foto-Ruth-Zoeller_bearb2-683x1024.png 683w, https:\/\/stiftung-forum-recht.de\/wp-content\/uploads\/2025\/03\/Foto-Ruth-Zoeller_bearb2-200x300.png 200w, https:\/\/stiftung-forum-recht.de\/wp-content\/uploads\/2025\/03\/Foto-Ruth-Zoeller_bearb2-768x1152.png 768w, https:\/\/stiftung-forum-recht.de\/wp-content\/uploads\/2025\/03\/Foto-Ruth-Zoeller_bearb2-1024x1536.png 1024w, https:\/\/stiftung-forum-recht.de\/wp-content\/uploads\/2025\/03\/Foto-Ruth-Zoeller_bearb2-1366x2048.png 1366w, https:\/\/stiftung-forum-recht.de\/wp-content\/uploads\/2025\/03\/Foto-Ruth-Zoeller_bearb2-8x12.png 8w\" sizes=\"(max-width: 683px) 100vw, 683px\" \/>\t\t\t\t\t\t\t\t<\/a>\n\t\t\t\t\t\t\t\t\t\t\t<figcaption class=\"widget-image-caption wp-caption-text\">Ruth Z\u00f6ller, attorney and executive director of Mieterverein Karlsruhe e.V., Photo: Private<\/figcaption>\n\t\t\t\t\t\t\t\t\t\t<\/figure>\n\t\t\t\t\t\t\t\t\t<\/div>\n\t\t\t\t<\/div>\n\t\t<div data-particle_enable=\"false\" data-particle-mobile-disabled=\"false\" class=\"elementor-element elementor-element-f91cef1 e-con-full e-flex e-con e-child\" data-id=\"f91cef1\" data-element_type=\"container\" data-e-type=\"container\">\n\t\t\t\t<div class=\"elementor-element elementor-element-67350ab elementor-widget elementor-widget-image\" data-id=\"67350ab\" data-element_type=\"widget\" data-e-type=\"widget\" data-widget_type=\"image.default\">\n\t\t\t\t\t\t\t\t\t\t\t\t<figure class=\"wp-caption\">\n\t\t\t\t\t\t\t\t\t\t\t<a href=\"https:\/\/stiftung-forum-recht.de\/wp-content\/uploads\/2025\/02\/2025_02_19_Talk_about_Recht_Leipzig_Foto_Tom_Schulze_SFR_0175_HQ-scaled.jpg\" data-elementor-open-lightbox=\"yes\" data-elementor-lightbox-title=\"Marie-Elisabeth Miersch moderiert die Gespr\u00e4chsreihe &quot;Let&#039;s Talk About Recht&quot;\" data-e-action-hash=\"#elementor-action%3Aaction%3Dlightbox%26settings%3DeyJpZCI6MzI0MTYsInVybCI6Imh0dHBzOlwvXC9zdGlmdHVuZy1mb3J1bS1yZWNodC5kZVwvd3AtY29udGVudFwvdXBsb2Fkc1wvMjAyNVwvMDJcLzIwMjVfMDJfMTlfVGFsa19hYm91dF9SZWNodF9MZWlwemlnX0ZvdG9fVG9tX1NjaHVsemVfU0ZSXzAxNzVfSFEtc2NhbGVkLmpwZyJ9\">\n\t\t\t\t\t\t\t<img loading=\"lazy\" decoding=\"async\" width=\"897\" height=\"1024\" src=\"https:\/\/stiftung-forum-recht.de\/wp-content\/uploads\/2025\/02\/2025_02_19_Talk_about_Recht_Leipzig_Foto_Tom_Schulze_SFR_0175_HQ-897x1024.jpg\" class=\"attachment-large size-large wp-image-32416\" alt=\"A young woman with black hair looks into the camera with a friendly, confident smile, holding cue cards in her hand.\" srcset=\"https:\/\/stiftung-forum-recht.de\/wp-content\/uploads\/2025\/02\/2025_02_19_Talk_about_Recht_Leipzig_Foto_Tom_Schulze_SFR_0175_HQ-897x1024.jpg 897w, https:\/\/stiftung-forum-recht.de\/wp-content\/uploads\/2025\/02\/2025_02_19_Talk_about_Recht_Leipzig_Foto_Tom_Schulze_SFR_0175_HQ-263x300.jpg 263w, https:\/\/stiftung-forum-recht.de\/wp-content\/uploads\/2025\/02\/2025_02_19_Talk_about_Recht_Leipzig_Foto_Tom_Schulze_SFR_0175_HQ-768x876.jpg 768w, https:\/\/stiftung-forum-recht.de\/wp-content\/uploads\/2025\/02\/2025_02_19_Talk_about_Recht_Leipzig_Foto_Tom_Schulze_SFR_0175_HQ-1346x1536.jpg 1346w, https:\/\/stiftung-forum-recht.de\/wp-content\/uploads\/2025\/02\/2025_02_19_Talk_about_Recht_Leipzig_Foto_Tom_Schulze_SFR_0175_HQ-1794x2048.jpg 1794w, https:\/\/stiftung-forum-recht.de\/wp-content\/uploads\/2025\/02\/2025_02_19_Talk_about_Recht_Leipzig_Foto_Tom_Schulze_SFR_0175_HQ-11x12.jpg 11w\" sizes=\"(max-width: 897px) 100vw, 897px\" \/>\t\t\t\t\t\t\t\t<\/a>\n\t\t\t\t\t\t\t\t\t\t\t<figcaption class=\"widget-image-caption wp-caption-text\">Host Marie-Elisabeth Miersch, Photo: Tom Schulze<\/figcaption>\n\t\t\t\t\t\t\t\t\t\t<\/figure>\n\t\t\t\t\t\t\t\t\t<\/div>\n\t\t\t\t<\/div>\n\t\t\t\t\t<\/div>\n\t\t\t\t<\/div>\n\t\t\t\t<\/div>","protected":false},"excerpt":{"rendered":"<p>The Forum Recht Foundation invites you to a discussion titled \u201eConflict Zone: Tenancy Law\u2014Housing, Rent, and Disputes\u201c on March 12, 2025, at 7:00 p.m. The guests will be Ruth Z\u00f6ller, Executive Director of the Karlsruhe Tenants\u2019 Association (Mieterverein Karlsruhe e.V.), and G\u00f6tz Pasker, President of the Karlsruhe Bar Association (Karlsruher Anwaltsverein e.V.).<\/p>","protected":false},"author":27,"featured_media":32515,"comment_status":"open","ping_status":"open","sticky":false,"template":"","format":"standard","meta":{"_acf_changed":false,"neve_meta_sidebar":"","neve_meta_container":"","neve_meta_enable_content_width":"","neve_meta_content_width":0,"neve_meta_title_alignment":"","neve_meta_author_avatar":"","neve_post_elements_order":"","neve_meta_disable_header":"","neve_meta_disable_footer":"","neve_meta_disable_title":"","_themeisle_gutenberg_block_has_review":false,"footnotes":""},"categories":[53,129],"tags":[101],"class_list":["post-32560","post","type-post","status-publish","format-standard","has-post-thumbnail","hentry","category-pressemitteilung","category-129","tag-rechtsstaat"],"acf":[],"yoast_head":"<!-- This site is optimized with the Yoast SEO plugin v28.3 - https:\/\/yoast.com\/product\/yoast-seo-wordpress\/ -->\n<title>Wohnen, Mieten, Streiten \u2013 Gespr\u00e4ch mit Ruth\u00a0Z\u00f6ller und G\u00f6tz Pasker | Stiftung Forum Recht<\/title>\n<meta name=\"description\" content=\"Die Stiftung Forum Recht l\u00e4dt am 12. M\u00e4rz 2025 um 19:00 Uhr zum Gespr\u00e4ch \u201eKonfliktzone Mietrecht: Wohnen, Mieten, Streiten\u201c ein. Zu Gast sind Ruth Z\u00f6ller, Gesch\u00e4ftsf\u00fchrerin des Mietervereins Karlsruhe e.V., und G\u00f6tz Pasker, Pr\u00e4sident des Karlsruher Anwaltsvereins e.V.\" \/>\n<meta name=\"robots\" content=\"index, follow, max-snippet:-1, max-image-preview:large, max-video-preview:-1\" \/>\n<link rel=\"canonical\" href=\"https:\/\/stiftung-forum-recht.de\/en\/press-release\/conflict-zone-rental-law-housing-rent-disputes-a-conversation-with-ruth-zoeller-and-goetz-pasker\/\" \/>\n<meta property=\"og:locale\" content=\"en_US\" \/>\n<meta property=\"og:type\" content=\"article\" \/>\n<meta property=\"og:title\" content=\"Wohnen, Mieten, Streiten \u2013 Gespr\u00e4ch mit Ruth\u00a0Z\u00f6ller und G\u00f6tz Pasker | Stiftung Forum Recht\" \/>\n<meta property=\"og:description\" content=\"Die Stiftung Forum Recht l\u00e4dt am 12. M\u00e4rz 2025 um 19:00 Uhr zum Gespr\u00e4ch \u201eKonfliktzone Mietrecht: Wohnen, Mieten, Streiten\u201c ein. Zu Gast sind Ruth Z\u00f6ller, Gesch\u00e4ftsf\u00fchrerin des Mietervereins Karlsruhe e.V., und G\u00f6tz Pasker, Pr\u00e4sident des Karlsruher Anwaltsvereins e.V.\" \/>\n<meta property=\"og:url\" content=\"https:\/\/stiftung-forum-recht.de\/en\/press-release\/conflict-zone-rental-law-housing-rent-disputes-a-conversation-with-ruth-zoeller-and-goetz-pasker\/\" \/>\n<meta property=\"og:site_name\" content=\"Stiftung Forum Recht\" \/>\n<meta property=\"article:published_time\" content=\"2025-03-03T10:07:20+00:00\" \/>\n<meta property=\"article:modified_time\" content=\"2026-01-29T15:09:26+00:00\" \/>\n<meta property=\"og:image\" content=\"https:\/\/stiftung-forum-recht.de\/wp-content\/uploads\/2025\/02\/2025_02_12_LetsTalkAboutRecht_InkenGallner_Foto_Damian_Domes_SFR_lq-11.jpg\" \/>\n\t<meta property=\"og:image:width\" content=\"1980\" \/>\n\t<meta property=\"og:image:height\" content=\"1317\" \/>\n\t<meta property=\"og:image:type\" content=\"image\/jpeg\" \/>\n<meta name=\"author\" content=\"Romy Klemm\" \/>\n<meta name=\"twitter:card\" content=\"summary_large_image\" \/>\n<meta name=\"twitter:label1\" content=\"Written by\" \/>\n\t<meta name=\"twitter:data1\" content=\"Romy Klemm\" \/>\n\t<meta name=\"twitter:label2\" content=\"Est. reading time\" \/>\n\t<meta name=\"twitter:data2\" content=\"4 minutes\" \/>\n<!-- \/ Yoast SEO plugin. -->","yoast_head_json":{"title":"Housing, Rent, Disputes \u2013 A Conversation with Ruth Z\u00f6ller and G\u00f6tz Pasker | Forum Recht Foundation","description":"The Forum Recht Foundation invites you to a discussion titled \u201eConflict Zone: Tenancy Law\u2014Housing, Rent, and Disputes\u201c on March 12, 2025, at 7:00 p.m. The guests will be Ruth Z\u00f6ller, Executive Director of the Karlsruhe Tenants\u2019 Association (Mieterverein Karlsruhe e.V.), and G\u00f6tz Pasker, President of the Karlsruhe Bar Association (Karlsruher Anwaltsverein e.V.).","robots":{"index":"index","follow":"follow","max-snippet":"max-snippet:-1","max-image-preview":"max-image-preview:large","max-video-preview":"max-video-preview:-1"},"canonical":"https:\/\/stiftung-forum-recht.de\/en\/press-release\/conflict-zone-rental-law-housing-rent-disputes-a-conversation-with-ruth-zoeller-and-goetz-pasker\/","og_locale":"en_US","og_type":"article","og_title":"Wohnen, Mieten, Streiten \u2013 Gespr\u00e4ch mit Ruth\u00a0Z\u00f6ller und G\u00f6tz Pasker | Stiftung Forum Recht","og_description":"Die Stiftung Forum Recht l\u00e4dt am 12. M\u00e4rz 2025 um 19:00 Uhr zum Gespr\u00e4ch \u201eKonfliktzone Mietrecht: Wohnen, Mieten, Streiten\u201c ein. Zu Gast sind Ruth Z\u00f6ller, Gesch\u00e4ftsf\u00fchrerin des Mietervereins Karlsruhe e.V., und G\u00f6tz Pasker, Pr\u00e4sident des Karlsruher Anwaltsvereins e.V.","og_url":"https:\/\/stiftung-forum-recht.de\/en\/press-release\/conflict-zone-rental-law-housing-rent-disputes-a-conversation-with-ruth-zoeller-and-goetz-pasker\/","og_site_name":"Stiftung Forum Recht","article_published_time":"2025-03-03T10:07:20+00:00","article_modified_time":"2026-01-29T15:09:26+00:00","og_image":[{"width":1980,"height":1317,"url":"https:\/\/stiftung-forum-recht.de\/wp-content\/uploads\/2025\/02\/2025_02_12_LetsTalkAboutRecht_InkenGallner_Foto_Damian_Domes_SFR_lq-11.jpg","type":"image\/jpeg"}],"author":"Romy Klemm","twitter_card":"summary_large_image","twitter_misc":{"Written by":"Romy Klemm","Est. reading time":"4 minutes"},"schema":{"@context":"https:\/\/schema.org","@graph":[{"@type":"Article","@id":"https:\/\/stiftung-forum-recht.de\/pressemitteilung\/konfliktzone-mietrecht-wohnen-mieten-streiten-gespraech-mit-ruth-zoeller-und-goetz-pasker\/#article","isPartOf":{"@id":"https:\/\/stiftung-forum-recht.de\/pressemitteilung\/konfliktzone-mietrecht-wohnen-mieten-streiten-gespraech-mit-ruth-zoeller-und-goetz-pasker\/"},"author":{"name":"Romy Klemm","@id":"https:\/\/stiftung-forum-recht.de\/#\/schema\/person\/8327c2c51c9bbd54e0e86a3c448bba10"},"headline":"Wohnen, Mieten, Streiten \u2013 Gespr\u00e4ch mit Ruth\u00a0Z\u00f6ller und G\u00f6tz Pasker","datePublished":"2025-03-03T10:07:20+00:00","dateModified":"2026-01-29T15:09:26+00:00","mainEntityOfPage":{"@id":"https:\/\/stiftung-forum-recht.de\/pressemitteilung\/konfliktzone-mietrecht-wohnen-mieten-streiten-gespraech-mit-ruth-zoeller-und-goetz-pasker\/"},"wordCount":636,"commentCount":0,"publisher":{"@id":"https:\/\/stiftung-forum-recht.de\/#organization"},"image":{"@id":"https:\/\/stiftung-forum-recht.de\/pressemitteilung\/konfliktzone-mietrecht-wohnen-mieten-streiten-gespraech-mit-ruth-zoeller-und-goetz-pasker\/#primaryimage"},"thumbnailUrl":"https:\/\/stiftung-forum-recht.de\/wp-content\/uploads\/2025\/02\/2025_02_12_LetsTalkAboutRecht_InkenGallner_Foto_Damian_Domes_SFR_lq-11.jpg","keywords":["Rechtsstaat"],"articleSection":["Pressemitteilungen","Pressemitteilungen 2025"],"inLanguage":"en-US","potentialAction":[{"@type":"CommentAction","name":"Comment","target":["https:\/\/stiftung-forum-recht.de\/pressemitteilung\/konfliktzone-mietrecht-wohnen-mieten-streiten-gespraech-mit-ruth-zoeller-und-goetz-pasker\/#respond"]}]},{"@type":"WebPage","@id":"https:\/\/stiftung-forum-recht.de\/pressemitteilung\/konfliktzone-mietrecht-wohnen-mieten-streiten-gespraech-mit-ruth-zoeller-und-goetz-pasker\/","url":"https:\/\/stiftung-forum-recht.de\/pressemitteilung\/konfliktzone-mietrecht-wohnen-mieten-streiten-gespraech-mit-ruth-zoeller-und-goetz-pasker\/","name":"Housing, Rent, Disputes \u2013 A Conversation with Ruth Z\u00f6ller and G\u00f6tz Pasker | Forum Recht Foundation","isPartOf":{"@id":"https:\/\/stiftung-forum-recht.de\/#website"},"primaryImageOfPage":{"@id":"https:\/\/stiftung-forum-recht.de\/pressemitteilung\/konfliktzone-mietrecht-wohnen-mieten-streiten-gespraech-mit-ruth-zoeller-und-goetz-pasker\/#primaryimage"},"image":{"@id":"https:\/\/stiftung-forum-recht.de\/pressemitteilung\/konfliktzone-mietrecht-wohnen-mieten-streiten-gespraech-mit-ruth-zoeller-und-goetz-pasker\/#primaryimage"},"thumbnailUrl":"https:\/\/stiftung-forum-recht.de\/wp-content\/uploads\/2025\/02\/2025_02_12_LetsTalkAboutRecht_InkenGallner_Foto_Damian_Domes_SFR_lq-11.jpg","datePublished":"2025-03-03T10:07:20+00:00","dateModified":"2026-01-29T15:09:26+00:00","description":"The Forum Recht Foundation invites you to a discussion titled \u201eConflict Zone: Tenancy Law\u2014Housing, Rent, and Disputes\u201c on March 12, 2025, at 7:00 p.m. The guests will be Ruth Z\u00f6ller, Executive Director of the Karlsruhe Tenants\u2019 Association (Mieterverein Karlsruhe e.V.), and G\u00f6tz Pasker, President of the Karlsruhe Bar Association (Karlsruher Anwaltsverein e.V.).","breadcrumb":{"@id":"https:\/\/stiftung-forum-recht.de\/pressemitteilung\/konfliktzone-mietrecht-wohnen-mieten-streiten-gespraech-mit-ruth-zoeller-und-goetz-pasker\/#breadcrumb"},"inLanguage":"en-US","potentialAction":[{"@type":"ReadAction","target":["https:\/\/stiftung-forum-recht.de\/pressemitteilung\/konfliktzone-mietrecht-wohnen-mieten-streiten-gespraech-mit-ruth-zoeller-und-goetz-pasker\/"]}]},{"@type":"ImageObject","inLanguage":"en-US","@id":"https:\/\/stiftung-forum-recht.de\/pressemitteilung\/konfliktzone-mietrecht-wohnen-mieten-streiten-gespraech-mit-ruth-zoeller-und-goetz-pasker\/#primaryimage","url":"https:\/\/stiftung-forum-recht.de\/wp-content\/uploads\/2025\/02\/2025_02_12_LetsTalkAboutRecht_InkenGallner_Foto_Damian_Domes_SFR_lq-11.jpg","contentUrl":"https:\/\/stiftung-forum-recht.de\/wp-content\/uploads\/2025\/02\/2025_02_12_LetsTalkAboutRecht_InkenGallner_Foto_Damian_Domes_SFR_lq-11.jpg","width":1980,"height":1317,"caption":"Gespr\u00e4chsreihe \u201eLet's Talk About Recht\" 2025 der Stiftung Forum Recht. Foto: Damian Domes"},{"@type":"BreadcrumbList","@id":"https:\/\/stiftung-forum-recht.de\/pressemitteilung\/konfliktzone-mietrecht-wohnen-mieten-streiten-gespraech-mit-ruth-zoeller-und-goetz-pasker\/#breadcrumb","itemListElement":[{"@type":"ListItem","position":1,"name":"Startseite","item":"https:\/\/stiftung-forum-recht.de\/"},{"@type":"ListItem","position":2,"name":"Wohnen, Mieten, Streiten \u2013 Gespr\u00e4ch mit Ruth\u00a0Z\u00f6ller und G\u00f6tz Pasker"}]},{"@type":"WebSite","@id":"https:\/\/stiftung-forum-recht.de\/#website","url":"https:\/\/stiftung-forum-recht.de\/","name":"Stiftung Forum Recht","description":"THE LAW FORUM","publisher":{"@id":"https:\/\/stiftung-forum-recht.de\/#organization"},"potentialAction":[{"@type":"SearchAction","target":{"@type":"EntryPoint","urlTemplate":"https:\/\/stiftung-forum-recht.de\/?s={search_term_string}"},"query-input":{"@type":"PropertyValueSpecification","valueRequired":true,"valueName":"search_term_string"}}],"inLanguage":"en-US"},{"@type":"Organization","@id":"https:\/\/stiftung-forum-recht.de\/#organization","name":"Stiftung Forum Recht","url":"https:\/\/stiftung-forum-recht.de\/","logo":{"@type":"ImageObject","inLanguage":"en-US","@id":"https:\/\/stiftung-forum-recht.de\/#\/schema\/logo\/image\/","url":"https:\/\/stiftung-forum-recht.de\/wp-content\/uploads\/2020\/10\/sfr-logo-2023.png","contentUrl":"https:\/\/stiftung-forum-recht.de\/wp-content\/uploads\/2020\/10\/sfr-logo-2023.png","width":200,"height":200,"caption":"Stiftung Forum Recht"},"image":{"@id":"https:\/\/stiftung-forum-recht.de\/#\/schema\/logo\/image\/"}},{"@type":"Person","@id":"https:\/\/stiftung-forum-recht.de\/#\/schema\/person\/8327c2c51c9bbd54e0e86a3c448bba10","name":"Romy Klemm","image":{"@type":"ImageObject","inLanguage":"en-US","@id":"https:\/\/secure.gravatar.com\/avatar\/7bf650052447ea004daba80791cf7b2155ff501a0e7676347dd4d11b053b8d51?s=96&d=mm&r=g","url":"https:\/\/secure.gravatar.com\/avatar\/7bf650052447ea004daba80791cf7b2155ff501a0e7676347dd4d11b053b8d51?s=96&d=mm&r=g","contentUrl":"https:\/\/secure.gravatar.com\/avatar\/7bf650052447ea004daba80791cf7b2155ff501a0e7676347dd4d11b053b8d51?s=96&d=mm&r=g","caption":"Romy Klemm"},"url":"https:\/\/stiftung-forum-recht.de\/en\/author\/onlineredakteurin\/"}]}},"meta_box":[],"_links":{"self":[{"href":"https:\/\/stiftung-forum-recht.de\/en\/wp-json\/wp\/v2\/posts\/32560","targetHints":{"allow":["GET"]}}],"collection":[{"href":"https:\/\/stiftung-forum-recht.de\/en\/wp-json\/wp\/v2\/posts"}],"about":[{"href":"https:\/\/stiftung-forum-recht.de\/en\/wp-json\/wp\/v2\/types\/post"}],"author":[{"embeddable":true,"href":"https:\/\/stiftung-forum-recht.de\/en\/wp-json\/wp\/v2\/users\/27"}],"replies":[{"embeddable":true,"href":"https:\/\/stiftung-forum-recht.de\/en\/wp-json\/wp\/v2\/comments?post=32560"}],"version-history":[{"count":0,"href":"https:\/\/stiftung-forum-recht.de\/en\/wp-json\/wp\/v2\/posts\/32560\/revisions"}],"wp:featuredmedia":[{"embeddable":true,"href":"https:\/\/stiftung-forum-recht.de\/en\/wp-json\/wp\/v2\/media\/32515"}],"wp:attachment":[{"href":"https:\/\/stiftung-forum-recht.de\/en\/wp-json\/wp\/v2\/media?parent=32560"}],"wp:term":[{"taxonomy":"category","embeddable":true,"href":"https:\/\/stiftung-forum-recht.de\/en\/wp-json\/wp\/v2\/categories?post=32560"},{"taxonomy":"post_tag","embeddable":true,"href":"https:\/\/stiftung-forum-recht.de\/en\/wp-json\/wp\/v2\/tags?post=32560"}],"curies":[{"name":"wp","href":"https:\/\/api.w.org\/{rel}","templated":true}]}}