{"id":32298,"date":"2025-02-20T15:01:03","date_gmt":"2025-02-20T14:01:03","guid":{"rendered":"https:\/\/stiftung-forum-recht.de\/?p=32298"},"modified":"2025-02-24T09:38:27","modified_gmt":"2025-02-24T08:38:27","slug":"theme-day-human-rights-protection-in-europe-2","status":"publish","type":"post","link":"https:\/\/stiftung-forum-recht.de\/en\/pressemitteilung\/thementag-menschenrechtsschutz-in-europa-2\/","title":{"rendered":"Theme Day: Human Rights Protection in Europe"},"content":{"rendered":"<div data-elementor-type=\"wp-post\" data-elementor-id=\"32298\" class=\"elementor elementor-32298\" data-elementor-post-type=\"post\">\n\t\t\t\t<div data-particle_enable=\"false\" data-particle-mobile-disabled=\"false\" class=\"elementor-element elementor-element-5f87549 slidercontainer e-flex e-con-boxed e-con e-parent\" data-id=\"5f87549\" data-element_type=\"container\" data-e-type=\"container\" data-settings=\"{&quot;shape_divider_bottom&quot;:&quot;tilt&quot;}\">\n\t\t\t\t\t<div class=\"e-con-inner\">\n\t\t\t\t<div class=\"elementor-shape elementor-shape-bottom\" aria-hidden=\"true\" data-negative=\"false\">\n\t\t\t<svg xmlns=\"http:\/\/www.w3.org\/2000\/svg\" viewbox=\"0 0 1000 100\" preserveaspectratio=\"none\">\n\t<path class=\"elementor-shape-fill\" d=\"M0,6V0h1000v100L0,6z\"\/>\n<\/svg>\t\t<\/div>\n\t\t\t\t<div class=\"elementor-element elementor-element-a5698fa elementor-widget elementor-widget-template\" data-id=\"a5698fa\" data-element_type=\"widget\" data-e-type=\"widget\" data-widget_type=\"template.default\">\n\t\t\t\t<div class=\"elementor-widget-container\">\n\t\t\t\t\t\t\t<div class=\"elementor-template\">\n\t\t\t\t\t<div data-elementor-type=\"container\" data-elementor-id=\"15844\" class=\"elementor elementor-15844\" data-elementor-post-type=\"elementor_library\">\n\t\t\t\t<div data-particle_enable=\"false\" data-particle-mobile-disabled=\"false\" class=\"elementor-element elementor-element-9a7825a e-con-full slidercontainer e-transform e-flex e-con e-parent\" data-id=\"9a7825a\" data-element_type=\"container\" data-e-type=\"container\" data-settings=\"{&quot;background_background&quot;:&quot;classic&quot;,&quot;shape_divider_bottom&quot;:&quot;tilt&quot;,&quot;_transform_skewX_effect&quot;:{&quot;unit&quot;:&quot;px&quot;,&quot;size&quot;:&quot;&quot;,&quot;sizes&quot;:[]},&quot;_transform_skewX_effect_widescreen&quot;:{&quot;unit&quot;:&quot;deg&quot;,&quot;size&quot;:&quot;&quot;,&quot;sizes&quot;:[]},&quot;_transform_skewX_effect_laptop&quot;:{&quot;unit&quot;:&quot;deg&quot;,&quot;size&quot;:&quot;&quot;,&quot;sizes&quot;:[]},&quot;_transform_skewX_effect_tablet_extra&quot;:{&quot;unit&quot;:&quot;deg&quot;,&quot;size&quot;:&quot;&quot;,&quot;sizes&quot;:[]},&quot;_transform_skewX_effect_tablet&quot;:{&quot;unit&quot;:&quot;deg&quot;,&quot;size&quot;:&quot;&quot;,&quot;sizes&quot;:[]},&quot;_transform_skewX_effect_mobile&quot;:{&quot;unit&quot;:&quot;deg&quot;,&quot;size&quot;:&quot;&quot;,&quot;sizes&quot;:[]},&quot;_transform_skewY_effect&quot;:{&quot;unit&quot;:&quot;px&quot;,&quot;size&quot;:&quot;&quot;,&quot;sizes&quot;:[]},&quot;_transform_skewY_effect_widescreen&quot;:{&quot;unit&quot;:&quot;deg&quot;,&quot;size&quot;:&quot;&quot;,&quot;sizes&quot;:[]},&quot;_transform_skewY_effect_laptop&quot;:{&quot;unit&quot;:&quot;deg&quot;,&quot;size&quot;:&quot;&quot;,&quot;sizes&quot;:[]},&quot;_transform_skewY_effect_tablet_extra&quot;:{&quot;unit&quot;:&quot;deg&quot;,&quot;size&quot;:&quot;&quot;,&quot;sizes&quot;:[]},&quot;_transform_skewY_effect_tablet&quot;:{&quot;unit&quot;:&quot;deg&quot;,&quot;size&quot;:&quot;&quot;,&quot;sizes&quot;:[]},&quot;_transform_skewY_effect_mobile&quot;:{&quot;unit&quot;:&quot;deg&quot;,&quot;size&quot;:&quot;&quot;,&quot;sizes&quot;:[]}}\">\n\t\t\t\t<div class=\"elementor-shape elementor-shape-bottom\" aria-hidden=\"true\" data-negative=\"false\">\n\t\t\t<svg xmlns=\"http:\/\/www.w3.org\/2000\/svg\" viewbox=\"0 0 1000 100\" preserveaspectratio=\"none\">\n\t<path class=\"elementor-shape-fill\" d=\"M0,6V0h1000v100L0,6z\"\/>\n<\/svg>\t\t<\/div>\n\t\t\t\t<\/div>\n\t\t\t\t<\/div>\n\t\t\t\t<\/div>\n\t\t\t\t\t\t<\/div>\n\t\t\t\t<\/div>\n\t\t\t\t\t<\/div>\n\t\t\t\t<\/div>\n\t\t\t\t<section data-particle_enable=\"false\" data-particle-mobile-disabled=\"false\" class=\"elementor-section elementor-top-section elementor-element elementor-element-e989b8f elementor-section-boxed elementor-section-height-default elementor-section-height-default\" data-id=\"e989b8f\" data-element_type=\"section\" data-e-type=\"section\">\n\t\t\t\t\t\t<div class=\"elementor-container elementor-column-gap-default\">\n\t\t\t\t\t<div class=\"elementor-column elementor-col-100 elementor-top-column elementor-element elementor-element-b133490\" data-id=\"b133490\" data-element_type=\"column\" data-e-type=\"column\">\n\t\t\t<div class=\"elementor-widget-wrap elementor-element-populated\">\n\t\t\t\t\t\t<div class=\"elementor-element elementor-element-7a3a580 elementor-widget elementor-widget-text-editor\" data-id=\"7a3a580\" data-element_type=\"widget\" data-e-type=\"widget\" data-widget_type=\"text-editor.default\">\n\t\t\t\t\t\t\t\t\t<p>February 20, 2025<\/p>\t\t\t\t\t\t\t\t<\/div>\n\t\t\t\t<div class=\"elementor-element elementor-element-4d88bfa elementor-widget__width-initial elementor-widget elementor-widget-text-editor\" data-id=\"4d88bfa\" data-element_type=\"widget\" data-e-type=\"widget\" data-widget_type=\"text-editor.default\">\n\t\t\t\t\t\t\t\t\t<h1>Theme Day: Human Rights Protection in Europe<\/h1>\t\t\t\t\t\t\t\t<\/div>\n\t\t\t\t\t<\/div>\n\t\t<\/div>\n\t\t\t\t\t<\/div>\n\t\t<\/section>\n\t\t\t\t<section data-particle_enable=\"false\" data-particle-mobile-disabled=\"false\" class=\"elementor-section elementor-top-section elementor-element elementor-element-6fb6a53 elementor-section-boxed elementor-section-height-default elementor-section-height-default\" data-id=\"6fb6a53\" data-element_type=\"section\" data-e-type=\"section\">\n\t\t\t\t\t\t<div class=\"elementor-container elementor-column-gap-default\">\n\t\t\t\t\t<div class=\"elementor-column elementor-col-100 elementor-top-column elementor-element elementor-element-7acdbb9\" data-id=\"7acdbb9\" data-element_type=\"column\" data-e-type=\"column\">\n\t\t\t<div class=\"elementor-widget-wrap elementor-element-populated\">\n\t\t\t\t\t\t<div class=\"elementor-element elementor-element-1d86a68 elementor-widget elementor-widget-text-editor\" data-id=\"1d86a68\" data-element_type=\"widget\" data-e-type=\"widget\" data-widget_type=\"text-editor.default\">\n\t\t\t\t\t\t\t\t\t<h3>Visit to the European Court of Human Rights AND the Council of Europe in Strasbourg<\/h3><p>The First Theme Day of 2025<strong> \u201eHuman Rights Protection in Europe\u201c<\/strong> guides the participants through the <strong>Friday, March 28, 2025<\/strong> to the European Court of Human Rights and the Council of Europe in Strasbourg.<br \/>Following a morning discussion with legal professionals working at the court, the afternoon will feature a visit to the Council of Europe, including a workshop segment with expert presentations (by Prof. Dr. Marten Breuer of the University of Konstanz, among others). The workshop will focus on the protection of human rights in Europe and the role of the European Court of Human Rights for Germany.<\/p><p>The theme days are one-day training sessions that combine a visit to a location related to law and the rule of law with practical discussions, expert presentations, and exchanges in a workshop format.\u00a0<br \/>The event is aimed at thought leaders from various fields (e.g., schools, political education, journalism, social organizations, and similar areas). The goal is to provide participants with practical insights and in-depth knowledge so that they can competently discuss the topics covered in their respective fields and dispel misconceptions among their target audiences.<\/p><p>The meeting point on March 28, 2025, is at the Karlsruhe Central Station, South Exit. At 7:15 a.m., we\u2019ll all board the bus together and head to Strasbourg. <strong>The training session, including bus transportation, is free of charge; lunch is at your own expense.<\/strong> The return to Karlsruhe is scheduled for 6:00 p.m.<\/p><p>The number of participants is limited to 25.<br \/><strong>Registration required; registration deadline: Wednesday, March 12, 2025<\/strong><\/p><p>For more information and to register: <a href=\"https:\/\/stiftung-forum-recht.de\/vermittlung\/fortbildungen\/\"><strong>www.stiftung-forum-recht.de\/vermittlung\/fortbildungen\/<\/strong><\/a><\/p>\t\t\t\t\t\t\t\t<\/div>\n\t\t\t\t\t<\/div>\n\t\t<\/div>\n\t\t\t\t\t<\/div>\n\t\t<\/section>\n\t\t<div data-particle_enable=\"false\" data-particle-mobile-disabled=\"false\" class=\"elementor-element elementor-element-5977b27 e-flex e-con-boxed e-con e-parent\" data-id=\"5977b27\" data-element_type=\"container\" data-e-type=\"container\">\n\t\t\t\t\t<div class=\"e-con-inner\">\n\t\t\t\t<div class=\"elementor-element elementor-element-a29a2e9 elementor-widget elementor-widget-heading\" data-id=\"a29a2e9\" data-element_type=\"widget\" data-e-type=\"widget\" data-widget_type=\"heading.default\">\n\t\t\t\t\t<h2 class=\"elementor-heading-title elementor-size-default\">Programme<\/h2>\t\t\t\t<\/div>\n\t\t<div data-particle_enable=\"false\" data-particle-mobile-disabled=\"false\" class=\"elementor-element elementor-element-9d626ff e-con-full e-flex e-con e-child\" data-id=\"9d626ff\" data-element_type=\"container\" data-e-type=\"container\">\n\t\t\t\t<div class=\"elementor-element elementor-element-7f9487a elementor-widget elementor-widget-n-accordion\" data-id=\"7f9487a\" data-element_type=\"widget\" data-e-type=\"widget\" data-settings=\"{&quot;default_state&quot;:&quot;all_collapsed&quot;,&quot;max_items_expended&quot;:&quot;one&quot;,&quot;n_accordion_animation_duration&quot;:{&quot;unit&quot;:&quot;ms&quot;,&quot;size&quot;:400,&quot;sizes&quot;:[]}}\" data-widget_type=\"nested-accordion.default\">\n\t\t\t\t\t\t\t<div class=\"e-n-accordion\" aria-label=\"Accordion. Open links with Enter or Space, close with Escape, and navigate with Arrow Keys\">\n\t\t\t\t\t\t<details id=\"e-n-accordion-item-1330\" class=\"e-n-accordion-item\" >\n\t\t\t\t<summary class=\"e-n-accordion-item-title\" data-accordion-index=\"1\" tabindex=\"0\" aria-expanded=\"false\" aria-controls=\"e-n-accordion-item-1330\" >\n\t\t\t\t\t<span class='e-n-accordion-item-title-header'><div class=\"e-n-accordion-item-title-text\"> Schedule <\/div><\/span>\n\t\t\t\t\t\t\t<span class='e-n-accordion-item-title-icon'>\n\t\t\t<span class='e-opened' ><svg aria-hidden=\"true\" class=\"e-font-icon-svg e-fas-minus\" viewbox=\"0 0 448 512\" xmlns=\"http:\/\/www.w3.org\/2000\/svg\"><path d=\"M416 208H32c-17.67 0-32 14.33-32 32v32c0 17.67 14.33 32 32 32h384c17.67 0 32-14.33 32-32v-32c0-17.67-14.33-32-32-32z\"><\/path><\/svg><\/span>\n\t\t\t<span class='e-closed'><svg aria-hidden=\"true\" class=\"e-font-icon-svg e-fas-plus\" viewbox=\"0 0 448 512\" xmlns=\"http:\/\/www.w3.org\/2000\/svg\"><path d=\"M416 208H272V64c0-17.67-14.33-32-32-32h-32c-17.67 0-32 14.33-32 32v144H32c-17.67 0-32 14.33-32 32v32c0 17.67 14.33 32 32 32h144v144c0 17.67 14.33 32 32 32h32c17.67 0 32-14.33 32-32V304h144c17.67 0 32-14.33 32-32v-32c0-17.67-14.33-32-32-32z\"><\/path><\/svg><\/span>\n\t\t<\/span>\n\n\t\t\t\t\t\t<\/summary>\n\t\t\t\t<div data-particle_enable=\"false\" data-particle-mobile-disabled=\"false\" role=\"region\" aria-labelledby=\"e-n-accordion-item-1330\" class=\"elementor-element elementor-element-e83cc78 e-con-full e-flex e-con e-child\" data-id=\"e83cc78\" data-element_type=\"container\" data-e-type=\"container\">\n\t\t\t\t<div class=\"elementor-element elementor-element-ba372c7 elementor-icon-list--layout-traditional elementor-list-item-link-full_width elementor-widget elementor-widget-icon-list\" data-id=\"ba372c7\" data-element_type=\"widget\" data-e-type=\"widget\" data-widget_type=\"icon-list.default\">\n\t\t\t\t\t\t\t<ul class=\"elementor-icon-list-items\">\n\t\t\t\t\t\t\t<li class=\"elementor-icon-list-item\">\n\t\t\t\t\t\t\t\t\t\t\t<span class=\"elementor-icon-list-icon\">\n\t\t\t\t\t\t\t<svg aria-hidden=\"true\" class=\"e-font-icon-svg e-fas-dot-circle\" viewbox=\"0 0 512 512\" xmlns=\"http:\/\/www.w3.org\/2000\/svg\"><path d=\"M256 8C119.033 8 8 119.033 8 256s111.033 248 248 248 248-111.033 248-248S392.967 8 256 8zm80 248c0 44.112-35.888 80-80 80s-80-35.888-80-80 35.888-80 80-80 80 35.888 80 80z\"><\/path><\/svg>\t\t\t\t\t\t<\/span>\n\t\t\t\t\t\t\t\t\t\t<span class=\"elementor-icon-list-text\">7:15 a.m. Departure from Karlsruhe Central Station, South Exit<\/span>\n\t\t\t\t\t\t\t\t\t<\/li>\n\t\t\t\t\t\t\t\t<li class=\"elementor-icon-list-item\">\n\t\t\t\t\t\t\t\t\t\t\t<span class=\"elementor-icon-list-icon\">\n\t\t\t\t\t\t\t<svg aria-hidden=\"true\" class=\"e-font-icon-svg e-fas-dot-circle\" viewbox=\"0 0 512 512\" xmlns=\"http:\/\/www.w3.org\/2000\/svg\"><path d=\"M256 8C119.033 8 8 119.033 8 256s111.033 248 248 248 248-111.033 248-248S392.967 8 256 8zm80 248c0 44.112-35.888 80-80 80s-80-35.888-80-80 35.888-80 80-80 80 35.888 80 80z\"><\/path><\/svg>\t\t\t\t\t\t<\/span>\n\t\t\t\t\t\t\t\t\t\t<span class=\"elementor-icon-list-text\">9:15 a.m. Arrival at the main entrance of the Human Rights Building <\/span>\n\t\t\t\t\t\t\t\t\t<\/li>\n\t\t\t\t\t\t\t\t<li class=\"elementor-icon-list-item\">\n\t\t\t\t\t\t\t\t\t\t\t<span class=\"elementor-icon-list-icon\">\n\t\t\t\t\t\t\t<svg aria-hidden=\"true\" class=\"e-font-icon-svg e-fas-dot-circle\" viewbox=\"0 0 512 512\" xmlns=\"http:\/\/www.w3.org\/2000\/svg\"><path d=\"M256 8C119.033 8 8 119.033 8 256s111.033 248 248 248 248-111.033 248-248S392.967 8 256 8zm80 248c0 44.112-35.888 80-80 80s-80-35.888-80-80 35.888-80 80-80 80 35.888 80 80z\"><\/path><\/svg>\t\t\t\t\t\t<\/span>\n\t\t\t\t\t\t\t\t\t\t<span class=\"elementor-icon-list-text\">9:45 a.m. Film introducing the European Court of Human Rights <\/span>\n\t\t\t\t\t\t\t\t\t<\/li>\n\t\t\t\t\t\t\t\t<li class=\"elementor-icon-list-item\">\n\t\t\t\t\t\t\t\t\t\t\t<span class=\"elementor-icon-list-icon\">\n\t\t\t\t\t\t\t<svg aria-hidden=\"true\" class=\"e-font-icon-svg e-fas-dot-circle\" viewbox=\"0 0 512 512\" xmlns=\"http:\/\/www.w3.org\/2000\/svg\"><path d=\"M256 8C119.033 8 8 119.033 8 256s111.033 248 248 248 248-111.033 248-248S392.967 8 256 8zm80 248c0 44.112-35.888 80-80 80s-80-35.888-80-80 35.888-80 80-80 80 35.888 80 80z\"><\/path><\/svg>\t\t\t\t\t\t<\/span>\n\t\t\t\t\t\t\t\t\t\t<span class=\"elementor-icon-list-text\">10:00 a.m. Presentation by a legal expert from the Court\u2019s office on the role and work of the Court, followed by a Q&amp;A session<\/span>\n\t\t\t\t\t\t\t\t\t<\/li>\n\t\t\t\t\t\t\t\t<li class=\"elementor-icon-list-item\">\n\t\t\t\t\t\t\t\t\t\t\t<span class=\"elementor-icon-list-icon\">\n\t\t\t\t\t\t\t<svg aria-hidden=\"true\" class=\"e-font-icon-svg e-fas-dot-circle\" viewbox=\"0 0 512 512\" xmlns=\"http:\/\/www.w3.org\/2000\/svg\"><path d=\"M256 8C119.033 8 8 119.033 8 256s111.033 248 248 248 248-111.033 248-248S392.967 8 256 8zm80 248c0 44.112-35.888 80-80 80s-80-35.888-80-80 35.888-80 80-80 80 35.888 80 80z\"><\/path><\/svg>\t\t\t\t\t\t<\/span>\n\t\t\t\t\t\t\t\t\t\t<span class=\"elementor-icon-list-text\">11:30 a.m. Group lunch (at your own expense) <\/span>\n\t\t\t\t\t\t\t\t\t<\/li>\n\t\t\t\t\t\t\t\t<li class=\"elementor-icon-list-item\">\n\t\t\t\t\t\t\t\t\t\t\t<span class=\"elementor-icon-list-icon\">\n\t\t\t\t\t\t\t<svg aria-hidden=\"true\" class=\"e-font-icon-svg e-fas-dot-circle\" viewbox=\"0 0 512 512\" xmlns=\"http:\/\/www.w3.org\/2000\/svg\"><path d=\"M256 8C119.033 8 8 119.033 8 256s111.033 248 248 248 248-111.033 248-248S392.967 8 256 8zm80 248c0 44.112-35.888 80-80 80s-80-35.888-80-80 35.888-80 80-80 80 35.888 80 80z\"><\/path><\/svg>\t\t\t\t\t\t<\/span>\n\t\t\t\t\t\t\t\t\t\t<span class=\"elementor-icon-list-text\">1:15 p.m. Arrival at the Palais de l\u2019Europe and tour of the plenary hall of the Parliamentary Assembly of the Council of Europe<\/span>\n\t\t\t\t\t\t\t\t\t<\/li>\n\t\t\t\t\t\t\t\t<li class=\"elementor-icon-list-item\">\n\t\t\t\t\t\t\t\t\t\t\t<span class=\"elementor-icon-list-icon\">\n\t\t\t\t\t\t\t<svg aria-hidden=\"true\" class=\"e-font-icon-svg e-fas-dot-circle\" viewbox=\"0 0 512 512\" xmlns=\"http:\/\/www.w3.org\/2000\/svg\"><path d=\"M256 8C119.033 8 8 119.033 8 256s111.033 248 248 248 248-111.033 248-248S392.967 8 256 8zm80 248c0 44.112-35.888 80-80 80s-80-35.888-80-80 35.888-80 80-80 80 35.888 80 80z\"><\/path><\/svg>\t\t\t\t\t\t<\/span>\n\t\t\t\t\t\t\t\t\t\t<span class=\"elementor-icon-list-text\">1:45 p.m. Presentation by Irene Suominen, Public International Law Division and Treaty Office, Council of Europe. Focus: The Council of Europe and Human Rights in Europe <\/span>\n\t\t\t\t\t\t\t\t\t<\/li>\n\t\t\t\t\t\t\t\t<li class=\"elementor-icon-list-item\">\n\t\t\t\t\t\t\t\t\t\t\t<span class=\"elementor-icon-list-icon\">\n\t\t\t\t\t\t\t<svg aria-hidden=\"true\" class=\"e-font-icon-svg e-fas-dot-circle\" viewbox=\"0 0 512 512\" xmlns=\"http:\/\/www.w3.org\/2000\/svg\"><path d=\"M256 8C119.033 8 8 119.033 8 256s111.033 248 248 248 248-111.033 248-248S392.967 8 256 8zm80 248c0 44.112-35.888 80-80 80s-80-35.888-80-80 35.888-80 80-80 80 35.888 80 80z\"><\/path><\/svg>\t\t\t\t\t\t<\/span>\n\t\t\t\t\t\t\t\t\t\t<span class=\"elementor-icon-list-text\">2:45 p.m. Lecture by Prof. Dr. Marten Breuer, University of Konstanz: Focus: Human Rights Protection in Europe <\/span>\n\t\t\t\t\t\t\t\t\t<\/li>\n\t\t\t\t\t\t\t\t<li class=\"elementor-icon-list-item\">\n\t\t\t\t\t\t\t\t\t\t\t<span class=\"elementor-icon-list-icon\">\n\t\t\t\t\t\t\t<svg aria-hidden=\"true\" class=\"e-font-icon-svg e-fas-dot-circle\" viewbox=\"0 0 512 512\" xmlns=\"http:\/\/www.w3.org\/2000\/svg\"><path d=\"M256 8C119.033 8 8 119.033 8 256s111.033 248 248 248 248-111.033 248-248S392.967 8 256 8zm80 248c0 44.112-35.888 80-80 80s-80-35.888-80-80 35.888-80 80-80 80 35.888 80 80z\"><\/path><\/svg>\t\t\t\t\t\t<\/span>\n\t\t\t\t\t\t\t\t\t\t<span class=\"elementor-icon-list-text\">3:45 p.m. Discussion session and closing remarks, organized by the outreach team of the Forum Recht Foundation<\/span>\n\t\t\t\t\t\t\t\t\t<\/li>\n\t\t\t\t\t\t\t\t<li class=\"elementor-icon-list-item\">\n\t\t\t\t\t\t\t\t\t\t\t<span class=\"elementor-icon-list-icon\">\n\t\t\t\t\t\t\t<svg aria-hidden=\"true\" class=\"e-font-icon-svg e-fas-dot-circle\" viewbox=\"0 0 512 512\" xmlns=\"http:\/\/www.w3.org\/2000\/svg\"><path d=\"M256 8C119.033 8 8 119.033 8 256s111.033 248 248 248 248-111.033 248-248S392.967 8 256 8zm80 248c0 44.112-35.888 80-80 80s-80-35.888-80-80 35.888-80 80-80 80 35.888 80 80z\"><\/path><\/svg>\t\t\t\t\t\t<\/span>\n\t\t\t\t\t\t\t\t\t\t<span class=\"elementor-icon-list-text\">4:25 p.m. Departure for Karlsruhe<\/span>\n\t\t\t\t\t\t\t\t\t<\/li>\n\t\t\t\t\t\t\t\t<li class=\"elementor-icon-list-item\">\n\t\t\t\t\t\t\t\t\t\t\t<span class=\"elementor-icon-list-icon\">\n\t\t\t\t\t\t\t<svg aria-hidden=\"true\" class=\"e-font-icon-svg e-fas-dot-circle\" viewbox=\"0 0 512 512\" xmlns=\"http:\/\/www.w3.org\/2000\/svg\"><path d=\"M256 8C119.033 8 8 119.033 8 256s111.033 248 248 248 248-111.033 248-248S392.967 8 256 8zm80 248c0 44.112-35.888 80-80 80s-80-35.888-80-80 35.888-80 80-80 80 35.888 80 80z\"><\/path><\/svg>\t\t\t\t\t\t<\/span>\n\t\t\t\t\t\t\t\t\t\t<span class=\"elementor-icon-list-text\">Approx. 6:00 p.m. Arrival at Karlsruhe Central Station, South Exit (get-off options as on the outbound trip)<\/span>\n\t\t\t\t\t\t\t\t\t<\/li>\n\t\t\t\t\t\t<\/ul>\n\t\t\t\t\t\t<\/div>\n\t\t\t\t<\/div>\n\t\t\t\t\t<\/details>\n\t\t\t\t\t<\/div>\n\t\t\t\t\t\t<\/div>\n\t\t\t\t<\/div>\n\t\t\t\t\t<\/div>\n\t\t\t\t<\/div>\n\t\t<div data-particle_enable=\"false\" data-particle-mobile-disabled=\"false\" class=\"elementor-element elementor-element-2177552 e-flex e-con-boxed e-con e-parent\" data-id=\"2177552\" data-element_type=\"container\" data-e-type=\"container\">\n\t\t\t\t\t<div class=\"e-con-inner\">\n\t\t\t\t<div class=\"elementor-element elementor-element-3b4e274 elementor-widget elementor-widget-heading\" data-id=\"3b4e274\" data-element_type=\"widget\" data-e-type=\"widget\" data-widget_type=\"heading.default\">\n\t\t\t\t\t<h2 class=\"elementor-heading-title elementor-size-default\">Info at a glance<\/h2>\t\t\t\t<\/div>\n\t\t\t\t<div class=\"elementor-element elementor-element-90f1165 elementor-widget elementor-widget-text-editor\" data-id=\"90f1165\" data-element_type=\"widget\" data-e-type=\"widget\" data-widget_type=\"text-editor.default\">\n\t\t\t\t\t\t\t\t\t<p><strong>Friday, March 28, 2025, 9:00 a.m.\u20134:15 p.m.<br \/><\/strong><strong>Professional Development: Thematic Day on the Protection of Human Rights in Europe<br \/><\/strong>Location: European Court of Human Rights, Strasbourg<\/p><p><strong>Meeting point:<\/strong> Karlsruhe Central Station, South Exit<br \/>Departure from Karlsruhe at 7:15 a.m., return to Karlsruhe around 6:00 p.m.<\/p><p>The training, including bus transportation, is free of charge.<br \/>You must present your ID card to enter the buildings.<\/p><p>The number of participants is limited to 25.<br \/>In the event of high demand, we reserve the right to select participants based on a number of criteria (role as a change agent in the context of political education, representation of various employers or institutions, quantitative gender balance, and regional distribution of participants). We conduct this selection process on an ongoing basis so that we can provide feedback to interested parties as soon as possible after they register.<\/p><p><strong>Registration required; registration deadline: Wednesday, March 12, 2025.<\/strong><\/p><p><strong>For more information and to register: <\/strong><a href=\"https:\/\/stiftung-forum-recht.de\/vermittlung\/fortbildungen\/\"><strong>www.stiftung-forum-recht.de\/vermittlung\/fortbildungen\/<\/strong><\/a><\/p>\t\t\t\t\t\t\t\t<\/div>\n\t\t\t\t\t<\/div>\n\t\t\t\t<\/div>\n\t\t<div data-particle_enable=\"false\" data-particle-mobile-disabled=\"false\" class=\"elementor-element elementor-element-823c46a e-flex e-con-boxed e-con e-parent\" data-id=\"823c46a\" data-element_type=\"container\" data-e-type=\"container\">\n\t\t\t\t\t<div class=\"e-con-inner\">\n\t\t<div data-particle_enable=\"false\" data-particle-mobile-disabled=\"false\" class=\"elementor-element elementor-element-e628752 e-con-full e-flex e-con e-child\" data-id=\"e628752\" data-element_type=\"container\" data-e-type=\"container\">\n\t\t\t\t<div class=\"elementor-element elementor-element-a1febca elementor-widget-widescreen__width-initial elementor-widget elementor-widget-text-editor\" data-id=\"a1febca\" data-element_type=\"widget\" data-e-type=\"widget\" data-widget_type=\"text-editor.default\">\n\t\t\t\t\t\t\t\t\t<p><strong>Press contact<br \/><\/strong><\/p><div class=\"elementor-column elementor-col-50 elementor-inner-column elementor-element elementor-element-43f34c5\" data-id=\"43f34c5\" data-element_type=\"column\"><div class=\"elementor-widget-wrap elementor-element-populated\"><div class=\"elementor-element elementor-element-931e011 elementor-widget elementor-widget-text-editor\" data-id=\"931e011\" data-element_type=\"widget\" data-widget_type=\"text-editor.default\"><div class=\"elementor-widget-container\"><p><strong>Stiftung Forum Recht<\/strong><br \/>Charlotte Gro\u00dfmann<br \/>+49 176 57992906<br \/>grossmann@stiftung-forum-recht.de<\/p><p>\u00a0<\/p><\/div><\/div><\/div><\/div>\t\t\t\t\t\t\t\t<\/div>\n\t\t\t\t<\/div>\n\t\t<div data-particle_enable=\"false\" data-particle-mobile-disabled=\"false\" class=\"elementor-element elementor-element-0a5453c e-con-full e-flex e-con e-child\" data-id=\"0a5453c\" data-element_type=\"container\" data-e-type=\"container\">\n\t\t\t\t<div class=\"elementor-element elementor-element-53e1c1c elementor-widget elementor-widget-button\" data-id=\"53e1c1c\" data-element_type=\"widget\" data-e-type=\"widget\" data-widget_type=\"button.default\">\n\t\t\t\t\t\t\t\t\t\t<a class=\"elementor-button elementor-button-link elementor-size-md\" href=\"https:\/\/stiftung-forum-recht.de\/wp-content\/uploads\/2025\/02\/2025_02_20_Einladung_und-Pressemeldung_Thementag_Menschenrechtsschutz_Europa.pdf\" target=\"_blank\">\n\t\t\t\t\t\t<span class=\"elementor-button-content-wrapper\">\n\t\t\t\t\t\t\t\t\t<span class=\"elementor-button-text\">Download press release as PDF<\/span>\n\t\t\t\t\t<\/span>\n\t\t\t\t\t<\/a>\n\t\t\t\t\t\t\t\t<\/div>\n\t\t\t\t<\/div>\n\t\t\t\t\t<\/div>\n\t\t\t\t<\/div>\n\t\t<div data-particle_enable=\"false\" data-particle-mobile-disabled=\"false\" class=\"elementor-element elementor-element-396f98b e-flex e-con-boxed e-con e-parent\" data-id=\"396f98b\" data-element_type=\"container\" data-e-type=\"container\">\n\t\t\t\t\t<div class=\"e-con-inner\">\n\t\t\t\t<div class=\"elementor-element elementor-element-a2934c4 elementor-widget elementor-widget-heading\" data-id=\"a2934c4\" data-element_type=\"widget\" data-e-type=\"widget\" data-widget_type=\"heading.default\">\n\t\t\t\t\t<h2 class=\"elementor-heading-title elementor-size-default\">Image material<\/h2>\t\t\t\t<\/div>\n\t\t\t\t<div class=\"elementor-element elementor-element-8590954 elementor-widget elementor-widget-text-editor\" data-id=\"8590954\" data-element_type=\"widget\" data-e-type=\"widget\" data-widget_type=\"text-editor.default\">\n\t\t\t\t\t\t\t\t\t<p>The press photos are available here for download and use for editorial purposes in connection with the Forum Recht Foundation, free of charge, provided the copyright notice is included.<\/p>\t\t\t\t\t\t\t\t<\/div>\n\t\t\t\t\t<\/div>\n\t\t\t\t<\/div>\n\t\t<div data-particle_enable=\"false\" data-particle-mobile-disabled=\"false\" class=\"elementor-element elementor-element-0de480d e-flex e-con-boxed e-con e-parent\" data-id=\"0de480d\" data-element_type=\"container\" data-e-type=\"container\">\n\t\t\t\t\t<div class=\"e-con-inner\">\n\t\t<div data-particle_enable=\"false\" data-particle-mobile-disabled=\"false\" class=\"elementor-element elementor-element-7cb9361 e-con-full e-flex e-con e-child\" data-id=\"7cb9361\" data-element_type=\"container\" data-e-type=\"container\">\n\t\t\t\t<div class=\"elementor-element elementor-element-6adc387 elementor-widget elementor-widget-image\" data-id=\"6adc387\" data-element_type=\"widget\" data-e-type=\"widget\" data-widget_type=\"image.default\">\n\t\t\t\t\t\t\t\t\t\t\t\t<figure class=\"wp-caption\">\n\t\t\t\t\t\t\t\t\t\t\t<a href=\"https:\/\/stiftung-forum-recht.de\/wp-content\/uploads\/2025\/01\/g1biyhquapxr4.jpg\" data-elementor-open-lightbox=\"yes\" data-elementor-lightbox-title=\"Weitere Einzelheiten Geb\u00e4ude des Europ\u00e4ischen Gerichtshofes f\u00fcr Menschenrechte in Stra\u00dfburg\" data-e-action-hash=\"#elementor-action%3Aaction%3Dlightbox%26settings%3DeyJpZCI6MzA5MDMsInVybCI6Imh0dHBzOlwvXC9zdGlmdHVuZy1mb3J1bS1yZWNodC5kZVwvd3AtY29udGVudFwvdXBsb2Fkc1wvMjAyNVwvMDFcL2cxYml5aHF1YXB4cjQuanBnIn0%3D\">\n\t\t\t\t\t\t\t<img fetchpriority=\"high\" decoding=\"async\" width=\"1024\" height=\"682\" src=\"https:\/\/stiftung-forum-recht.de\/wp-content\/uploads\/2025\/01\/g1biyhquapxr4-1024x682.jpg\" class=\"attachment-large size-large wp-image-30903\" alt=\"The modern, circular building of the European Court of Human Rights.\" srcset=\"https:\/\/stiftung-forum-recht.de\/wp-content\/uploads\/2025\/01\/g1biyhquapxr4-1024x682.jpg 1024w, https:\/\/stiftung-forum-recht.de\/wp-content\/uploads\/2025\/01\/g1biyhquapxr4-300x200.jpg 300w, https:\/\/stiftung-forum-recht.de\/wp-content\/uploads\/2025\/01\/g1biyhquapxr4-768x511.jpg 768w, https:\/\/stiftung-forum-recht.de\/wp-content\/uploads\/2025\/01\/g1biyhquapxr4-18x12.jpg 18w, https:\/\/stiftung-forum-recht.de\/wp-content\/uploads\/2025\/01\/g1biyhquapxr4-930x620.jpg 930w, https:\/\/stiftung-forum-recht.de\/wp-content\/uploads\/2025\/01\/g1biyhquapxr4.jpg 1200w\" sizes=\"(max-width: 1024px) 100vw, 1024px\" \/>\t\t\t\t\t\t\t\t<\/a>\n\t\t\t\t\t\t\t\t\t\t\t<figcaption class=\"widget-image-caption wp-caption-text\">Photo: Council of Europe<\/figcaption>\n\t\t\t\t\t\t\t\t\t\t<\/figure>\n\t\t\t\t\t\t\t\t\t<\/div>\n\t\t\t\t<\/div>\n\t\t<div data-particle_enable=\"false\" data-particle-mobile-disabled=\"false\" class=\"elementor-element elementor-element-445768f e-con-full e-flex e-con e-child\" data-id=\"445768f\" data-element_type=\"container\" data-e-type=\"container\">\n\t\t\t\t<div class=\"elementor-element elementor-element-1460a85 elementor-widget elementor-widget-image\" data-id=\"1460a85\" data-element_type=\"widget\" data-e-type=\"widget\" data-widget_type=\"image.default\">\n\t\t\t\t\t\t\t\t\t\t\t\t<figure class=\"wp-caption\">\n\t\t\t\t\t\t\t\t\t\t\t<a href=\"https:\/\/stiftung-forum-recht.de\/wp-content\/uploads\/2025\/01\/europe-palace-Bild-von-Simon-pixabay.jpg\" data-elementor-open-lightbox=\"yes\" data-elementor-lightbox-title=\"Der Europ\u00e4ische Gerichtshof f\u00fcr Menschenrechte in Stra\u00dfburg\" data-e-action-hash=\"#elementor-action%3Aaction%3Dlightbox%26settings%3DeyJpZCI6MzA5MDIsInVybCI6Imh0dHBzOlwvXC9zdGlmdHVuZy1mb3J1bS1yZWNodC5kZVwvd3AtY29udGVudFwvdXBsb2Fkc1wvMjAyNVwvMDFcL2V1cm9wZS1wYWxhY2UtQmlsZC12b24tU2ltb24tcGl4YWJheS5qcGcifQ%3D%3D\">\n\t\t\t\t\t\t\t<img decoding=\"async\" width=\"1024\" height=\"682\" src=\"https:\/\/stiftung-forum-recht.de\/wp-content\/uploads\/2025\/01\/europe-palace-Bild-von-Simon-pixabay-1024x682.jpg\" class=\"attachment-large size-large wp-image-30902\" alt=\"The modern building of the European Court of Human Rights. In front of it are numerous flags of the participating countries.\" srcset=\"https:\/\/stiftung-forum-recht.de\/wp-content\/uploads\/2025\/01\/europe-palace-Bild-von-Simon-pixabay-1024x682.jpg 1024w, https:\/\/stiftung-forum-recht.de\/wp-content\/uploads\/2025\/01\/europe-palace-Bild-von-Simon-pixabay-300x200.jpg 300w, https:\/\/stiftung-forum-recht.de\/wp-content\/uploads\/2025\/01\/europe-palace-Bild-von-Simon-pixabay-768x512.jpg 768w, https:\/\/stiftung-forum-recht.de\/wp-content\/uploads\/2025\/01\/europe-palace-Bild-von-Simon-pixabay-18x12.jpg 18w, https:\/\/stiftung-forum-recht.de\/wp-content\/uploads\/2025\/01\/europe-palace-Bild-von-Simon-pixabay-930x620.jpg 930w, https:\/\/stiftung-forum-recht.de\/wp-content\/uploads\/2025\/01\/europe-palace-Bild-von-Simon-pixabay.jpg 1280w\" sizes=\"(max-width: 1024px) 100vw, 1024px\" \/>\t\t\t\t\t\t\t\t<\/a>\n\t\t\t\t\t\t\t\t\t\t\t<figcaption class=\"widget-image-caption wp-caption-text\">Photo: Pixabay<\/figcaption>\n\t\t\t\t\t\t\t\t\t\t<\/figure>\n\t\t\t\t\t\t\t\t\t<\/div>\n\t\t\t\t<\/div>\n\t\t\t\t\t<\/div>\n\t\t\t\t<\/div>\n\t\t\t\t<\/div>","protected":false},"excerpt":{"rendered":"<p>On February 14, 2025, the stage adaptation of \u201eThe Wave\u201c will premiere at the Junges Staatstheater Karlsruhe. The Forum Recht Foundation is participating in the educational program through joint workshops and post-performance discussions.<\/p>","protected":false},"author":27,"featured_media":30903,"comment_status":"open","ping_status":"open","sticky":false,"template":"","format":"standard","meta":{"_acf_changed":false,"neve_meta_sidebar":"","neve_meta_container":"","neve_meta_enable_content_width":"","neve_meta_content_width":0,"neve_meta_title_alignment":"","neve_meta_author_avatar":"","neve_post_elements_order":"","neve_meta_disable_header":"","neve_meta_disable_footer":"","neve_meta_disable_title":"","_themeisle_gutenberg_block_has_review":false,"footnotes":""},"categories":[53,129],"tags":[101],"class_list":["post-32298","post","type-post","status-publish","format-standard","has-post-thumbnail","hentry","category-pressemitteilung","category-129","tag-rechtsstaat"],"acf":[],"yoast_head":"<!-- This site is optimized with the Yoast SEO plugin v28.3 - https:\/\/yoast.com\/product\/yoast-seo-wordpress\/ -->\n<title>Fortbildung: Thementag Menschenrechtsschutz in Europa<\/title>\n<meta name=\"description\" content=\"Der erste Thementag 2025 \u201eMenschenrechtsschutz in Europa\u201c f\u00fchrt die Teilnehmenden am Freitag, 28. M\u00e4rz 2025 zum Europ\u00e4ischen Gerichtshof f\u00fcr Menschenrechte und zum Europarat in Stra\u00dfburg.\" \/>\n<meta name=\"robots\" content=\"index, follow, max-snippet:-1, max-image-preview:large, max-video-preview:-1\" \/>\n<link rel=\"canonical\" href=\"https:\/\/stiftung-forum-recht.de\/en\/press-release\/theme-day-human-rights-protection-in-europe-2\/\" \/>\n<meta property=\"og:locale\" content=\"en_US\" \/>\n<meta property=\"og:type\" content=\"article\" \/>\n<meta property=\"og:title\" content=\"Fortbildung: Thementag Menschenrechtsschutz in Europa\" \/>\n<meta property=\"og:description\" content=\"Der erste Thementag 2025 \u201eMenschenrechtsschutz in Europa\u201c f\u00fchrt die Teilnehmenden am Freitag, 28. M\u00e4rz 2025 zum Europ\u00e4ischen Gerichtshof f\u00fcr Menschenrechte und zum Europarat in Stra\u00dfburg.\" \/>\n<meta property=\"og:url\" content=\"https:\/\/stiftung-forum-recht.de\/en\/press-release\/theme-day-human-rights-protection-in-europe-2\/\" \/>\n<meta property=\"og:site_name\" content=\"Stiftung Forum Recht\" \/>\n<meta property=\"article:published_time\" content=\"2025-02-20T14:01:03+00:00\" \/>\n<meta property=\"article:modified_time\" content=\"2025-02-24T08:38:27+00:00\" \/>\n<meta property=\"og:image\" content=\"https:\/\/stiftung-forum-recht.de\/wp-content\/uploads\/2025\/01\/g1biyhquapxr4.jpg\" \/>\n\t<meta property=\"og:image:width\" content=\"1200\" \/>\n\t<meta property=\"og:image:height\" content=\"799\" \/>\n\t<meta property=\"og:image:type\" content=\"image\/jpeg\" \/>\n<meta name=\"author\" content=\"Romy Klemm\" \/>\n<meta name=\"twitter:card\" content=\"summary_large_image\" \/>\n<meta name=\"twitter:label1\" content=\"Written by\" \/>\n\t<meta name=\"twitter:data1\" content=\"Romy Klemm\" \/>\n\t<meta name=\"twitter:label2\" content=\"Est. reading time\" \/>\n\t<meta name=\"twitter:data2\" content=\"4 minutes\" \/>\n<!-- \/ Yoast SEO plugin. -->","yoast_head_json":{"title":"Professional Development: Thematic Day on Human Rights Protection in Europe","description":"The first theme day of 2025, \u201eHuman Rights Protection in Europe,\u201c will take participants to the European Court of Human Rights and the Council of Europe in Strasbourg on Friday, March 28, 2025.","robots":{"index":"index","follow":"follow","max-snippet":"max-snippet:-1","max-image-preview":"max-image-preview:large","max-video-preview":"max-video-preview:-1"},"canonical":"https:\/\/stiftung-forum-recht.de\/en\/press-release\/theme-day-human-rights-protection-in-europe-2\/","og_locale":"en_US","og_type":"article","og_title":"Fortbildung: Thementag Menschenrechtsschutz in Europa","og_description":"Der erste Thementag 2025 \u201eMenschenrechtsschutz in Europa\u201c f\u00fchrt die Teilnehmenden am Freitag, 28. M\u00e4rz 2025 zum Europ\u00e4ischen Gerichtshof f\u00fcr Menschenrechte und zum Europarat in Stra\u00dfburg.","og_url":"https:\/\/stiftung-forum-recht.de\/en\/press-release\/theme-day-human-rights-protection-in-europe-2\/","og_site_name":"Stiftung Forum Recht","article_published_time":"2025-02-20T14:01:03+00:00","article_modified_time":"2025-02-24T08:38:27+00:00","og_image":[{"width":1200,"height":799,"url":"https:\/\/stiftung-forum-recht.de\/wp-content\/uploads\/2025\/01\/g1biyhquapxr4.jpg","type":"image\/jpeg"}],"author":"Romy Klemm","twitter_card":"summary_large_image","twitter_misc":{"Written by":"Romy Klemm","Est. reading time":"4 minutes"},"schema":{"@context":"https:\/\/schema.org","@graph":[{"@type":"Article","@id":"https:\/\/stiftung-forum-recht.de\/pressemitteilung\/thementag-menschenrechtsschutz-in-europa-2\/#article","isPartOf":{"@id":"https:\/\/stiftung-forum-recht.de\/pressemitteilung\/thementag-menschenrechtsschutz-in-europa-2\/"},"author":{"name":"Romy Klemm","@id":"https:\/\/stiftung-forum-recht.de\/#\/schema\/person\/8327c2c51c9bbd54e0e86a3c448bba10"},"headline":"Thementag: Menschenrechtsschutz in Europa","datePublished":"2025-02-20T14:01:03+00:00","dateModified":"2025-02-24T08:38:27+00:00","mainEntityOfPage":{"@id":"https:\/\/stiftung-forum-recht.de\/pressemitteilung\/thementag-menschenrechtsschutz-in-europa-2\/"},"wordCount":702,"commentCount":0,"publisher":{"@id":"https:\/\/stiftung-forum-recht.de\/#organization"},"image":{"@id":"https:\/\/stiftung-forum-recht.de\/pressemitteilung\/thementag-menschenrechtsschutz-in-europa-2\/#primaryimage"},"thumbnailUrl":"https:\/\/stiftung-forum-recht.de\/wp-content\/uploads\/2025\/01\/g1biyhquapxr4.jpg","keywords":["Rechtsstaat"],"articleSection":["Pressemitteilungen","Pressemitteilungen 2025"],"inLanguage":"en-US","potentialAction":[{"@type":"CommentAction","name":"Comment","target":["https:\/\/stiftung-forum-recht.de\/pressemitteilung\/thementag-menschenrechtsschutz-in-europa-2\/#respond"]}]},{"@type":"WebPage","@id":"https:\/\/stiftung-forum-recht.de\/pressemitteilung\/thementag-menschenrechtsschutz-in-europa-2\/","url":"https:\/\/stiftung-forum-recht.de\/pressemitteilung\/thementag-menschenrechtsschutz-in-europa-2\/","name":"Professional Development: Thematic Day on Human Rights Protection in Europe","isPartOf":{"@id":"https:\/\/stiftung-forum-recht.de\/#website"},"primaryImageOfPage":{"@id":"https:\/\/stiftung-forum-recht.de\/pressemitteilung\/thementag-menschenrechtsschutz-in-europa-2\/#primaryimage"},"image":{"@id":"https:\/\/stiftung-forum-recht.de\/pressemitteilung\/thementag-menschenrechtsschutz-in-europa-2\/#primaryimage"},"thumbnailUrl":"https:\/\/stiftung-forum-recht.de\/wp-content\/uploads\/2025\/01\/g1biyhquapxr4.jpg","datePublished":"2025-02-20T14:01:03+00:00","dateModified":"2025-02-24T08:38:27+00:00","description":"The first theme day of 2025, \u201eHuman Rights Protection in Europe,\u201c will take participants to the European Court of Human Rights and the Council of Europe in Strasbourg on Friday, March 28, 2025.","breadcrumb":{"@id":"https:\/\/stiftung-forum-recht.de\/pressemitteilung\/thementag-menschenrechtsschutz-in-europa-2\/#breadcrumb"},"inLanguage":"en-US","potentialAction":[{"@type":"ReadAction","target":["https:\/\/stiftung-forum-recht.de\/pressemitteilung\/thementag-menschenrechtsschutz-in-europa-2\/"]}]},{"@type":"ImageObject","inLanguage":"en-US","@id":"https:\/\/stiftung-forum-recht.de\/pressemitteilung\/thementag-menschenrechtsschutz-in-europa-2\/#primaryimage","url":"https:\/\/stiftung-forum-recht.de\/wp-content\/uploads\/2025\/01\/g1biyhquapxr4.jpg","contentUrl":"https:\/\/stiftung-forum-recht.de\/wp-content\/uploads\/2025\/01\/g1biyhquapxr4.jpg","width":1200,"height":799,"caption":"Foto: Council of Europe"},{"@type":"BreadcrumbList","@id":"https:\/\/stiftung-forum-recht.de\/pressemitteilung\/thementag-menschenrechtsschutz-in-europa-2\/#breadcrumb","itemListElement":[{"@type":"ListItem","position":1,"name":"Startseite","item":"https:\/\/stiftung-forum-recht.de\/"},{"@type":"ListItem","position":2,"name":"Thementag: Menschenrechtsschutz in Europa"}]},{"@type":"WebSite","@id":"https:\/\/stiftung-forum-recht.de\/#website","url":"https:\/\/stiftung-forum-recht.de\/","name":"Stiftung Forum Recht","description":"THE LAW FORUM","publisher":{"@id":"https:\/\/stiftung-forum-recht.de\/#organization"},"potentialAction":[{"@type":"SearchAction","target":{"@type":"EntryPoint","urlTemplate":"https:\/\/stiftung-forum-recht.de\/?s={search_term_string}"},"query-input":{"@type":"PropertyValueSpecification","valueRequired":true,"valueName":"search_term_string"}}],"inLanguage":"en-US"},{"@type":"Organization","@id":"https:\/\/stiftung-forum-recht.de\/#organization","name":"Stiftung Forum Recht","url":"https:\/\/stiftung-forum-recht.de\/","logo":{"@type":"ImageObject","inLanguage":"en-US","@id":"https:\/\/stiftung-forum-recht.de\/#\/schema\/logo\/image\/","url":"https:\/\/stiftung-forum-recht.de\/wp-content\/uploads\/2020\/10\/sfr-logo-2023.png","contentUrl":"https:\/\/stiftung-forum-recht.de\/wp-content\/uploads\/2020\/10\/sfr-logo-2023.png","width":200,"height":200,"caption":"Stiftung Forum Recht"},"image":{"@id":"https:\/\/stiftung-forum-recht.de\/#\/schema\/logo\/image\/"}},{"@type":"Person","@id":"https:\/\/stiftung-forum-recht.de\/#\/schema\/person\/8327c2c51c9bbd54e0e86a3c448bba10","name":"Romy Klemm","image":{"@type":"ImageObject","inLanguage":"en-US","@id":"https:\/\/secure.gravatar.com\/avatar\/7bf650052447ea004daba80791cf7b2155ff501a0e7676347dd4d11b053b8d51?s=96&d=mm&r=g","url":"https:\/\/secure.gravatar.com\/avatar\/7bf650052447ea004daba80791cf7b2155ff501a0e7676347dd4d11b053b8d51?s=96&d=mm&r=g","contentUrl":"https:\/\/secure.gravatar.com\/avatar\/7bf650052447ea004daba80791cf7b2155ff501a0e7676347dd4d11b053b8d51?s=96&d=mm&r=g","caption":"Romy Klemm"},"url":"https:\/\/stiftung-forum-recht.de\/en\/author\/onlineredakteurin\/"}]}},"meta_box":[],"_links":{"self":[{"href":"https:\/\/stiftung-forum-recht.de\/en\/wp-json\/wp\/v2\/posts\/32298","targetHints":{"allow":["GET"]}}],"collection":[{"href":"https:\/\/stiftung-forum-recht.de\/en\/wp-json\/wp\/v2\/posts"}],"about":[{"href":"https:\/\/stiftung-forum-recht.de\/en\/wp-json\/wp\/v2\/types\/post"}],"author":[{"embeddable":true,"href":"https:\/\/stiftung-forum-recht.de\/en\/wp-json\/wp\/v2\/users\/27"}],"replies":[{"embeddable":true,"href":"https:\/\/stiftung-forum-recht.de\/en\/wp-json\/wp\/v2\/comments?post=32298"}],"version-history":[{"count":1,"href":"https:\/\/stiftung-forum-recht.de\/en\/wp-json\/wp\/v2\/posts\/32298\/revisions"}],"predecessor-version":[{"id":43186,"href":"https:\/\/stiftung-forum-recht.de\/en\/wp-json\/wp\/v2\/posts\/32298\/revisions\/43186"}],"wp:attachment":[{"href":"https:\/\/stiftung-forum-recht.de\/en\/wp-json\/wp\/v2\/media?parent=32298"}],"wp:term":[{"taxonomy":"category","embeddable":true,"href":"https:\/\/stiftung-forum-recht.de\/en\/wp-json\/wp\/v2\/categories?post=32298"},{"taxonomy":"post_tag","embeddable":true,"href":"https:\/\/stiftung-forum-recht.de\/en\/wp-json\/wp\/v2\/tags?post=32298"}],"curies":[{"name":"wp","href":"https:\/\/api.w.org\/{rel}","templated":true}]}}