{"id":30930,"date":"2025-04-04T11:05:58","date_gmt":"2025-04-04T09:05:58","guid":{"rendered":"https:\/\/stiftung-forum-recht.de\/?p=30930"},"modified":"2025-06-05T15:55:58","modified_gmt":"2025-06-05T13:55:58","slug":"theme-day-on-the-correctional-system","status":"publish","type":"post","link":"https:\/\/stiftung-forum-recht.de\/en\/news\/thementag-justizvollzug\/","title":{"rendered":"Prison theme day"},"content":{"rendered":"\t\t<div data-elementor-type=\"wp-post\" data-elementor-id=\"30930\" class=\"elementor elementor-30930\" data-elementor-post-type=\"post\">\n\t\t\t\t<div data-particle_enable=\"false\" data-particle-mobile-disabled=\"false\" class=\"elementor-element elementor-element-2c150ce9 e-con-full slidercontainer e-flex e-con e-parent\" data-id=\"2c150ce9\" data-element_type=\"container\" data-e-type=\"container\" data-settings=\"{&quot;background_background&quot;:&quot;classic&quot;,&quot;shape_divider_bottom&quot;:&quot;tilt&quot;}\">\n\t\t\t\t<div class=\"elementor-shape elementor-shape-bottom\" aria-hidden=\"true\" data-negative=\"false\">\n\t\t\t<svg xmlns=\"http:\/\/www.w3.org\/2000\/svg\" viewBox=\"0 0 1000 100\" preserveAspectRatio=\"none\">\n\t<path class=\"elementor-shape-fill\" d=\"M0,6V0h1000v100L0,6z\"\/>\n<\/svg>\t\t<\/div>\n\t\t\t\t<\/div>\n\t\t\t\t<section data-particle_enable=\"false\" data-particle-mobile-disabled=\"false\" class=\"elementor-section elementor-top-section elementor-element elementor-element-e989b8f elementor-section-boxed elementor-section-height-default elementor-section-height-default\" data-id=\"e989b8f\" data-element_type=\"section\" data-e-type=\"section\">\n\t\t\t\t\t\t<div class=\"elementor-container elementor-column-gap-default\">\n\t\t\t\t\t<div class=\"elementor-column elementor-col-100 elementor-top-column elementor-element elementor-element-b133490\" data-id=\"b133490\" data-element_type=\"column\" data-e-type=\"column\">\n\t\t\t<div class=\"elementor-widget-wrap elementor-element-populated\">\n\t\t\t\t\t\t<div class=\"elementor-element elementor-element-a703519 elementor-widget elementor-widget-text-editor\" data-id=\"a703519\" data-element_type=\"widget\" data-e-type=\"widget\" data-widget_type=\"text-editor.default\">\n\t\t\t\t\t\t\t\t\t<p>04. April 2025<\/p>\t\t\t\t\t\t\t\t<\/div>\n\t\t\t\t<div class=\"elementor-element elementor-element-4d88bfa elementor-widget__width-initial elementor-widget elementor-widget-text-editor\" data-id=\"4d88bfa\" data-element_type=\"widget\" data-e-type=\"widget\" data-widget_type=\"text-editor.default\">\n\t\t\t\t\t\t\t\t\t<h1>Justizvollzug in Halle (Saale)<\/h1>\t\t\t\t\t\t\t\t<\/div>\n\t\t\t\t<div class=\"elementor-element elementor-element-69b0de8 elementor-widget elementor-widget-heading\" data-id=\"69b0de8\" data-element_type=\"widget\" data-e-type=\"widget\" data-widget_type=\"heading.default\">\n\t\t\t\t\t<h2 class=\"elementor-heading-title elementor-size-default\">Der  Thementag  am 05. Juni 2025 gibt Interessierten die M\u00f6glichkeit, hinter die Mauern einer Justizvollzugsanstalt zu blicken<\/h2>\t\t\t\t<\/div>\n\t\t\t\t\t<\/div>\n\t\t<\/div>\n\t\t\t\t\t<\/div>\n\t\t<\/section>\n\t\t<div data-particle_enable=\"false\" data-particle-mobile-disabled=\"false\" class=\"elementor-element elementor-element-ee6be93 elementor-hidden-mobile e-flex e-con-boxed e-con e-parent\" data-id=\"ee6be93\" data-element_type=\"container\" data-e-type=\"container\">\n\t\t\t\t\t<div class=\"e-con-inner\">\n\t\t\t\t<div class=\"elementor-element elementor-element-bfb205a elementor-widget elementor-widget-text-editor\" data-id=\"bfb205a\" data-element_type=\"widget\" data-e-type=\"widget\" data-widget_type=\"text-editor.default\">\n\t\t\t\t\t\t\t\t\t<p>In regelm\u00e4\u00dfigem Abstand wird in Medien, der Politik und unter Expert:innen diskutiert, wie mit Straff\u00e4lligen umgegangen werden sollte oder ob <strong>Strafen<\/strong>\u00a0ausreichend hart sind. Allerdings haben die wenigsten Menschen schon einmal eine\u00a0<strong>Justizvollzugsanstalt (JVA)<\/strong> von innen gesehen \u2013 bei vielen dieser gef\u00fchrten Debatten fehlt h\u00e4ufig das Wissen, was es tats\u00e4chlich bedeutet, in Deutschland inhaftiert zu sein. Oft steht in der \u00f6ffentlichen Diskussion das \u201eWegsperren\u201c im Vordergrund, w\u00e4hrend die Themen <strong>Wiedereingliederung<\/strong>\u00a0und der\u00a0<strong>Nutzen von Strafe<\/strong>\u00a0in den Hintergrund geraten.<\/p><p>Darum f\u00fchrt\u00a0<strong>am Donnerstag, 05. Juni 2025,<\/strong>\u00a0der n\u00e4chste Thementag zum Thema Justizvollzug an die\u00a0<strong>JVA Halle (Saale)<\/strong>. Die\u00a0<strong>Fortbildung<\/strong>\u00a0richtet sich an Multiplikator:innen aus dem Bildungsbereich, aus dem sozialen Bereich sowie an Journalist:innen und fachlich interessierte Personen. Inhaltlich wird sich den komplexen Themenfeldern von Justizvollzug, Strafe und Strafrechtspflege angen\u00e4hert. Neben einem Besuch der Justizvollzugsanstalt Halle und einem Vortrag von\u00a0<strong>Dr. Lorenz Bode<\/strong>, der sich unter anderem mit dem Thema\u00a0<strong>\u201eInternetzugang f\u00fcr Strafgefangene zwischen Resozialisierung und Sicherheit\u201c<\/strong>\u00a0befasst hat, steht auch ein Besuch der Gedenkst\u00e4tte \u201eRoter Ochse\u201c auf dem Programm.<\/p><p>Durch Einblicke in die Praxis und den Austausch mit Vertreter:innen aus der Wissenschaft soll der Thementag ein differenzierteres Bild \u00fcber die Aufgaben, Herausforderungen und Problemstellungen des Strafvollzugs vermitteln.<\/p>\t\t\t\t\t\t\t\t<\/div>\n\t\t\t\t\t<\/div>\n\t\t\t\t<\/div>\n\t\t<div data-particle_enable=\"false\" data-particle-mobile-disabled=\"false\" class=\"elementor-element elementor-element-de3c6d4 e-flex e-con-boxed e-con e-parent\" data-id=\"de3c6d4\" data-element_type=\"container\" data-e-type=\"container\">\n\t\t\t\t\t<div class=\"e-con-inner\">\n\t\t<div data-particle_enable=\"false\" data-particle-mobile-disabled=\"false\" class=\"elementor-element elementor-element-eeca5fa e-con-full e-flex e-con e-child\" data-id=\"eeca5fa\" data-element_type=\"container\" data-e-type=\"container\">\n\t\t\t\t<div class=\"elementor-element elementor-element-35550c3 elementor-widget elementor-widget-heading\" data-id=\"35550c3\" data-element_type=\"widget\" data-e-type=\"widget\" data-widget_type=\"heading.default\">\n\t\t\t\t\t<h2 class=\"elementor-heading-title elementor-size-default\">Informationen<\/h2>\t\t\t\t<\/div>\n\t\t\t\t<div class=\"elementor-element elementor-element-4e750f1 elementor-widget elementor-widget-text-editor\" data-id=\"4e750f1\" data-element_type=\"widget\" data-e-type=\"widget\" data-widget_type=\"text-editor.default\">\n\t\t\t\t\t\t\t\t\t<p><strong>Datum: <\/strong>Donnerstag, 05. Juni 2025<\/p><p><strong>Uhrzeit:<\/strong> 08:45 &#8211; 16:30 Uhr\u00a0<\/p><p><strong>Anreise:<\/strong> Die Anreise ist individuell zu organisieren. Ein Reisekostenzuschuss kann durch die Stiftung nicht gew\u00e4hrt werden.\u00a0<\/p><p><strong>Veranstaltungsort &amp; Treffpunkt: <\/strong>JVA Halle, Am Kirchtor 20, 06108 Halle (Saale)<\/p><p><strong>Zielgruppe:<\/strong> Die Fortbildung richtet sich an Multiplikator:innen aus dem Bildungsbereich (Schule, politische Bildungsarbeit, VHS, sonstige Bildungseinrichtungen), aus dem sozialen Bereich (z.B. ehrenamtliche Jugendleiter:innen; Sozialarbeiter:innen) sowie an Journalist:innen und fachlich interessierte Personen (z.B. Sch\u00f6ff:innen).\u00a0<\/p><p><strong>Anmeldung:<\/strong> Eine Anmeldung war bis 21. Mai 2025 m\u00f6glich. <strong>Die Teilnehmendenzahl ist auf 23 begrenzt.*<\/strong> Die Fortbildung ist kostenfrei.<\/p><p><strong>Hinweis:<\/strong> Innerhalb der Justizvollzugsanstalt d\u00fcrfen keine Handys, Laptops mit SIM-Karten oder andere internetf\u00e4higen Ger\u00e4te (auch keine Access-Points) mitgef\u00fchrt werden.<\/p>\t\t\t\t\t\t\t\t<\/div>\n\t\t\t\t<\/div>\n\t\t<div data-particle_enable=\"false\" data-particle-mobile-disabled=\"false\" class=\"elementor-element elementor-element-4951d2f e-con-full e-flex e-con e-child\" data-id=\"4951d2f\" data-element_type=\"container\" data-e-type=\"container\">\n\t\t\t\t<div class=\"elementor-element elementor-element-4271726 elementor-widget elementor-widget-image\" data-id=\"4271726\" data-element_type=\"widget\" data-e-type=\"widget\" data-widget_type=\"image.default\">\n\t\t\t\t\t\t\t\t\t\t\t\t<figure class=\"wp-caption\">\n\t\t\t\t\t\t\t\t\t\t\t<a href=\"https:\/\/stiftung-forum-recht.de\/vermittlung\/multiplikatorinnentage-2\/\">\n\t\t\t\t\t\t\t<img fetchpriority=\"high\" decoding=\"async\" width=\"612\" height=\"408\" src=\"https:\/\/stiftung-forum-recht.de\/wp-content\/uploads\/2025\/04\/8_JVA-Halle-Hafthaus-A-Aufnahme-2019.jpg\" class=\"attachment-large size-large wp-image-34308\" alt=\"Blick auf das Hafthaus A der Justizvollzugsanstalt Halle (Saale).\" srcset=\"https:\/\/stiftung-forum-recht.de\/wp-content\/uploads\/2025\/04\/8_JVA-Halle-Hafthaus-A-Aufnahme-2019.jpg 612w, https:\/\/stiftung-forum-recht.de\/wp-content\/uploads\/2025\/04\/8_JVA-Halle-Hafthaus-A-Aufnahme-2019-300x200.jpg 300w, https:\/\/stiftung-forum-recht.de\/wp-content\/uploads\/2025\/04\/8_JVA-Halle-Hafthaus-A-Aufnahme-2019-18x12.jpg 18w\" sizes=\"(max-width: 612px) 100vw, 612px\" \/>\t\t\t\t\t\t\t\t<\/a>\n\t\t\t\t\t\t\t\t\t\t\t<figcaption class=\"widget-image-caption wp-caption-text\">Einblicke hinter die Mauern einer JVA gew\u00e4hrt der 2. Thementag 2025. Foto: Gedenkst\u00e4tte \u201eRoter Ochse\u201c<\/figcaption>\n\t\t\t\t\t\t\t\t\t\t<\/figure>\n\t\t\t\t\t\t\t\t\t<\/div>\n\t\t\t\t<\/div>\n\t\t\t\t\t<\/div>\n\t\t\t\t<\/div>\n\t\t<div data-particle_enable=\"false\" data-particle-mobile-disabled=\"false\" class=\"elementor-element elementor-element-a03f0ca e-flex e-con-boxed e-con e-parent\" data-id=\"a03f0ca\" data-element_type=\"container\" data-e-type=\"container\">\n\t\t\t\t\t<div class=\"e-con-inner\">\n\t\t\t\t<div class=\"elementor-element elementor-element-eda8973 elementor-widget elementor-widget-menu-anchor\" data-id=\"eda8973\" data-element_type=\"widget\" data-e-type=\"widget\" data-widget_type=\"menu-anchor.default\">\n\t\t\t\t\t\t\t<div class=\"elementor-menu-anchor\" id=\"tagesablauf\"><\/div>\n\t\t\t\t\t\t<\/div>\n\t\t\t\t<div class=\"elementor-element elementor-element-cbf3c10 elementor-widget elementor-widget-n-accordion\" data-id=\"cbf3c10\" data-element_type=\"widget\" data-e-type=\"widget\" data-settings=\"{&quot;default_state&quot;:&quot;expanded&quot;,&quot;max_items_expended&quot;:&quot;one&quot;,&quot;n_accordion_animation_duration&quot;:{&quot;unit&quot;:&quot;ms&quot;,&quot;size&quot;:400,&quot;sizes&quot;:[]}}\" data-widget_type=\"nested-accordion.default\">\n\t\t\t\t\t\t\t<div class=\"e-n-accordion\" aria-label=\"Accordion. Open links with Enter or Space, close with Escape, and navigate with Arrow Keys\">\n\t\t\t\t\t\t<details id=\"e-n-accordion-item-2130\" class=\"e-n-accordion-item\" open>\n\t\t\t\t<summary class=\"e-n-accordion-item-title\" data-accordion-index=\"1\" tabindex=\"0\" aria-expanded=\"true\" aria-controls=\"e-n-accordion-item-2130\" >\n\t\t\t\t\t<span class='e-n-accordion-item-title-header'><div class=\"e-n-accordion-item-title-text\"> TAGESABLAUF* <\/div><\/span>\n\t\t\t\t\t\t\t<span class='e-n-accordion-item-title-icon'>\n\t\t\t<span class='e-opened' ><svg aria-hidden=\"true\" class=\"e-font-icon-svg e-fas-minus\" viewBox=\"0 0 448 512\" xmlns=\"http:\/\/www.w3.org\/2000\/svg\"><path d=\"M416 208H32c-17.67 0-32 14.33-32 32v32c0 17.67 14.33 32 32 32h384c17.67 0 32-14.33 32-32v-32c0-17.67-14.33-32-32-32z\"><\/path><\/svg><\/span>\n\t\t\t<span class='e-closed'><svg aria-hidden=\"true\" class=\"e-font-icon-svg e-fas-plus\" viewBox=\"0 0 448 512\" xmlns=\"http:\/\/www.w3.org\/2000\/svg\"><path d=\"M416 208H272V64c0-17.67-14.33-32-32-32h-32c-17.67 0-32 14.33-32 32v144H32c-17.67 0-32 14.33-32 32v32c0 17.67 14.33 32 32 32h144v144c0 17.67 14.33 32 32 32h32c17.67 0 32-14.33 32-32V304h144c17.67 0 32-14.33 32-32v-32c0-17.67-14.33-32-32-32z\"><\/path><\/svg><\/span>\n\t\t<\/span>\n\n\t\t\t\t\t\t<\/summary>\n\t\t\t\t<div data-particle_enable=\"false\" data-particle-mobile-disabled=\"false\" role=\"region\" aria-labelledby=\"e-n-accordion-item-2130\" class=\"elementor-element elementor-element-e9a23e1 e-con-full e-flex e-con e-child\" data-id=\"e9a23e1\" data-element_type=\"container\" data-e-type=\"container\">\n\t\t\t\t<div class=\"elementor-element elementor-element-409842c elementor-icon-list--layout-traditional elementor-list-item-link-full_width elementor-widget elementor-widget-icon-list\" data-id=\"409842c\" data-element_type=\"widget\" data-e-type=\"widget\" data-widget_type=\"icon-list.default\">\n\t\t\t\t\t\t\t<ul class=\"elementor-icon-list-items\">\n\t\t\t\t\t\t\t<li class=\"elementor-icon-list-item\">\n\t\t\t\t\t\t\t\t\t\t\t<span class=\"elementor-icon-list-icon\">\n\t\t\t\t\t\t\t<svg aria-hidden=\"true\" class=\"e-font-icon-svg e-fas-dot-circle\" viewBox=\"0 0 512 512\" xmlns=\"http:\/\/www.w3.org\/2000\/svg\"><path d=\"M256 8C119.033 8 8 119.033 8 256s111.033 248 248 248 248-111.033 248-248S392.967 8 256 8zm80 248c0 44.112-35.888 80-80 80s-80-35.888-80-80 35.888-80 80-80 80 35.888 80 80z\"><\/path><\/svg>\t\t\t\t\t\t<\/span>\n\t\t\t\t\t\t\t\t\t\t<span class=\"elementor-icon-list-text\">08:45 Treffpunkt vor der JVA Halle, Vorstellungsrunde und Sicherheitskontrolle <\/span>\n\t\t\t\t\t\t\t\t\t<\/li>\n\t\t\t\t\t\t\t\t<li class=\"elementor-icon-list-item\">\n\t\t\t\t\t\t\t\t\t\t\t<span class=\"elementor-icon-list-icon\">\n\t\t\t\t\t\t\t<svg aria-hidden=\"true\" class=\"e-font-icon-svg e-fas-dot-circle\" viewBox=\"0 0 512 512\" xmlns=\"http:\/\/www.w3.org\/2000\/svg\"><path d=\"M256 8C119.033 8 8 119.033 8 256s111.033 248 248 248 248-111.033 248-248S392.967 8 256 8zm80 248c0 44.112-35.888 80-80 80s-80-35.888-80-80 35.888-80 80-80 80 35.888 80 80z\"><\/path><\/svg>\t\t\t\t\t\t<\/span>\n\t\t\t\t\t\t\t\t\t\t<span class=\"elementor-icon-list-text\">09:00-12:00 Rundgang durch die JVA und Gespr\u00e4ch mit Vertretern der Anstaltsleitung<\/span>\n\t\t\t\t\t\t\t\t\t<\/li>\n\t\t\t\t\t\t\t\t<li class=\"elementor-icon-list-item\">\n\t\t\t\t\t\t\t\t\t\t\t<span class=\"elementor-icon-list-icon\">\n\t\t\t\t\t\t\t<svg aria-hidden=\"true\" class=\"e-font-icon-svg e-fas-dot-circle\" viewBox=\"0 0 512 512\" xmlns=\"http:\/\/www.w3.org\/2000\/svg\"><path d=\"M256 8C119.033 8 8 119.033 8 256s111.033 248 248 248 248-111.033 248-248S392.967 8 256 8zm80 248c0 44.112-35.888 80-80 80s-80-35.888-80-80 35.888-80 80-80 80 35.888 80 80z\"><\/path><\/svg>\t\t\t\t\t\t<\/span>\n\t\t\t\t\t\t\t\t\t\t<span class=\"elementor-icon-list-text\">12:00-13:20 Gemeinsames Mittagessen (auf eigene Kosten)<\/span>\n\t\t\t\t\t\t\t\t\t<\/li>\n\t\t\t\t\t\t\t\t<li class=\"elementor-icon-list-item\">\n\t\t\t\t\t\t\t\t\t\t\t<span class=\"elementor-icon-list-icon\">\n\t\t\t\t\t\t\t<svg aria-hidden=\"true\" class=\"e-font-icon-svg e-fas-dot-circle\" viewBox=\"0 0 512 512\" xmlns=\"http:\/\/www.w3.org\/2000\/svg\"><path d=\"M256 8C119.033 8 8 119.033 8 256s111.033 248 248 248 248-111.033 248-248S392.967 8 256 8zm80 248c0 44.112-35.888 80-80 80s-80-35.888-80-80 35.888-80 80-80 80 35.888 80 80z\"><\/path><\/svg>\t\t\t\t\t\t<\/span>\n\t\t\t\t\t\t\t\t\t\t<span class=\"elementor-icon-list-text\">13:20-13:30 Ortswechsel in die Gedenkst\u00e4tte \u201eRoter Ochse\u201c<\/span>\n\t\t\t\t\t\t\t\t\t<\/li>\n\t\t\t\t\t\t\t\t<li class=\"elementor-icon-list-item\">\n\t\t\t\t\t\t\t\t\t\t\t<span class=\"elementor-icon-list-icon\">\n\t\t\t\t\t\t\t<svg aria-hidden=\"true\" class=\"e-font-icon-svg e-fas-dot-circle\" viewBox=\"0 0 512 512\" xmlns=\"http:\/\/www.w3.org\/2000\/svg\"><path d=\"M256 8C119.033 8 8 119.033 8 256s111.033 248 248 248 248-111.033 248-248S392.967 8 256 8zm80 248c0 44.112-35.888 80-80 80s-80-35.888-80-80 35.888-80 80-80 80 35.888 80 80z\"><\/path><\/svg>\t\t\t\t\t\t<\/span>\n\t\t\t\t\t\t\t\t\t\t<span class=\"elementor-icon-list-text\">13:35-14:50 Justizvollzug heute: Vortrag von Dr. Lorenz Bode zum Thema \u201eStrafvollzug zwischen Resozialisierung &amp; Sicherheit: aktuelle Eindr\u00fccke, Probleme &amp; Tendenzen\" anschlie\u00dfend Austauschrunde<\/span>\n\t\t\t\t\t\t\t\t\t<\/li>\n\t\t\t\t\t\t\t\t<li class=\"elementor-icon-list-item\">\n\t\t\t\t\t\t\t\t\t\t\t<span class=\"elementor-icon-list-icon\">\n\t\t\t\t\t\t\t<svg aria-hidden=\"true\" class=\"e-font-icon-svg e-fas-dot-circle\" viewBox=\"0 0 512 512\" xmlns=\"http:\/\/www.w3.org\/2000\/svg\"><path d=\"M256 8C119.033 8 8 119.033 8 256s111.033 248 248 248 248-111.033 248-248S392.967 8 256 8zm80 248c0 44.112-35.888 80-80 80s-80-35.888-80-80 35.888-80 80-80 80 35.888 80 80z\"><\/path><\/svg>\t\t\t\t\t\t<\/span>\n\t\t\t\t\t\t\t\t\t\t<span class=\"elementor-icon-list-text\">14:50-16:10 Gedenkst\u00e4tte \u201eRoter Ochse\u201c: Die Strafanstalt in NS-Zeit und DDR - Kurzvortrag und Rundgang<\/span>\n\t\t\t\t\t\t\t\t\t<\/li>\n\t\t\t\t\t\t\t\t<li class=\"elementor-icon-list-item\">\n\t\t\t\t\t\t\t\t\t\t\t<span class=\"elementor-icon-list-icon\">\n\t\t\t\t\t\t\t<svg aria-hidden=\"true\" class=\"e-font-icon-svg e-fas-dot-circle\" viewBox=\"0 0 512 512\" xmlns=\"http:\/\/www.w3.org\/2000\/svg\"><path d=\"M256 8C119.033 8 8 119.033 8 256s111.033 248 248 248 248-111.033 248-248S392.967 8 256 8zm80 248c0 44.112-35.888 80-80 80s-80-35.888-80-80 35.888-80 80-80 80 35.888 80 80z\"><\/path><\/svg>\t\t\t\t\t\t<\/span>\n\t\t\t\t\t\t\t\t\t\t<span class=\"elementor-icon-list-text\">16:10-16:30 Abschlussrunde moderiert durch Mitarbeitende der Stiftung Forum Recht<\/span>\n\t\t\t\t\t\t\t\t\t<\/li>\n\t\t\t\t\t\t\t\t<li class=\"elementor-icon-list-item\">\n\t\t\t\t\t\t\t\t\t\t\t<span class=\"elementor-icon-list-icon\">\n\t\t\t\t\t\t\t<svg aria-hidden=\"true\" class=\"e-font-icon-svg e-fas-dot-circle\" viewBox=\"0 0 512 512\" xmlns=\"http:\/\/www.w3.org\/2000\/svg\"><path d=\"M256 8C119.033 8 8 119.033 8 256s111.033 248 248 248 248-111.033 248-248S392.967 8 256 8zm80 248c0 44.112-35.888 80-80 80s-80-35.888-80-80 35.888-80 80-80 80 35.888 80 80z\"><\/path><\/svg>\t\t\t\t\t\t<\/span>\n\t\t\t\t\t\t\t\t\t\t<span class=\"elementor-icon-list-text\">ab 16:30 Individuelle Abreise <\/span>\n\t\t\t\t\t\t\t\t\t<\/li>\n\t\t\t\t\t\t\t\t<li class=\"elementor-icon-list-item\">\n\t\t\t\t\t\t\t\t\t\t\t<span class=\"elementor-icon-list-icon\">\n\t\t\t\t\t\t\t<svg aria-hidden=\"true\" class=\"e-font-icon-svg e-fas-asterisk\" viewBox=\"0 0 512 512\" xmlns=\"http:\/\/www.w3.org\/2000\/svg\"><path d=\"M478.21 334.093L336 256l142.21-78.093c11.795-6.477 15.961-21.384 9.232-33.037l-19.48-33.741c-6.728-11.653-21.72-15.499-33.227-8.523L296 186.718l3.475-162.204C299.763 11.061 288.937 0 275.48 0h-38.96c-13.456 0-24.283 11.061-23.994 24.514L216 186.718 77.265 102.607c-11.506-6.976-26.499-3.13-33.227 8.523l-19.48 33.741c-6.728 11.653-2.562 26.56 9.233 33.037L176 256 33.79 334.093c-11.795 6.477-15.961 21.384-9.232 33.037l19.48 33.741c6.728 11.653 21.721 15.499 33.227 8.523L216 325.282l-3.475 162.204C212.237 500.939 223.064 512 236.52 512h38.961c13.456 0 24.283-11.061 23.995-24.514L296 325.282l138.735 84.111c11.506 6.976 26.499 3.13 33.227-8.523l19.48-33.741c6.728-11.653 2.563-26.559-9.232-33.036z\"><\/path><\/svg>\t\t\t\t\t\t<\/span>\n\t\t\t\t\t\t\t\t\t\t<span class=\"elementor-icon-list-text\">\u00c4nderungen vorbehalten<\/span>\n\t\t\t\t\t\t\t\t\t<\/li>\n\t\t\t\t\t\t<\/ul>\n\t\t\t\t\t\t<\/div>\n\t\t\t\t<\/div>\n\t\t\t\t\t<\/details>\n\t\t\t\t\t<\/div>\n\t\t\t\t\t\t<\/div>\n\t\t\t\t\t<\/div>\n\t\t\t\t<\/div>\n\t\t\t\t<section data-particle_enable=\"false\" data-particle-mobile-disabled=\"false\" class=\"elementor-section elementor-top-section elementor-element elementor-element-945e249 elementor-section-boxed elementor-section-height-default elementor-section-height-default\" data-id=\"945e249\" data-element_type=\"section\" data-e-type=\"section\">\n\t\t\t\t\t\t<div class=\"elementor-container elementor-column-gap-default\">\n\t\t\t\t\t<div class=\"elementor-column elementor-col-100 elementor-top-column elementor-element elementor-element-7a1bf4b\" data-id=\"7a1bf4b\" data-element_type=\"column\" data-e-type=\"column\">\n\t\t\t<div class=\"elementor-widget-wrap elementor-element-populated\">\n\t\t\t\t\t\t<div class=\"elementor-element elementor-element-daba70a elementor-widget elementor-widget-heading\" data-id=\"daba70a\" data-element_type=\"widget\" data-e-type=\"widget\" data-widget_type=\"heading.default\">\n\t\t\t\t\t<h2 class=\"elementor-heading-title elementor-size-default\">R\u00fcckfragen &amp; Informationen<\/h2>\t\t\t\t<\/div>\n\t\t\t\t<div class=\"elementor-element elementor-element-9a4fbfa elementor-widget elementor-widget-text-editor\" data-id=\"9a4fbfa\" data-element_type=\"widget\" data-e-type=\"widget\" data-widget_type=\"text-editor.default\">\n\t\t\t\t\t\t\t\t\t<p>F\u00fcr R\u00fcckfragen zu unseren Fortbildungen schreiben Sie uns gerne eine Email an <strong><a href=\"mailto:vermittlung@stiftung-forum-recht.de\" target=\"_blank\" rel=\"noopener\">vermittlung(at)stiftung-forum-recht.de.\u00a0<\/a><\/strong><\/p><p>*Bei sehr hoher Nachfrage behalten wir uns vor, eine Auswahl anhand einer Reihe von Kriterien (Multiplikator:innen-Eigenschaft im Kontext politischer Bildung, Repr\u00e4sentanz verschiedener Arbeitgeber\/Institutionen, quantitative Geschlechterausgewogenheit, regionale Streuung der Teilnehmenden) vorzunehmen. Diese f\u00fchren wir fortlaufend durch, um Interessierten m\u00f6glichst zeitnah nach der Anmeldung eine R\u00fcckmeldung geben zu k\u00f6nnen.<\/p>\t\t\t\t\t\t\t\t<\/div>\n\t\t\t\t<div class=\"elementor-element elementor-element-8eaa199 elementor-hidden-widescreen elementor-hidden-desktop elementor-hidden-laptop elementor-hidden-tablet_extra elementor-hidden-tablet elementor-hidden-mobile eael-gravity-form-button-custom elementor-widget elementor-widget-eael-gravity-form\" data-id=\"8eaa199\" data-element_type=\"widget\" data-e-type=\"widget\" data-widget_type=\"eael-gravity-form.default\">\n\t\t\t\t\t\t\t\t<div class=\"eael-contact-form eael-gravity-form eael-contact-form-align-default\">\n\t\t        <script>\nvar gform;gform||(document.addEventListener(\"gform_main_scripts_loaded\",function(){gform.scriptsLoaded=!0}),document.addEventListener(\"gform\/theme\/scripts_loaded\",function(){gform.themeScriptsLoaded=!0}),window.addEventListener(\"DOMContentLoaded\",function(){gform.domLoaded=!0}),gform={domLoaded:!1,scriptsLoaded:!1,themeScriptsLoaded:!1,isFormEditor:()=>\"function\"==typeof InitializeEditor,callIfLoaded:function(o){return!(!gform.domLoaded||!gform.scriptsLoaded||!gform.themeScriptsLoaded&&!gform.isFormEditor()||(gform.isFormEditor()&&console.warn(\"The use of gform.initializeOnLoaded() is deprecated in the form editor context and will be removed in Gravity Forms 3.1.\"),o(),0))},initializeOnLoaded:function(o){gform.callIfLoaded(o)||(document.addEventListener(\"gform_main_scripts_loaded\",()=>{gform.scriptsLoaded=!0,gform.callIfLoaded(o)}),document.addEventListener(\"gform\/theme\/scripts_loaded\",()=>{gform.themeScriptsLoaded=!0,gform.callIfLoaded(o)}),window.addEventListener(\"DOMContentLoaded\",()=>{gform.domLoaded=!0,gform.callIfLoaded(o)}))},hooks:{action:{},filter:{}},addAction:function(o,r,e,t){gform.addHook(\"action\",o,r,e,t)},addFilter:function(o,r,e,t){gform.addHook(\"filter\",o,r,e,t)},doAction:function(o){gform.doHook(\"action\",o,arguments)},applyFilters:function(o){return gform.doHook(\"filter\",o,arguments)},removeAction:function(o,r){gform.removeHook(\"action\",o,r)},removeFilter:function(o,r,e){gform.removeHook(\"filter\",o,r,e)},addHook:function(o,r,e,t,n){null==gform.hooks[o][r]&&(gform.hooks[o][r]=[]);var d=gform.hooks[o][r];null==n&&(n=r+\"_\"+d.length),gform.hooks[o][r].push({tag:n,callable:e,priority:t=null==t?10:t})},doHook:function(r,o,e){var t;if(e=Array.prototype.slice.call(e,1),null!=gform.hooks[r][o]&&((o=gform.hooks[r][o]).sort(function(o,r){return o.priority-r.priority}),o.forEach(function(o){\"function\"!=typeof(t=o.callable)&&(t=window[t]),\"action\"==r?t.apply(null,e):e[0]=t.apply(null,e)})),\"filter\"==r)return e[0]},removeHook:function(o,r,t,n){var e;null!=gform.hooks[o][r]&&(e=(e=gform.hooks[o][r]).filter(function(o,r,e){return!!(null!=n&&n!=o.tag||null!=t&&t!=o.priority)}),gform.hooks[o][r]=e)}});\n<\/script>\n\n                <div class='gf_browser_gecko gform_wrapper gform-theme gform-theme--foundation gform-theme--framework gform-theme--orbital' data-form-theme='orbital' data-form-index='0' id='gform_wrapper_3' ><style>#gform_wrapper_3[data-form-index=\"0\"].gform-theme{--gf-color-primary: #204ce5;--gf-color-primary-rgb: 32, 76, 229;--gf-color-primary-contrast: #fff;--gf-color-primary-contrast-rgb: 255, 255, 255;--gf-color-primary-darker: #001AB3;--gf-color-primary-lighter: #527EFF;--gf-color-secondary: #fff;--gf-color-secondary-rgb: 255, 255, 255;--gf-color-secondary-contrast: #112337;--gf-color-secondary-contrast-rgb: 17, 35, 55;--gf-color-secondary-darker: #F5F5F5;--gf-color-secondary-lighter: #FFFFFF;--gf-color-out-ctrl-light: rgba(17, 35, 55, 0.1);--gf-color-out-ctrl-light-rgb: 17, 35, 55;--gf-color-out-ctrl-light-darker: rgba(104, 110, 119, 0.35);--gf-color-out-ctrl-light-lighter: #F5F5F5;--gf-color-out-ctrl-dark: #585e6a;--gf-color-out-ctrl-dark-rgb: 88, 94, 106;--gf-color-out-ctrl-dark-darker: #112337;--gf-color-out-ctrl-dark-lighter: rgba(17, 35, 55, 0.65);--gf-color-in-ctrl: #fff;--gf-color-in-ctrl-rgb: 255, 255, 255;--gf-color-in-ctrl-contrast: #112337;--gf-color-in-ctrl-contrast-rgb: 17, 35, 55;--gf-color-in-ctrl-darker: #F5F5F5;--gf-color-in-ctrl-lighter: #FFFFFF;--gf-color-in-ctrl-primary: #204ce5;--gf-color-in-ctrl-primary-rgb: 32, 76, 229;--gf-color-in-ctrl-primary-contrast: #fff;--gf-color-in-ctrl-primary-contrast-rgb: 255, 255, 255;--gf-color-in-ctrl-primary-darker: #001AB3;--gf-color-in-ctrl-primary-lighter: #527EFF;--gf-color-in-ctrl-light: rgba(17, 35, 55, 0.1);--gf-color-in-ctrl-light-rgb: 17, 35, 55;--gf-color-in-ctrl-light-darker: rgba(104, 110, 119, 0.35);--gf-color-in-ctrl-light-lighter: #F5F5F5;--gf-color-in-ctrl-dark: #585e6a;--gf-color-in-ctrl-dark-rgb: 88, 94, 106;--gf-color-in-ctrl-dark-darker: #112337;--gf-color-in-ctrl-dark-lighter: rgba(17, 35, 55, 0.65);--gf-radius: 3px;--gf-font-size-secondary: 14px;--gf-font-size-tertiary: 13px;--gf-icon-ctrl-number: url(\"data:image\/svg+xml,%3Csvg width='8' height='14' viewBox='0 0 8 14' fill='none' xmlns='http:\/\/www.w3.org\/2000\/svg'%3E%3Cpath fill-rule='evenodd' clip-rule='evenodd' d='M4 0C4.26522 5.96046e-08 4.51957 0.105357 4.70711 0.292893L7.70711 3.29289C8.09763 3.68342 8.09763 4.31658 7.70711 4.70711C7.31658 5.09763 6.68342 5.09763 6.29289 4.70711L4 2.41421L1.70711 4.70711C1.31658 5.09763 0.683417 5.09763 0.292893 4.70711C-0.0976311 4.31658 -0.097631 3.68342 0.292893 3.29289L3.29289 0.292893C3.48043 0.105357 3.73478 0 4 0ZM0.292893 9.29289C0.683417 8.90237 1.31658 8.90237 1.70711 9.29289L4 11.5858L6.29289 9.29289C6.68342 8.90237 7.31658 8.90237 7.70711 9.29289C8.09763 9.68342 8.09763 10.3166 7.70711 10.7071L4.70711 13.7071C4.31658 14.0976 3.68342 14.0976 3.29289 13.7071L0.292893 10.7071C-0.0976311 10.3166 -0.0976311 9.68342 0.292893 9.29289Z' fill='rgba(17, 35, 55, 0.65)'\/%3E%3C\/svg%3E\");--gf-icon-ctrl-select: url(\"data:image\/svg+xml,%3Csvg width='10' height='6' viewBox='0 0 10 6' fill='none' xmlns='http:\/\/www.w3.org\/2000\/svg'%3E%3Cpath fill-rule='evenodd' clip-rule='evenodd' d='M0.292893 0.292893C0.683417 -0.097631 1.31658 -0.097631 1.70711 0.292893L5 3.58579L8.29289 0.292893C8.68342 -0.0976311 9.31658 -0.0976311 9.70711 0.292893C10.0976 0.683417 10.0976 1.31658 9.70711 1.70711L5.70711 5.70711C5.31658 6.09763 4.68342 6.09763 4.29289 5.70711L0.292893 1.70711C-0.0976311 1.31658 -0.0976311 0.683418 0.292893 0.292893Z' fill='rgba(17, 35, 55, 0.65)'\/%3E%3C\/svg%3E\");--gf-icon-ctrl-search: url(\"data:image\/svg+xml,%3Csvg width='640' height='640' xmlns='http:\/\/www.w3.org\/2000\/svg'%3E%3Cpath d='M256 128c-70.692 0-128 57.308-128 128 0 70.691 57.308 128 128 128 70.691 0 128-57.309 128-128 0-70.692-57.309-128-128-128zM64 256c0-106.039 85.961-192 192-192s192 85.961 192 192c0 41.466-13.146 79.863-35.498 111.248l154.125 154.125c12.496 12.496 12.496 32.758 0 45.254s-32.758 12.496-45.254 0L367.248 412.502C335.862 434.854 297.467 448 256 448c-106.039 0-192-85.962-192-192z' fill='rgba(17, 35, 55, 0.65)'\/%3E%3C\/svg%3E\");--gf-label-space-y-secondary: var(--gf-label-space-y-md-secondary);--gf-ctrl-border-color: #686e77;--gf-ctrl-size: var(--gf-ctrl-size-md);--gf-ctrl-label-color-primary: #112337;--gf-ctrl-label-color-secondary: #112337;--gf-ctrl-choice-size: var(--gf-ctrl-choice-size-md);--gf-ctrl-checkbox-check-size: var(--gf-ctrl-checkbox-check-size-md);--gf-ctrl-radio-check-size: var(--gf-ctrl-radio-check-size-md);--gf-ctrl-btn-font-size: var(--gf-ctrl-btn-font-size-md);--gf-ctrl-btn-padding-x: var(--gf-ctrl-btn-padding-x-md);--gf-ctrl-btn-size: var(--gf-ctrl-btn-size-md);--gf-ctrl-btn-border-color-secondary: #686e77;--gf-ctrl-btn-bg-color-hover-tertiary: #EBEBEB;--gf-field-img-choice-size: var(--gf-field-img-choice-size-md);--gf-field-img-choice-card-space: var(--gf-field-img-choice-card-space-md);--gf-field-img-choice-check-ind-size: var(--gf-field-img-choice-check-ind-size-md);--gf-field-img-choice-check-ind-icon-size: var(--gf-field-img-choice-check-ind-icon-size-md);--gf-field-pg-steps-number-color: rgba(17, 35, 55, 0.8);}<\/style>\n                        <div class='gform_heading'>\n                            <p class='gform_description'><\/p>\n                        <\/div><form method='post' enctype='multipart\/form-data'  id='gform_3'  action='\/en\/wp-json\/wp\/v2\/posts\/30930' data-formid='3' novalidate>\n                        <div class='gform-body gform_body'><div id='gform_fields_3' class='gform_fields top_label form_sublabel_below description_below validation_below'><div id=\"field_3_23\" class=\"gfield gfield--type-honeypot gform_validation_container field_sublabel_below gfield--has-description field_description_below field_validation_below gfield_visibility_visible\"  ><label class='gfield_label gform-field-label' for='input_3_23'><span class='gform-field-label__text'>LinkedIn<\/span><\/label><div class='ginput_container'><input name='input_23' id='input_3_23' type='text' value='' autocomplete='new-password'\/><\/div><div class='gfield_description' id='gfield_description_3_23'>This field is for validation purposes and should be left unchanged.<\/div><\/div><fieldset id=\"field_3_1\" class=\"gfield gfield--type-consent gfield--type-choice gfield--input-type-consent gfield_contains_required field_sublabel_below gfield--no-description field_description_below hidden_label field_validation_below gfield_visibility_visible gfield--choice-align-vertical\"  ><legend class='gfield_label gform-field-label gfield_label_before_complex' ><span class='gform-field-label__text'>Einwilligung<\/span><span class=\"gfield_required\"><span class=\"gfield_required gfield_required_text\">(Required)<\/span><\/span><\/legend><div class='ginput_container ginput_container_consent'><input name='input_1.1' id='input_3_1_1' type='checkbox' value='1'   aria-required=\"true\" aria-invalid=\"false\"   \/> <label class=\"gform-field-label gform-field-label--type-inline gfield_consent_label\" for='input_3_1_1' ><span class='gform-field-label__text'>Ich melde mich hiermit verbindlich f\u00fcr den Thementag \u201eJustizvollzug in Hamburg\" 2026 der Stiftung Forum Recht an.<\/span><span class=\"gfield_required gfield_required_text\">(Required)<\/span><\/label><input type='hidden' name='input_1.2' value='Ich melde mich hiermit verbindlich f\u00fcr den Thementag \u201eJustizvollzug in Hamburg&quot; 2026 der Stiftung Forum Recht an.' class='gform_hidden' \/><input type='hidden' name='input_1.3' value='10' class='gform_hidden' \/><\/div><\/fieldset><fieldset id=\"field_3_19\" class=\"gfield gfield--type-consent gfield--type-choice gfield--input-type-consent gfield--width-full gfield_contains_required field_sublabel_below gfield--no-description field_description_below hidden_label field_validation_below gfield_visibility_visible gfield--choice-align-vertical\"  ><legend class='gfield_label gform-field-label gfield_label_before_complex' ><span class='gform-field-label__text'>Einwilligung<\/span><span class=\"gfield_required\"><span class=\"gfield_required gfield_required_text\">(Required)<\/span><\/span><\/legend><div class='ginput_container ginput_container_consent'><input name='input_19.1' id='input_3_19_1' type='checkbox' value='1'   aria-required=\"true\" aria-invalid=\"false\"   \/> <label class=\"gform-field-label gform-field-label--type-inline gfield_consent_label\" for='input_3_19_1' ><span class='gform-field-label__text'>Ich bin hiermit informiert und damit einverstanden, dass meine Daten zum Zweck der Anmeldung f\u00fcr den Thementag an die JVA Hamburg weitergegeben werden, sollte ich zur Teilnahme ausgew\u00e4hlt werden. Eine weitere Nutzung der Daten ist ausgeschlossen.<\/span><span class=\"gfield_required gfield_required_text\">(Required)<\/span><\/label><input type='hidden' name='input_19.2' value='Ich bin hiermit informiert und damit einverstanden, dass meine Daten zum Zweck der Anmeldung f\u00fcr den Thementag an die JVA Hamburg weitergegeben werden, sollte ich zur Teilnahme ausgew\u00e4hlt werden. Eine weitere Nutzung der Daten ist ausgeschlossen.' class='gform_hidden' \/><input type='hidden' name='input_19.3' value='10' class='gform_hidden' \/><\/div><\/fieldset><fieldset id=\"field_3_3\" class=\"gfield gfield--type-name gfield--input-type-name gfield--width-full gfield_contains_required field_sublabel_below gfield--no-description field_description_below field_validation_below gfield_visibility_visible\"  ><legend class='gfield_label gform-field-label gfield_label_before_complex' ><span class='gform-field-label__text'>Vorname, Nachname, ggf. Titel<\/span><span class=\"gfield_required\"><span class=\"gfield_required gfield_required_text\">(Required)<\/span><\/span><\/legend><div class='ginput_complex ginput_container ginput_container--name no_prefix has_first_name no_middle_name has_last_name has_suffix gf_name_has_3 ginput_container_name gform-grid-row' id='input_3_3'>\n                            \n                            <span id='input_3_3_3_container' class='name_first gform-grid-col gform-grid-col--size-auto' >\n                                                    <input type='text' name='input_3.3' id='input_3_3_3' value=''   aria-required='true'     \/>\n                                                    <label for='input_3_3_3' class='gform-field-label gform-field-label--type-sub '>First<\/label>\n                                                <\/span>\n                            \n                            <span id='input_3_3_6_container' class='name_last gform-grid-col gform-grid-col--size-auto' >\n                                                    <input type='text' name='input_3.6' id='input_3_3_6' value=''   aria-required='true'     \/>\n                                                    <label for='input_3_3_6' class='gform-field-label gform-field-label--type-sub '>Last<\/label>\n                                                <\/span>\n                            <span id='input_3_3_8_container' class='name_suffix  gform-grid-col gform-grid-col--size-auto' >\n                                                    <input type='text' name='input_3.8' id='input_3_3_8' value=''   aria-required='false'     \/>\n                                                    <label for='input_3_3_8' class='gform-field-label gform-field-label--type-sub '>Titel<\/label>\n                                                <\/span>\n                        <\/div><\/fieldset><div id=\"field_3_22\" class=\"gfield gfield--type-text gfield--input-type-text gfield--width-full gfield_contains_required field_sublabel_below gfield--no-description field_description_below field_validation_below gfield_visibility_visible\"  ><label class='gfield_label gform-field-label' for='input_3_22'><span class='gform-field-label__text'>Nummer Personalausweis, Pass, Blaue Karte EU<\/span><span class=\"gfield_required\"><span class=\"gfield_required gfield_required_text\">(Required)<\/span><\/span><\/label><div class='ginput_container ginput_container_text'><input name='input_22' id='input_3_22' type='text' value='' class='large'     aria-required=\"true\" aria-invalid=\"false\"   \/><\/div><\/div><div id=\"field_3_6\" class=\"gfield gfield--type-date gfield--input-type-date gfield--input-type-datepicker gfield--datepicker-default-icon gfield--width-full gfield_contains_required field_sublabel_below gfield--no-description field_description_below field_validation_below gfield_visibility_visible\"  ><label class='gfield_label gform-field-label' for='input_3_6'><span class='gform-field-label__text'>Geburtsdatum<\/span><span class=\"gfield_required\"><span class=\"gfield_required gfield_required_text\">(Required)<\/span><\/span><\/label><div class='ginput_container ginput_container_date'>\n\t\t\t\t\t<input\n\t\t\t\t\tplaceholder='dd.mm.yyyy'\n\t\t\t\t\tid='input_3_6'\n\t\t\t\t\tclass='datepicker gform-datepicker dmy_dot datepicker_with_icon gdatepicker_with_icon'\n\t\t\t\t\ttype='text'\n\t\t\t\t\tname='input_6'\n\t\t\t\t\tvalue=''\n\t\t\t\t\t \n\t\t\t\t\taria-invalid=\"false\" \n\t\t\t\t\taria-required=\"true\"\n\t\t\t\t\t \n\t\t\t\t\t\n\t\t\t\t\tdata-mask=\"99.99.9999\"\n\t\t\t\t\t\/>\n\t\t\t\t<kbd id='keyboardHint_input_3_6' hidden class='down'><\/kbd>\n\t\t\t\t<button type='button' id='datepicker_toggle_input_3_6' class='gform-datepicker-toggle gform-datepicker-toggle--default accCalendar aria-date-picker gform-button gform-theme-button gform-theme-button--simple gform-theme-button--simple-in-ctrl' aria-expanded='false' aria-controls='input_3_6' aria-label='Geburtsdatum: Choose date on calendar' >\n\t\t\t\t\t\t\t<span class=\"gform-calendar-icon gform-datepicker-toggle-icon gform-datepicker-toggle-icon--default dashicons dashicons-calendar-alt\" aria-hidden=\"true\"><\/span>\n\t\t\t\t\t\t<\/button>\n\t\t\t<\/div><\/div><div id=\"field_3_20\" class=\"gfield gfield--type-email gfield--input-type-email gfield--width-full gfield_contains_required field_sublabel_below gfield--no-description field_description_below field_validation_below gfield_visibility_visible\"  ><label class='gfield_label gform-field-label' for='input_3_20'><span class='gform-field-label__text'>E-Mail<\/span><span class=\"gfield_required\"><span class=\"gfield_required gfield_required_text\">(Required)<\/span><\/span><\/label><div class='ginput_container ginput_container_email'>\n                            <input name='input_20' id='input_3_20' type='email' value='' class='large'    aria-required=\"true\" aria-invalid=\"false\"  \/>\n                        <\/div><\/div><div id=\"field_3_5\" class=\"gfield gfield--type-phone gfield--input-type-phone gfield--phone-format-international gfield--width-full gfield_contains_required field_sublabel_below gfield--no-description field_description_below field_validation_below gfield_visibility_visible\"  ><label class='gfield_label gform-field-label' for='input_3_5'><span class='gform-field-label__text'>Telefonnummer<\/span><span class=\"gfield_required\"><span class=\"gfield_required gfield_required_text\">(Required)<\/span><\/span><\/label><div class='ginput_container ginput_container_phone'><input name='input_5' id='input_3_5' type='tel' value='' class='large'  placeholder='+49 1234 56789' aria-required=\"true\" aria-invalid=\"false\"    \/><\/div><\/div><fieldset id=\"field_3_15\" class=\"gfield gfield--type-address gfield--input-type-address gfield--width-full gfield_contains_required field_sublabel_below gfield--no-description field_description_below field_validation_below gfield_visibility_visible\"  ><legend class='gfield_label gform-field-label gfield_label_before_complex' ><span class='gform-field-label__text'>Anschrift (privat)<\/span><span class=\"gfield_required\"><span class=\"gfield_required gfield_required_text\">(Required)<\/span><\/span><\/legend>    \n                    <div class='ginput_complex ginput_container has_street has_city has_state has_zip ginput_container_address gform-grid-row' id='input_3_15' >\n                         <span class='ginput_full address_line_1 ginput_address_line_1 gform-grid-col' id='input_3_15_1_container' >\n                                        <input type='text' name='input_15.1' id='input_3_15_1' value=''    aria-required='true'    \/>\n                                        <label for='input_3_15_1' id='input_3_15_1_label' class='gform-field-label gform-field-label--type-sub '>Street Address<\/label>\n                                    <\/span><span class='ginput_left address_city ginput_address_city gform-grid-col' id='input_3_15_3_container' >\n                                    <input type='text' name='input_15.3' id='input_3_15_3' value=''    aria-required='true'    \/>\n                                    <label for='input_3_15_3' id='input_3_15_3_label' class='gform-field-label gform-field-label--type-sub '>City<\/label>\n                                 <\/span><span class='ginput_right address_state ginput_address_state gform-grid-col' id='input_3_15_4_container' >\n                                        <input type='text' name='input_15.4' id='input_3_15_4' value=''      aria-required='true'    \/>\n                                        <label for='input_3_15_4' id='input_3_15_4_label' class='gform-field-label gform-field-label--type-sub '>Bundesland<\/label>\n                                      <\/span><span class='ginput_left address_zip ginput_address_zip gform-grid-col' id='input_3_15_5_container' >\n                                    <input type='text' name='input_15.5' id='input_3_15_5' value=''    aria-required='true'    \/>\n                                    <label for='input_3_15_5' id='input_3_15_5_label' class='gform-field-label gform-field-label--type-sub '>ZIP \/ Postal Code<\/label>\n                                <\/span><input type='hidden' class='gform_hidden' name='input_15.6' id='input_3_15_6' value='' \/>\n                    <div class='gf_clear gf_clear_complex'><\/div>\n                <\/div><\/fieldset><div id=\"field_3_8\" class=\"gfield gfield--type-text gfield--input-type-text gfield--width-full gfield_contains_required field_sublabel_below gfield--no-description field_description_below field_validation_below gfield_visibility_visible\"  ><label class='gfield_label gform-field-label' for='input_3_8'><span class='gform-field-label__text'>Unternehmen\/Schule\/Einrichtung und Ort (die Angabe ist f\u00fcr die Auswahl der Teilnehmenden von Bedeutung.)<\/span><span class=\"gfield_required\"><span class=\"gfield_required gfield_required_text\">(Required)<\/span><\/span><\/label><div class='ginput_container ginput_container_text'><input name='input_8' id='input_3_8' type='text' value='' class='large'    placeholder='z.B. Gymnasium M\u00fchlheim, Name gemeinn\u00fctzige Organisation, Redaktion' aria-required=\"true\" aria-invalid=\"false\"   \/><\/div><\/div><div id=\"field_3_13\" class=\"gfield gfield--type-textarea gfield--input-type-textarea gfield--width-full gfield_contains_required field_sublabel_below gfield--no-description field_description_below field_validation_below gfield_visibility_visible\"  ><label class='gfield_label gform-field-label' for='input_3_13'><span class='gform-field-label__text'>Multiplikator:innenfunktion und Motivation (bitte beschreiben Sie uns Ihre Motivation f\u00fcr die Teilnahme an der Fortbildung. Gehen Sie darin auch auf Ihre Multiplikator:innenfunktion ein. Schildern Sie nach M\u00f6glichkeit, wie Sie das durch die Veranstaltung erworbene Wissen in Ihrer Funktion nutzen m\u00f6chten.) Mindestwortanzahl: 100 W\u00f6rter<\/span><span class=\"gfield_required\"><span class=\"gfield_required gfield_required_text\">(Required)<\/span><\/span><\/label><div class='ginput_container ginput_container_textarea'><textarea name='input_13' id='input_3_13' class='textarea large'    placeholder='z.B. Sozialkundelehrer, m\u00f6chte die Themen im Unterricht aufgreifen; Sch\u00f6ffin, m\u00f6chte sich weiterreichend informieren; Journalist, m\u00f6chte fundierter \u00fcber die Themen berichten k\u00f6nnen' aria-required=\"true\" aria-invalid=\"false\"   rows='10' cols='50'><\/textarea><\/div><\/div><div id=\"field_3_21\" class=\"gfield gfield--type-select gfield--input-type-select gfield--width-full gfield_contains_required field_sublabel_below gfield--no-description field_description_below field_validation_below gfield_visibility_visible\"  ><label class='gfield_label gform-field-label' for='input_3_21'><span class='gform-field-label__text'>Abfrage Mittagessen: Zur besseren Planung f\u00fcr die Kantine der JVA bitten wir Sie um folgende Informationen zu Ihren Bed\u00fcrfnissen f\u00fcr das Mittagessen!<\/span><span class=\"gfield_required\"><span class=\"gfield_required gfield_required_text\">(Required)<\/span><\/span><\/label><div class='ginput_container ginput_container_select'><select name='input_21' id='input_3_21' class='large gfield_select'    aria-required=\"true\" aria-invalid=\"false\" ><option value='Keine Einschr\u00e4nkungen' >Keine Einschr\u00e4nkungen<\/option><option value='Vegetarisch' >Vegetarisch<\/option><option value='Vegan' >Vegan<\/option><option value='Kein Essen erforderlich - ich bringe selbst etwas mit.' >Kein Essen erforderlich - ich bringe selbst etwas mit.<\/option><\/select><\/div><\/div><div id=\"field_3_10\" class=\"gfield gfield--type-textarea gfield--input-type-textarea gfield--width-full field_sublabel_below gfield--no-description field_description_below field_validation_below gfield_visibility_visible\"  ><label class='gfield_label gform-field-label' for='input_3_10'><span class='gform-field-label__text'>ggf. Nachricht<\/span><\/label><div class='ginput_container ginput_container_textarea'><textarea name='input_10' id='input_3_10' class='textarea large'    placeholder='Hier bitte spezielle Bed\u00fcrfnisse und Interessen nennen!'  aria-invalid=\"false\"   rows='10' cols='50'><\/textarea><\/div><\/div><fieldset id=\"field_3_18\" class=\"gfield gfield--type-consent gfield--type-choice gfield--input-type-consent gfield--width-full gfield_contains_required field_sublabel_below gfield--has-description field_description_below field_validation_below gfield_visibility_visible gfield--choice-align-vertical\"  ><legend class='gfield_label gform-field-label gfield_label_before_complex' ><span class='gform-field-label__text'>Datenschutzhinweis<\/span><span class=\"gfield_required\"><span class=\"gfield_required gfield_required_text\">(Required)<\/span><\/span><\/legend><div class='ginput_container ginput_container_consent'><input name='input_18.1' id='input_3_18_1' type='checkbox' value='1'  aria-describedby=\"gfield_consent_description_3_18\" aria-required=\"true\" aria-invalid=\"false\"   \/> <label class=\"gform-field-label gform-field-label--type-inline gfield_consent_label\" for='input_3_18_1' ><span class='gform-field-label__text'>Ich bin mit der Speicherung und Verarbeitung meiner Daten zum Zweck der Buchung meiner Fortbildung einverstanden.<\/span><\/label><input type='hidden' name='input_18.2' value='Ich bin mit der Speicherung und Verarbeitung meiner Daten zum Zweck der Buchung meiner Fortbildung einverstanden.' class='gform_hidden' \/><input type='hidden' name='input_18.3' value='10' class='gform_hidden' \/><\/div><div class='gfield_description gfield_consent_description' id='gfield_consent_description_3_18'><div class='gfield_consent_description_text' tabindex='0'>Weitere Informationen finden Sie in unserer Datenschutzerkl\u00e4rung: https:\/\/stiftung-forum-recht.de\/datenschutzerklaerung\/<\/div><\/div><\/fieldset><\/div><\/div>\n        <div class='gform-footer gform_footer top_label'> <button type='submit' id='gform_submit_button_3' class='gform_button button' onclick='gform.submission.handleButtonClick(this);' data-submission-type='submit' >Verbindliche Anmeldung absenden!<\/button> \n            <input type='hidden' class='gform_hidden' name='gform_submission_method' data-js='gform_submission_method_3' value='postback' \/>\n            <input type='hidden' class='gform_hidden' name='gform_theme' data-js='gform_theme_3' id='gform_theme_3' value='orbital' \/>\n            <input type='hidden' class='gform_hidden' name='gform_style_settings' data-js='gform_style_settings_3' id='gform_style_settings_3' value='' \/>\n            <input type='hidden' class='gform_hidden' name='is_submit_3' value='1' \/>\n            <input type='hidden' class='gform_hidden' name='gform_submit' value='3' \/>\n            \n            <input type='hidden' class='gform_hidden' name='gform_currency' data-currency='EUR' value='b598\/72ZsMZohSKr4+H\/wkvn0Y3cik6kIn2x5Y52rrR7mb5VfIAt9hRHTOx7bt\/z\/kexheAgL\/WrXYTIimYzM00x6QdhWCc57iC5pxvK8s5t+Xc=' \/>\n            <input type='hidden' class='gform_hidden' name='gform_unique_id' value='' \/>\n            <input type='hidden' class='gform_hidden' name='state_3' value='WyJ7XCIxLjFcIjpcImZkMGMxNmVlM2IzMTg2N2RjZDBjNDRlMmY2YzhjOGJiXCIsXCIxLjJcIjpcIjhmZjFjM2FkYjExOGExZjMzMjg1MGU2YTM1MjU2ODNlXCIsXCIxLjNcIjpcImZkOWNjNDBkNDUyNGQ1MTNjMDcwYjgwNjUxNGJjY2NkXCIsXCIxOS4xXCI6XCJmZDBjMTZlZTNiMzE4NjdkY2QwYzQ0ZTJmNmM4YzhiYlwiLFwiMTkuMlwiOlwiOTNkMjM1YzYxYTBhYTZjMTUwNjZiNTQzMmY2NTcxYWVcIixcIjE5LjNcIjpcImZkOWNjNDBkNDUyNGQ1MTNjMDcwYjgwNjUxNGJjY2NkXCIsXCIyMVwiOltcIjdjN2U4N2EzNzg4YzM3NzU0MmEyNDY0MzJmZjA2NWE4XCIsXCI4ODFlZGVhNDYyZjI1NTVkODA3ZjQ2ZTkwOGJkZTE3MFwiLFwiYmU2YTY0MWMxMjgxMmRiNDEwMDUwMWYwOGVhMTM2MzNcIixcImI0MWEwNTM0YzJiYTA3YTI1OThiMTBmYTYyYzdiYTUzXCJdLFwiMTguMVwiOlwiZmQwYzE2ZWUzYjMxODY3ZGNkMGM0NGUyZjZjOGM4YmJcIixcIjE4LjJcIjpcImYzZjU4MDI3M2ZlNWNjNzhjNWFlZDcyODExYzBiZjhjXCIsXCIxOC4zXCI6XCJmZDljYzQwZDQ1MjRkNTEzYzA3MGI4MDY1MTRiY2NjZFwiLFwiZ2Zvcm1fc3VibWlzc2lvbl9tZXRob2RcIjpbXCI3ODBjMDc1YzZiNTBlMTMzOGY2MjAxMTU0YzM0YWJmYVwiLFwiMzMyMzU0ZGNhNGE4MWM2YTE2ZmZmNDBiYmMwY2IxZGFcIl0sXCJnZm9ybV90aGVtZVwiOlwiMzgwZTBhOTlmNzZjMTRjNTk4NWQ0NjRhMDY2NTc2YmFcIixcImdmb3JtX3N0eWxlX3NldHRpbmdzXCI6XCI4NzNjYjRiZTk0MDRhMWNhNWM0Zjc4MWJhMDg3Y2IxNVwiLFwiZm9ybV9pZFwiOlwiNzA3ZjNmODU4MmM3ODZiMGRkYTcxMmRiMjY5NTMzMWNcIixcInVybFwiOlwiMTZlMmU5OTBjMjQ5ZjQxOGVmMTJlMGNiZmRiNDk2NjNcIixcInN0YXRlX3RpbWVzdGFtcFwiOlwiNGIzMjRkM2MyNzZkZWY2MWIxYzVlY2EzODI5OWM1Y2NcIn0iLCI4NDNjNWFjMDBmNGI4Zjg5MmZmNzdmOTRiOTgyMzZlNSIsMTc4ODI3OTg3N10=' \/>\n            <input type='hidden' autocomplete='off' class='gform_hidden' name='gform_target_page_number_3' id='gform_target_page_number_3' value='0' \/>\n            <input type='hidden' autocomplete='off' class='gform_hidden' name='gform_source_page_number_3' id='gform_source_page_number_3' value='1' \/>\n            <input type='hidden' name='gform_field_values' value='' \/>\n            \n        <\/div>\n                        <p style=\"display: none !important;\" class=\"akismet-fields-container\" data-prefix=\"ak_\"><label>&#916;<textarea name=\"ak_hp_textarea\" cols=\"45\" rows=\"8\" maxlength=\"100\"><\/textarea><\/label><input type=\"hidden\" id=\"ak_js_1\" name=\"ak_js\" value=\"212\"\/><script>\ndocument.getElementById( \"ak_js_1\" ).setAttribute( \"value\", ( new Date() ).getTime() );\n<\/script>\n<\/p><\/form>\n                        <\/div>\t\t\t<\/div>\n\n            <script type=\"text\/javascript\">\n                var gf_global = {\"gf_currency_config\":{\"name\":\"Euro\",\"symbol_left\":\"\",\"symbol_right\":\"&#8364;\",\"symbol_padding\":\" \",\"thousand_separator\":\".\",\"decimal_separator\":\",\",\"decimals\":2,\"code\":\"EUR\"},\"base_url\":\"https:\\\/\\\/stiftung-forum-recht.de\\\/wp-content\\\/plugins\\\/gravityforms\",\"number_formats\":[],\"version_hash\":\"79749ffd08ca50307f750a0c87d5f85b\",\"countries\":{\"AF\":\"Afghanistan\",\"AX\":\"\\u00c5land Islands\",\"AL\":\"Albania\",\"DZ\":\"Algeria\",\"AS\":\"American Samoa\",\"AD\":\"Andorra\",\"AO\":\"Angola\",\"AI\":\"Anguilla\",\"AQ\":\"Antarctica\",\"AG\":\"Antigua and Barbuda\",\"AR\":\"Argentina\",\"AM\":\"Armenia\",\"AW\":\"Aruba\",\"AU\":\"Australia\",\"AT\":\"Austria\",\"AZ\":\"Azerbaijan\",\"BS\":\"Bahamas\",\"BH\":\"Bahrain\",\"BD\":\"Bangladesh\",\"BB\":\"Barbados\",\"BY\":\"Belarus\",\"BE\":\"Belgium\",\"BZ\":\"Belize\",\"BJ\":\"Benin\",\"BM\":\"Bermuda\",\"BT\":\"Bhutan\",\"BO\":\"Bolivia\",\"BQ\":\"Bonaire, Sint Eustatius and Saba\",\"BA\":\"Bosnia and Herzegovina\",\"BW\":\"Botswana\",\"BV\":\"Bouvet Island\",\"BR\":\"Brazil\",\"IO\":\"British Indian Ocean Territory\",\"BN\":\"Brunei Darussalam\",\"BG\":\"Bulgaria\",\"BF\":\"Burkina Faso\",\"BI\":\"Burundi\",\"CV\":\"Cabo Verde\",\"KH\":\"Cambodia\",\"CM\":\"Cameroon\",\"CA\":\"Canada\",\"KY\":\"Cayman Islands\",\"CF\":\"Central African Republic\",\"TD\":\"Chad\",\"CL\":\"Chile\",\"CN\":\"China\",\"CX\":\"Christmas Island\",\"CC\":\"Cocos Islands\",\"CO\":\"Colombia\",\"KM\":\"Comoros\",\"CD\":\"Congo, Democratic Republic of the\",\"CG\":\"Congo\",\"CK\":\"Cook Islands\",\"CR\":\"Costa Rica\",\"CI\":\"C\\u00f4te d'Ivoire\",\"HR\":\"Croatia\",\"CU\":\"Cuba\",\"CW\":\"Cura\\u00e7ao\",\"CY\":\"Cyprus\",\"CZ\":\"Czechia\",\"DK\":\"Denmark\",\"DJ\":\"Djibouti\",\"DM\":\"Dominica\",\"DO\":\"Dominican Republic\",\"EC\":\"Ecuador\",\"EG\":\"Egypt\",\"SV\":\"El Salvador\",\"GQ\":\"Equatorial Guinea\",\"ER\":\"Eritrea\",\"EE\":\"Estonia\",\"SZ\":\"Eswatini\",\"ET\":\"Ethiopia\",\"FK\":\"Falkland Islands\",\"FO\":\"Faroe Islands\",\"FJ\":\"Fiji\",\"FI\":\"Finland\",\"FR\":\"France\",\"GF\":\"French Guiana\",\"PF\":\"French Polynesia\",\"TF\":\"French Southern Territories\",\"GA\":\"Gabon\",\"GM\":\"Gambia\",\"GE\":\"Georgia\",\"DE\":\"Germany\",\"GH\":\"Ghana\",\"GI\":\"Gibraltar\",\"GR\":\"Greece\",\"GL\":\"Greenland\",\"GD\":\"Grenada\",\"GP\":\"Guadeloupe\",\"GU\":\"Guam\",\"GT\":\"Guatemala\",\"GG\":\"Guernsey\",\"GN\":\"Guinea\",\"GW\":\"Guinea-Bissau\",\"GY\":\"Guyana\",\"HT\":\"Haiti\",\"HM\":\"Heard Island and McDonald Islands\",\"VA\":\"Holy See\",\"HN\":\"Honduras\",\"HK\":\"Hong Kong\",\"HU\":\"Hungary\",\"IS\":\"Iceland\",\"IN\":\"India\",\"ID\":\"Indonesia\",\"IR\":\"Iran\",\"IQ\":\"Iraq\",\"IE\":\"Ireland\",\"IM\":\"Isle of Man\",\"IL\":\"Israel\",\"IT\":\"Italy\",\"JM\":\"Jamaica\",\"JP\":\"Japan\",\"JE\":\"Jersey\",\"JO\":\"Jordan\",\"KZ\":\"Kazakhstan\",\"KE\":\"Kenya\",\"KI\":\"Kiribati\",\"KP\":\"Korea, Democratic People's Republic of\",\"KR\":\"Korea, Republic of\",\"KW\":\"Kuwait\",\"KG\":\"Kyrgyzstan\",\"LA\":\"Lao People's Democratic Republic\",\"LV\":\"Latvia\",\"LB\":\"Lebanon\",\"LS\":\"Lesotho\",\"LR\":\"Liberia\",\"LY\":\"Libya\",\"LI\":\"Liechtenstein\",\"LT\":\"Lithuania\",\"LU\":\"Luxembourg\",\"MO\":\"Macao\",\"MG\":\"Madagascar\",\"MW\":\"Malawi\",\"MY\":\"Malaysia\",\"MV\":\"Maldives\",\"ML\":\"Mali\",\"MT\":\"Malta\",\"MH\":\"Marshall Islands\",\"MQ\":\"Martinique\",\"MR\":\"Mauritania\",\"MU\":\"Mauritius\",\"YT\":\"Mayotte\",\"MX\":\"Mexico\",\"FM\":\"Micronesia\",\"MD\":\"Moldova\",\"MC\":\"Monaco\",\"MN\":\"Mongolia\",\"ME\":\"Montenegro\",\"MS\":\"Montserrat\",\"MA\":\"Morocco\",\"MZ\":\"Mozambique\",\"MM\":\"Myanmar\",\"NA\":\"Namibia\",\"NR\":\"Nauru\",\"NP\":\"Nepal\",\"NL\":\"Netherlands\",\"NC\":\"New Caledonia\",\"NZ\":\"New Zealand\",\"NI\":\"Nicaragua\",\"NE\":\"Niger\",\"NG\":\"Nigeria\",\"NU\":\"Niue\",\"NF\":\"Norfolk Island\",\"MK\":\"North Macedonia\",\"MP\":\"Northern Mariana Islands\",\"NO\":\"Norway\",\"OM\":\"Oman\",\"PK\":\"Pakistan\",\"PW\":\"Palau\",\"PS\":\"Palestine, State of\",\"PA\":\"Panama\",\"PG\":\"Papua New Guinea\",\"PY\":\"Paraguay\",\"PE\":\"Peru\",\"PH\":\"Philippines\",\"PN\":\"Pitcairn\",\"PL\":\"Poland\",\"PT\":\"Portugal\",\"PR\":\"Puerto Rico\",\"QA\":\"Qatar\",\"RE\":\"R\\u00e9union\",\"RO\":\"Romania\",\"RU\":\"Russian Federation\",\"RW\":\"Rwanda\",\"BL\":\"Saint Barth\\u00e9lemy\",\"SH\":\"Saint Helena, Ascension and Tristan da Cunha\",\"KN\":\"Saint Kitts and Nevis\",\"LC\":\"Saint Lucia\",\"MF\":\"Saint Martin\",\"PM\":\"Saint Pierre and Miquelon\",\"VC\":\"Saint Vincent and the Grenadines\",\"WS\":\"Samoa\",\"SM\":\"San Marino\",\"ST\":\"Sao Tome and Principe\",\"SA\":\"Saudi Arabia\",\"SN\":\"Senegal\",\"RS\":\"Serbia\",\"SC\":\"Seychelles\",\"SL\":\"Sierra Leone\",\"SG\":\"Singapore\",\"SX\":\"Sint Maarten\",\"SK\":\"Slovakia\",\"SI\":\"Slovenia\",\"SB\":\"Solomon Islands\",\"SO\":\"Somalia\",\"ZA\":\"South Africa\",\"GS\":\"South Georgia and the South Sandwich Islands\",\"SS\":\"South Sudan\",\"ES\":\"Spain\",\"LK\":\"Sri Lanka\",\"SD\":\"Sudan\",\"SR\":\"Suriname\",\"SJ\":\"Svalbard and Jan Mayen\",\"SE\":\"Sweden\",\"CH\":\"Switzerland\",\"SY\":\"Syria Arab Republic\",\"TW\":\"Taiwan\",\"TJ\":\"Tajikistan\",\"TZ\":\"Tanzania, the United Republic of\",\"TH\":\"Thailand\",\"TL\":\"Timor-Leste\",\"TG\":\"Togo\",\"TK\":\"Tokelau\",\"TO\":\"Tonga\",\"TT\":\"Trinidad and Tobago\",\"TN\":\"Tunisia\",\"TR\":\"T\\u00fcrkiye\",\"TM\":\"Turkmenistan\",\"TC\":\"Turks and Caicos Islands\",\"TV\":\"Tuvalu\",\"UG\":\"Uganda\",\"UA\":\"Ukraine\",\"AE\":\"United Arab Emirates\",\"GB\":\"United Kingdom\",\"US\":\"United States\",\"UY\":\"Uruguay\",\"UM\":\"US Minor Outlying Islands\",\"UZ\":\"Uzbekistan\",\"VU\":\"Vanuatu\",\"VE\":\"Venezuela\",\"VN\":\"Viet Nam\",\"VG\":\"Virgin Islands, British\",\"VI\":\"Virgin Islands, U.S.\",\"WF\":\"Wallis and Futuna\",\"EH\":\"Western Sahara\",\"YE\":\"Yemen\",\"ZM\":\"Zambia\",\"ZW\":\"Zimbabwe\"},\"strings\":{\"newRowAdded\":\"New row added.\",\"rowRemoved\":\"Row removed\",\"formSaved\":\"The form has been saved.  The content contains the link to return and complete the form.\"}};\t\t\t\tvar gf_vars = {\"active\":\"Active\",\"inactive\":\"Inactive\",\"save\":\"Save\",\"update\":\"Update\",\"previousLabel\":\"Previous\",\"selectFormat\":\"Select a format\",\"column\":\"Column\",\"editToViewAll\":\"5 of %d items shown. Edit field to view all\",\"selectAll\":\"Select All\",\"enterValue\":\"Enter a value\",\"formTitle\":\"Untitled Form\",\"formDescription\":\"We would love to hear from you! Please fill out this form and we will get in touch with you shortly.\",\"formConfirmationMessage\":\"Thanks for contacting us! We will get in touch with you shortly.\",\"submitButtonText\":\"Submit Button Text\",\"submitImageAltText\":\"Submit Image Alt Text\",\"buttonText\":\"Submit\",\"pageButtonText\":\"Button Text\",\"nextPageButtonAltText\":\"Next Image Alt Text\",\"previousPageButtonAltText\":\"Previous Image Alt Text\",\"next_page_button\":\"Next\",\"previous_page_button\":\"Previous\",\"buttonDescription\":\"The submit button for this form\",\"loading\":\"Loading...\",\"thisFieldIf\":\"this field if\",\"thisSectionIf\":\"this section if\",\"thisPage\":\"this page if\",\"thisFormButton\":\"this form button if\",\"show\":\"Show\",\"hide\":\"Hide\",\"enable\":\"Enable\",\"disable\":\"Disable\",\"enabled\":\"Enabled\",\"disabled\":\"Disabled\",\"configure\":\"Configure\",\"conditional_logic_text\":\"Conditional Logic\",\"conditional_logic_desc\":\"Conditional logic allows you to change what the user sees depending on the fields they select.\",\"conditional_logic_a11y\":\"Adding conditional logic to the form submit button could cause usability problems for some users and negatively impact the accessibility of your form. Learn more about button conditional logic in our <a href=\\\"https:\\\/\\\/docs.gravityforms.com\\\/field-accessibility-warning\\\/\\\" target=\\\"_blank\\\" rel=\\\"noopener\\\">documentation<span class=\\\"screen-reader-text\\\">(opens in a new tab)<\\\/span>&nbsp;<span class=\\\"gform-icon gform-icon--external-link\\\" aria-hidden=\\\"true\\\"><\\\/span><\\\/a>.\",\"page\":\"Page\",\"next_button\":\"Next Button\",\"button\":\"Submit Button\",\"all\":\"All\",\"any\":\"Any\",\"ofTheFollowingMatch\":\"of the following match:\",\"is\":\"is\",\"isNot\":\"is not\",\"greaterThan\":\"greater than\",\"lessThan\":\"less than\",\"contains\":\"contains\",\"startsWith\":\"starts with\",\"endsWith\":\"ends with\",\"emptyChoice\":\"Empty (no choices selected)\",\"alertLegacyMode\":\"This form has legacy markup enabled and doesn\\u2019t support field resizing within the editor. Please disable legacy markup in the form settings to enable live resizing.\",\"thisConfirmation\":\"Use this confirmation if\",\"thisNotification\":\"Send this notification if\",\"confirmationSave\":\"Save\",\"confirmationSaving\":\"Saving...\",\"confirmationAreYouSure\":\"Are you sure you wish to cancel these changes?\",\"confirmationIssueSaving\":\"There was an issue saving this confirmation.\",\"confirmationConfirmDelete\":\"Are you sure you wish to delete this confirmation?\",\"confirmationIssueDeleting\":\"There was an issue deleting this confirmation.\",\"confirmationConfirmDiscard\":\"There are unsaved changes to the current confirmation. Would you like to discard these changes?\",\"confirmationDefaultName\":\"Untitled Confirmation\",\"confirmationDefaultMessage\":\"Thanks for contacting us! We will get in touch with you shortly.\",\"confirmationInvalidPageSelection\":\"Please select a page.\",\"confirmationInvalidRedirect\":\"Please enter a URL.\",\"confirmationInvalidName\":\"Please enter a confirmation name.\",\"confirmationDeleteField\":\"Deleting this field will also delete all entry data associated with it. 'Cancel' to abort. 'OK' to delete.\",\"confirmationDeleteDisplayField\":\"You're about to delete this field. 'Cancel' to stop. 'OK' to delete\",\"confirmationDeleteDisplayFieldTitle\":\"Warning\",\"conditionalLogicDependency\":\"This form contains {type} conditional logic dependent upon this field. Deleting this field will deactivate those conditional logic rules and also delete all entry data associated with the field. 'Cancel' to abort. 'OK' to delete.\",\"conditionalLogicDependencyChoice\":\"This form contains {type} conditional logic dependent upon this choice. Are you sure you want to delete this choice? 'Cancel' to abort. 'OK' to delete.\",\"conditionalLogicDependencyChoiceEdit\":\"This form contains {type} conditional logic dependent upon this choice. Are you sure you want to modify this choice? 'Cancel' to abort. 'OK' to continue.\",\"conditionalLogicDependencyAdminOnly\":\"This form contains {type} conditional logic dependent upon this field. Are you sure you want to mark this field as Administrative? 'Cancel' to abort. 'OK' to continue.\",\"conditionalLogicRichTextEditorWarning\":\"This form contains conditional logic dependent upon this field. This will no longer work if the Rich Text Editor is enabled.  Are you sure you want to enable the Rich Text Editor?  'Cancel' to abort. 'OK' to continue.\",\"conditionalLogicTypeButton\":\"button\",\"conditionalLogicTypeConfirmation\":\"confirmation\",\"conditionalLogicTypeNotification\":\"notification\",\"conditionalLogicTypeNoficationRouting\":\"notification routing\",\"conditionalLogicTypeField\":\"field\",\"conditionalLogicTypeFeed\":\"feed\",\"conditionalLogicWarningTitle\":\"Conditional Logic Warning\",\"mergeTagsText\":\"Insert Merge Tags\",\"baseUrl\":\"https:\\\/\\\/stiftung-forum-recht.de\\\/wp-content\\\/plugins\\\/gravityforms\",\"gf_currency_config\":{\"name\":\"Euro\",\"symbol_left\":\"\",\"symbol_right\":\"&#8364;\",\"symbol_padding\":\" \",\"thousand_separator\":\".\",\"decimal_separator\":\",\",\"decimals\":2,\"code\":\"EUR\"},\"otherChoiceValue\":\"Other\",\"isFormTrash\":false,\"currentlyAddingField\":false,\"visibilityOptions\":[{\"label\":\"Visible\",\"value\":\"visible\",\"description\":\"Default option. The field is visible when viewing the form.\"},{\"label\":\"Hidden\",\"value\":\"hidden\",\"description\":\"The field is hidden when viewing the form. Useful when you require the functionality of this field but do not want the user to be able to see this field.\"},{\"label\":\"Administrative\",\"value\":\"administrative\",\"description\":\"The field is only visible when administering submitted entries. The field is not visible or functional when viewing the form.\"}],\"addFieldFilter\":\"Add a condition\",\"removeFieldFilter\":\"Remove a condition\",\"filterAndAny\":\"{0} of the following match:\",\"customChoices\":\"Custom Choices\",\"predefinedChoices\":\"Predefined Choices\",\"fieldLabelAriaLabel\":\"{field_label} - {field_type}, jump to this field&#039;s settings\",\"fieldCanBeAddedTitle\":\"Field Limit\",\"fieldCanBeAddedMessage\":\"A form can only contain one {field_type} field.\",\"fieldCanBeAddedProductTitle\":\"Missing Product field\",\"fieldCanBeAddedProduct\":\"You must add a Product field to the form first.\",\"fieldForbiddenInRepeaterTitle\":\"Unrepeatable Field\",\"fieldForbiddenInRepeater\":\"{field_type} fields are not supported in Repeaters.\",\"legacyMarkupTitle\":\"Unsupported Markup\",\"fieldCanBeAddedMultipleChoice\":\"You cannot add a Multiple Choice field to a form that uses legacy markup. Please edit the form settings and turn off Legacy Markup.\",\"fieldCanBeAddedImageChoice\":\"You cannot add an Image Choice field to a form that uses legacy markup. Please edit the form settings and turn off Legacy Markup.\",\"FieldAjaxonErrorTitle\":\"Error\",\"StartAddFieldAjaxonError\":\"Ajax error while adding field. Please refresh the page and try again.\",\"StartChangeInputTypeAjaxonError\":\"Ajax error while changing input type. Please refresh the page and try again.\",\"MissingNameCustomChoicesTitle\":\"Missing Name\",\"MissingNameCustomChoices\":\"Please give this custom choice a name.\",\"DuplicateNameCustomChoicesTitle\":\"Duplicate Name\",\"DuplicateNameCustomChoices\":\"This custom choice name is already in use. Please enter another name.\",\"DuplicateTitleMessageTitle\":\"Duplicate Title\",\"DuplicateTitleMessage\":\"The form title you have entered is already taken. Please enter a unique form title.\",\"ValidateFormMissingFormTitleTitle\":\"Missing Form Title\",\"ValidateFormMissingFormTitle\":\"Please enter a Title for this form. When adding the form to a page or post, you will have the option to hide the title.\",\"ValidateFormEmptyPageTitle\":\"Empty Page\",\"ValidateFormEmptyPage\":\"This form currently has one or more pages without any fields. Blank pages are a result of Page Breaks that are positioned as the first or last field in the form or right after each other. Please adjust the Page Breaks.\",\"ValidateFormMissingProductLabelTitle\":\"Missing Product Label\",\"ValidateFormMissingProductLabel\":\"This form has a Product field with a blank label. Please enter a label for every Product field.\",\"ValidateFormMissingProductFieldTitle\":\"Missing Product field\",\"ValidateFormMissingProductField\":\"This form has an Option field without a Product field. You must add a Product field to your form.\",\"FormulaIsValidTitle\":\"Success\",\"FormulaIsValid\":\"The formula appears to be valid.\",\"FormulaIsInvalid\":\"There appears to be a problem with the formula.\",\"DeleteFormTitle\":\"Confirm\",\"DeleteForm\":\"You are about to move this form to the trash. &#039;Cancel&#039; to abort. &#039;OK&#039; to delete.\",\"DeleteCustomChoice\":\"Delete this custom choice list? &#039;Cancel&#039; to abort. &#039;OK&#039; to delete.\",\"FieldAdded\":\"&nbsp;field added to form\",\"nameFieldDefaultPrefixes\":[{\"text\":\"Dr.\",\"value\":\"Dr.\"},{\"text\":\"Miss\",\"value\":\"Miss\"},{\"text\":\"Mr.\",\"value\":\"Mr.\"},{\"text\":\"Mrs.\",\"value\":\"Mrs.\"},{\"text\":\"Ms.\",\"value\":\"Ms.\"},{\"text\":\"Mx.\",\"value\":\"Mx.\"},{\"text\":\"Prof.\",\"value\":\"Prof.\"},{\"text\":\"Rev.\",\"value\":\"Rev.\"}]};\t\t\t<\/script>\n\n            <script type=\"text\/javascript\">\n                \/* EA Gravity Forms - ensure GF's per-form post-render event dispatches\n                 * even when the widget's render context prevents GF's standard\n                 * GFFormDisplay::footer_init_scripts() per-form trigger from executing.\n                 * Without this, third-party GF add-ons (e.g. Gravity Forms reCAPTCHA\n                 * Add-On v2.2.2+) that hook into `gform\/post_render` to register\n                 * submission filters will never fire, breaking v3 token population.\n                 *\/\n                ( function () {\n                    var formId = 3;\n                    if ( typeof window.gform === 'undefined'\n                         || typeof window.gform.initializeOnLoaded !== 'function' ) {\n                        return;\n                    }\n                    window.gform.initializeOnLoaded( function () {\n                        var flag = '__eaelGfPostRenderFired_' + formId;\n                        if ( window[ flag ] ) { return; }\n                        if ( window.gform && window.gform.core\n                             && typeof window.gform.core.triggerPostRenderEvents === 'function' ) {\n                            window[ flag ] = true;\n                            window.gform.core.triggerPostRenderEvents( formId, 1 );\n                        }\n                    } );\n                } )();\n            <\/script>\n            \t\t\t\t<\/div>\n\t\t\t\t\t<\/div>\n\t\t<\/div>\n\t\t\t\t\t<\/div>\n\t\t<\/section>\n\t\t<div data-particle_enable=\"false\" data-particle-mobile-disabled=\"false\" class=\"elementor-element elementor-element-b15a721 e-flex e-con-boxed e-con e-parent\" data-id=\"b15a721\" data-element_type=\"container\" data-e-type=\"container\">\n\t\t\t\t\t<div class=\"e-con-inner\">\n\t\t\t\t<div class=\"elementor-element elementor-element-9f78451 elementor-widget-divider--view-line elementor-widget elementor-widget-divider\" data-id=\"9f78451\" data-element_type=\"widget\" data-e-type=\"widget\" data-widget_type=\"divider.default\">\n\t\t\t\t\t\t\t<div class=\"elementor-divider\">\n\t\t\t<span class=\"elementor-divider-separator\">\n\t\t\t\t\t\t<\/span>\n\t\t<\/div>\n\t\t\t\t\t\t<\/div>\n\t\t\t\t<div class=\"elementor-element elementor-element-5360c44 elementor-widget elementor-widget-heading\" data-id=\"5360c44\" data-element_type=\"widget\" data-e-type=\"widget\" data-widget_type=\"heading.default\">\n\t\t\t\t\t<h2 class=\"elementor-heading-title elementor-size-default\">R\u00fcckblick<\/h2>\t\t\t\t<\/div>\n\t\t\t\t<div class=\"elementor-element elementor-element-53b94a6 elementor-widget elementor-widget-text-editor\" data-id=\"53b94a6\" data-element_type=\"widget\" data-e-type=\"widget\" data-widget_type=\"text-editor.default\">\n\t\t\t\t\t\t\t\t\t<p>Hier erhalten Sie Eindr\u00fccke zu den vergangenen Thementagen Justizvollzug in Herne und D\u00fcsseldorf 2024.<\/p>\t\t\t\t\t\t\t\t<\/div>\n\t\t\t\t<div class=\"elementor-element elementor-element-b753c6f elementor-grid-1 elementor-posts--thumbnail-none elementor-grid-tablet-2 elementor-grid-mobile-1 elementor-widget elementor-widget-posts\" data-id=\"b753c6f\" data-element_type=\"widget\" data-e-type=\"widget\" data-settings=\"{&quot;classic_columns&quot;:&quot;1&quot;,&quot;classic_columns_tablet&quot;:&quot;2&quot;,&quot;classic_columns_mobile&quot;:&quot;1&quot;,&quot;classic_row_gap&quot;:{&quot;unit&quot;:&quot;px&quot;,&quot;size&quot;:35,&quot;sizes&quot;:[]},&quot;classic_row_gap_widescreen&quot;:{&quot;unit&quot;:&quot;px&quot;,&quot;size&quot;:&quot;&quot;,&quot;sizes&quot;:[]},&quot;classic_row_gap_laptop&quot;:{&quot;unit&quot;:&quot;px&quot;,&quot;size&quot;:&quot;&quot;,&quot;sizes&quot;:[]},&quot;classic_row_gap_tablet_extra&quot;:{&quot;unit&quot;:&quot;px&quot;,&quot;size&quot;:&quot;&quot;,&quot;sizes&quot;:[]},&quot;classic_row_gap_tablet&quot;:{&quot;unit&quot;:&quot;px&quot;,&quot;size&quot;:&quot;&quot;,&quot;sizes&quot;:[]},&quot;classic_row_gap_mobile&quot;:{&quot;unit&quot;:&quot;px&quot;,&quot;size&quot;:&quot;&quot;,&quot;sizes&quot;:[]}}\" data-widget_type=\"posts.classic\">\n\t\t\t\t<div class=\"elementor-widget-container\">\n\t\t\t\t\t\t\t<div class=\"elementor-posts-container elementor-posts elementor-posts--skin-classic elementor-grid\" role=\"list\">\n\t\t\t\t<article class=\"elementor-post elementor-grid-item post-30109 post type-post status-publish format-standard has-post-thumbnail hentry category-fortbildungen category-news category-vermittlung tag-fortbildung tag-multiplikator tag-rechtsstaat tag-sfrnews tag-thementage\" role=\"listitem\">\n\t\t\t\t<div class=\"elementor-post__text\">\n\t\t\t\t<h3 class=\"elementor-post__title\">\n\t\t\t<a href=\"https:\/\/stiftung-forum-recht.de\/en\/news\/im-rueckblick-thementage-justizvollzug\/\" >\n\t\t\t\tThementage zum Justizvollzug\t\t\t<\/a>\n\t\t<\/h3>\n\t\t\t\t<div class=\"elementor-post__meta-data\">\n\t\t\t\t\t<span class=\"elementor-post-date\">\n\t\t\t11. December 2024\t\t<\/span>\n\t\t\t\t<\/div>\n\t\t\t\t<div class=\"elementor-post__excerpt\">\n\t\t\t<p>Die Auftaktveranstaltungen zum neuen Fortbildungsangebot \u201eThementage&#8220; boten am 29. November sowie 06. Dezember 2024 spannende Einblicke in den Justizvollzug in Bruchsal und D\u00fcsseldorf. <\/p>\n\t\t<\/div>\n\t\t\n\t\t<a class=\"elementor-post__read-more\" href=\"https:\/\/stiftung-forum-recht.de\/en\/news\/im-rueckblick-thementage-justizvollzug\/\" aria-label=\"Read more about Thementage zum Justizvollzug\" tabindex=\"-1\" >\n\t\t\tWeiterlesen \u00bb\t\t<\/a>\n\n\t\t\t\t<\/div>\n\t\t\t\t<\/article>\n\t\t\t\t<\/div>\n\t\t\n\t\t\t\t\t\t<\/div>\n\t\t\t\t<\/div>\n\t\t\t\t\t<\/div>\n\t\t\t\t<\/div>\n\t\t\t\t<\/div>\n\t\t","protected":false},"excerpt":{"rendered":"<p>On June 5, 2025, the next theme day on the topic of the correctional system will take place at the Halle\/Saale Correctional Facility. The training session will address the complex topics of the correctional system, punishment, and the administration of criminal justice. <\/p>","protected":false},"author":27,"featured_media":33949,"comment_status":"open","ping_status":"open","sticky":false,"template":"","format":"standard","meta":{"_acf_changed":false,"neve_meta_sidebar":"","neve_meta_container":"","neve_meta_enable_content_width":"","neve_meta_content_width":0,"neve_meta_title_alignment":"","neve_meta_author_avatar":"","neve_post_elements_order":"","neve_meta_disable_header":"","neve_meta_disable_footer":"","neve_meta_disable_title":"","_themeisle_gutenberg_block_has_review":false,"footnotes":""},"categories":[8,27],"tags":[23],"class_list":["post-30930","post","type-post","status-publish","format-standard","has-post-thumbnail","hentry","category-news","category-vermittlung","tag-sfrnews"],"acf":[],"yoast_head":"<!-- This site is optimized with the Yoast SEO plugin v28.3 - https:\/\/yoast.com\/product\/yoast-seo-wordpress\/ -->\n<title>Thementag Justizvollzug | Stiftung Forum Recht<\/title>\n<meta name=\"description\" content=\"Justizvollzug, Strafe und Strafrechtspflege: Am 5. Juni 2025 f\u00fchrt der Thementag der Stiftung Forum Recht an die JVA Halle\/Saale.\" \/>\n<meta name=\"robots\" content=\"index, follow, max-snippet:-1, max-image-preview:large, max-video-preview:-1\" \/>\n<link rel=\"canonical\" href=\"https:\/\/stiftung-forum-recht.de\/en\/news\/theme-day-on-the-correctional-system\/\" \/>\n<meta property=\"og:locale\" content=\"en_US\" \/>\n<meta property=\"og:type\" content=\"article\" \/>\n<meta property=\"og:title\" content=\"Thementag Justizvollzug | Stiftung Forum Recht\" \/>\n<meta property=\"og:description\" content=\"Justizvollzug, Strafe und Strafrechtspflege: Am 5. Juni 2025 f\u00fchrt der Thementag der Stiftung Forum Recht an die JVA Halle\/Saale.\" \/>\n<meta property=\"og:url\" content=\"https:\/\/stiftung-forum-recht.de\/en\/news\/theme-day-on-the-correctional-system\/\" \/>\n<meta property=\"og:site_name\" content=\"Stiftung Forum Recht\" \/>\n<meta property=\"article:published_time\" content=\"2025-04-04T09:05:58+00:00\" \/>\n<meta property=\"article:modified_time\" content=\"2025-06-05T13:55:58+00:00\" \/>\n<meta property=\"og:image\" content=\"https:\/\/stiftung-forum-recht.de\/wp-content\/uploads\/2025\/04\/jail-4759939_1280.jpg\" \/>\n\t<meta property=\"og:image:width\" content=\"1280\" \/>\n\t<meta property=\"og:image:height\" content=\"853\" \/>\n\t<meta property=\"og:image:type\" content=\"image\/jpeg\" \/>\n<meta name=\"author\" content=\"Romy Klemm\" \/>\n<meta name=\"twitter:card\" content=\"summary_large_image\" \/>\n<meta name=\"twitter:label1\" content=\"Written by\" \/>\n\t<meta name=\"twitter:data1\" content=\"Romy Klemm\" \/>\n\t<meta name=\"twitter:label2\" content=\"Est. reading time\" \/>\n\t<meta name=\"twitter:data2\" content=\"4 minutes\" \/>\n<!-- \/ Yoast SEO plugin. -->","yoast_head_json":{"title":"Correctional System Theme Day | Forum Recht Foundation","description":"Correctional System, Punishment, and the Administration of Criminal Justice: On June 5, 2025, the Forum Recht Foundation will host a theme day at the Halle\/Saale Correctional Facility.","robots":{"index":"index","follow":"follow","max-snippet":"max-snippet:-1","max-image-preview":"max-image-preview:large","max-video-preview":"max-video-preview:-1"},"canonical":"https:\/\/stiftung-forum-recht.de\/en\/news\/theme-day-on-the-correctional-system\/","og_locale":"en_US","og_type":"article","og_title":"Thementag Justizvollzug | Stiftung Forum Recht","og_description":"Justizvollzug, Strafe und Strafrechtspflege: Am 5. Juni 2025 f\u00fchrt der Thementag der Stiftung Forum Recht an die JVA Halle\/Saale.","og_url":"https:\/\/stiftung-forum-recht.de\/en\/news\/theme-day-on-the-correctional-system\/","og_site_name":"Stiftung Forum Recht","article_published_time":"2025-04-04T09:05:58+00:00","article_modified_time":"2025-06-05T13:55:58+00:00","og_image":[{"width":1280,"height":853,"url":"https:\/\/stiftung-forum-recht.de\/wp-content\/uploads\/2025\/04\/jail-4759939_1280.jpg","type":"image\/jpeg"}],"author":"Romy Klemm","twitter_card":"summary_large_image","twitter_misc":{"Written by":"Romy Klemm","Est. reading time":"4 minutes"},"schema":{"@context":"https:\/\/schema.org","@graph":[{"@type":"Article","@id":"https:\/\/stiftung-forum-recht.de\/news\/thementag-justizvollzug\/#article","isPartOf":{"@id":"https:\/\/stiftung-forum-recht.de\/news\/thementag-justizvollzug\/"},"author":{"name":"Romy Klemm","@id":"https:\/\/stiftung-forum-recht.de\/#\/schema\/person\/8327c2c51c9bbd54e0e86a3c448bba10"},"headline":"Thementag Justizvollzug","datePublished":"2025-04-04T09:05:58+00:00","dateModified":"2025-06-05T13:55:58+00:00","mainEntityOfPage":{"@id":"https:\/\/stiftung-forum-recht.de\/news\/thementag-justizvollzug\/"},"wordCount":720,"commentCount":0,"publisher":{"@id":"https:\/\/stiftung-forum-recht.de\/#organization"},"image":{"@id":"https:\/\/stiftung-forum-recht.de\/news\/thementag-justizvollzug\/#primaryimage"},"thumbnailUrl":"https:\/\/stiftung-forum-recht.de\/wp-content\/uploads\/2025\/04\/jail-4759939_1280.jpg","keywords":["SFRNews"],"articleSection":["News","Vermittlung und Bildungsarbeit"],"inLanguage":"en-US","potentialAction":[{"@type":"CommentAction","name":"Comment","target":["https:\/\/stiftung-forum-recht.de\/news\/thementag-justizvollzug\/#respond"]}]},{"@type":"WebPage","@id":"https:\/\/stiftung-forum-recht.de\/news\/thementag-justizvollzug\/","url":"https:\/\/stiftung-forum-recht.de\/news\/thementag-justizvollzug\/","name":"Correctional System Theme Day | Forum Recht Foundation","isPartOf":{"@id":"https:\/\/stiftung-forum-recht.de\/#website"},"primaryImageOfPage":{"@id":"https:\/\/stiftung-forum-recht.de\/news\/thementag-justizvollzug\/#primaryimage"},"image":{"@id":"https:\/\/stiftung-forum-recht.de\/news\/thementag-justizvollzug\/#primaryimage"},"thumbnailUrl":"https:\/\/stiftung-forum-recht.de\/wp-content\/uploads\/2025\/04\/jail-4759939_1280.jpg","datePublished":"2025-04-04T09:05:58+00:00","dateModified":"2025-06-05T13:55:58+00:00","description":"Correctional System, Punishment, and the Administration of Criminal Justice: On June 5, 2025, the Forum Recht Foundation will host a theme day at the Halle\/Saale Correctional Facility.","breadcrumb":{"@id":"https:\/\/stiftung-forum-recht.de\/news\/thementag-justizvollzug\/#breadcrumb"},"inLanguage":"en-US","potentialAction":[{"@type":"ReadAction","target":["https:\/\/stiftung-forum-recht.de\/news\/thementag-justizvollzug\/"]}]},{"@type":"ImageObject","inLanguage":"en-US","@id":"https:\/\/stiftung-forum-recht.de\/news\/thementag-justizvollzug\/#primaryimage","url":"https:\/\/stiftung-forum-recht.de\/wp-content\/uploads\/2025\/04\/jail-4759939_1280.jpg","contentUrl":"https:\/\/stiftung-forum-recht.de\/wp-content\/uploads\/2025\/04\/jail-4759939_1280.jpg","width":1280,"height":853,"caption":"Ein Maschendrahtzaun vor blauem Himmel."},{"@type":"BreadcrumbList","@id":"https:\/\/stiftung-forum-recht.de\/news\/thementag-justizvollzug\/#breadcrumb","itemListElement":[{"@type":"ListItem","position":1,"name":"Startseite","item":"https:\/\/stiftung-forum-recht.de\/"},{"@type":"ListItem","position":2,"name":"Thementag Justizvollzug"}]},{"@type":"WebSite","@id":"https:\/\/stiftung-forum-recht.de\/#website","url":"https:\/\/stiftung-forum-recht.de\/","name":"Stiftung Forum Recht","description":"THE LAW FORUM","publisher":{"@id":"https:\/\/stiftung-forum-recht.de\/#organization"},"potentialAction":[{"@type":"SearchAction","target":{"@type":"EntryPoint","urlTemplate":"https:\/\/stiftung-forum-recht.de\/?s={search_term_string}"},"query-input":{"@type":"PropertyValueSpecification","valueRequired":true,"valueName":"search_term_string"}}],"inLanguage":"en-US"},{"@type":"Organization","@id":"https:\/\/stiftung-forum-recht.de\/#organization","name":"Stiftung Forum Recht","url":"https:\/\/stiftung-forum-recht.de\/","logo":{"@type":"ImageObject","inLanguage":"en-US","@id":"https:\/\/stiftung-forum-recht.de\/#\/schema\/logo\/image\/","url":"https:\/\/stiftung-forum-recht.de\/wp-content\/uploads\/2020\/10\/sfr-logo-2023.png","contentUrl":"https:\/\/stiftung-forum-recht.de\/wp-content\/uploads\/2020\/10\/sfr-logo-2023.png","width":200,"height":200,"caption":"Stiftung Forum Recht"},"image":{"@id":"https:\/\/stiftung-forum-recht.de\/#\/schema\/logo\/image\/"}},{"@type":"Person","@id":"https:\/\/stiftung-forum-recht.de\/#\/schema\/person\/8327c2c51c9bbd54e0e86a3c448bba10","name":"Romy Klemm","image":{"@type":"ImageObject","inLanguage":"en-US","@id":"https:\/\/secure.gravatar.com\/avatar\/7bf650052447ea004daba80791cf7b2155ff501a0e7676347dd4d11b053b8d51?s=96&d=mm&r=g","url":"https:\/\/secure.gravatar.com\/avatar\/7bf650052447ea004daba80791cf7b2155ff501a0e7676347dd4d11b053b8d51?s=96&d=mm&r=g","contentUrl":"https:\/\/secure.gravatar.com\/avatar\/7bf650052447ea004daba80791cf7b2155ff501a0e7676347dd4d11b053b8d51?s=96&d=mm&r=g","caption":"Romy Klemm"},"url":"https:\/\/stiftung-forum-recht.de\/en\/author\/onlineredakteurin\/"}]}},"meta_box":[],"_links":{"self":[{"href":"https:\/\/stiftung-forum-recht.de\/en\/wp-json\/wp\/v2\/posts\/30930","targetHints":{"allow":["GET"]}}],"collection":[{"href":"https:\/\/stiftung-forum-recht.de\/en\/wp-json\/wp\/v2\/posts"}],"about":[{"href":"https:\/\/stiftung-forum-recht.de\/en\/wp-json\/wp\/v2\/types\/post"}],"author":[{"embeddable":true,"href":"https:\/\/stiftung-forum-recht.de\/en\/wp-json\/wp\/v2\/users\/27"}],"replies":[{"embeddable":true,"href":"https:\/\/stiftung-forum-recht.de\/en\/wp-json\/wp\/v2\/comments?post=30930"}],"version-history":[{"count":0,"href":"https:\/\/stiftung-forum-recht.de\/en\/wp-json\/wp\/v2\/posts\/30930\/revisions"}],"wp:featuredmedia":[{"embeddable":true,"href":"https:\/\/stiftung-forum-recht.de\/en\/wp-json\/wp\/v2\/media\/33949"}],"wp:attachment":[{"href":"https:\/\/stiftung-forum-recht.de\/en\/wp-json\/wp\/v2\/media?parent=30930"}],"wp:term":[{"taxonomy":"category","embeddable":true,"href":"https:\/\/stiftung-forum-recht.de\/en\/wp-json\/wp\/v2\/categories?post=30930"},{"taxonomy":"post_tag","embeddable":true,"href":"https:\/\/stiftung-forum-recht.de\/en\/wp-json\/wp\/v2\/tags?post=30930"}],"curies":[{"name":"wp","href":"https:\/\/api.w.org\/{rel}","templated":true}]}}