{"id":21626,"date":"2024-02-29T10:17:05","date_gmt":"2024-02-29T09:17:05","guid":{"rendered":"https:\/\/stiftung-forum-recht.de\/?p=21626"},"modified":"2025-12-02T10:32:37","modified_gmt":"2025-12-02T09:32:37","slug":"panel-discussion-poland-after-the-parliamentary-elections","status":"publish","type":"post","link":"https:\/\/stiftung-forum-recht.de\/en\/pressemitteilung\/podiumsdiskussion-polen-nach-den-parlamentswahlen\/","title":{"rendered":"Panel Discussion: Poland After the Parliamentary Elections"},"content":{"rendered":"<div data-elementor-type=\"wp-post\" data-elementor-id=\"21626\" class=\"elementor elementor-21626\" data-elementor-post-type=\"post\">\n\t\t\t\t<div data-particle_enable=\"false\" data-particle-mobile-disabled=\"false\" class=\"elementor-element elementor-element-5f87549 slidercontainer e-flex e-con-boxed e-con e-parent\" data-id=\"5f87549\" data-element_type=\"container\" data-e-type=\"container\" data-settings=\"{&quot;shape_divider_bottom&quot;:&quot;tilt&quot;}\">\n\t\t\t\t\t<div class=\"e-con-inner\">\n\t\t\t\t<div class=\"elementor-shape elementor-shape-bottom\" aria-hidden=\"true\" data-negative=\"false\">\n\t\t\t<svg xmlns=\"http:\/\/www.w3.org\/2000\/svg\" viewbox=\"0 0 1000 100\" preserveaspectratio=\"none\">\n\t<path class=\"elementor-shape-fill\" d=\"M0,6V0h1000v100L0,6z\"\/>\n<\/svg>\t\t<\/div>\n\t\t\t\t<div class=\"elementor-element elementor-element-a5698fa elementor-widget elementor-widget-template\" data-id=\"a5698fa\" data-element_type=\"widget\" data-e-type=\"widget\" data-widget_type=\"template.default\">\n\t\t\t\t<div class=\"elementor-widget-container\">\n\t\t\t\t\t\t\t<div class=\"elementor-template\">\n\t\t\t\t\t<div data-elementor-type=\"container\" data-elementor-id=\"15844\" class=\"elementor elementor-15844\" data-elementor-post-type=\"elementor_library\">\n\t\t\t\t<div data-particle_enable=\"false\" data-particle-mobile-disabled=\"false\" class=\"elementor-element elementor-element-9a7825a e-con-full slidercontainer e-transform e-flex e-con e-parent\" data-id=\"9a7825a\" data-element_type=\"container\" data-e-type=\"container\" data-settings=\"{&quot;background_background&quot;:&quot;classic&quot;,&quot;shape_divider_bottom&quot;:&quot;tilt&quot;,&quot;_transform_skewX_effect&quot;:{&quot;unit&quot;:&quot;px&quot;,&quot;size&quot;:&quot;&quot;,&quot;sizes&quot;:[]},&quot;_transform_skewX_effect_widescreen&quot;:{&quot;unit&quot;:&quot;deg&quot;,&quot;size&quot;:&quot;&quot;,&quot;sizes&quot;:[]},&quot;_transform_skewX_effect_laptop&quot;:{&quot;unit&quot;:&quot;deg&quot;,&quot;size&quot;:&quot;&quot;,&quot;sizes&quot;:[]},&quot;_transform_skewX_effect_tablet_extra&quot;:{&quot;unit&quot;:&quot;deg&quot;,&quot;size&quot;:&quot;&quot;,&quot;sizes&quot;:[]},&quot;_transform_skewX_effect_tablet&quot;:{&quot;unit&quot;:&quot;deg&quot;,&quot;size&quot;:&quot;&quot;,&quot;sizes&quot;:[]},&quot;_transform_skewX_effect_mobile&quot;:{&quot;unit&quot;:&quot;deg&quot;,&quot;size&quot;:&quot;&quot;,&quot;sizes&quot;:[]},&quot;_transform_skewY_effect&quot;:{&quot;unit&quot;:&quot;px&quot;,&quot;size&quot;:&quot;&quot;,&quot;sizes&quot;:[]},&quot;_transform_skewY_effect_widescreen&quot;:{&quot;unit&quot;:&quot;deg&quot;,&quot;size&quot;:&quot;&quot;,&quot;sizes&quot;:[]},&quot;_transform_skewY_effect_laptop&quot;:{&quot;unit&quot;:&quot;deg&quot;,&quot;size&quot;:&quot;&quot;,&quot;sizes&quot;:[]},&quot;_transform_skewY_effect_tablet_extra&quot;:{&quot;unit&quot;:&quot;deg&quot;,&quot;size&quot;:&quot;&quot;,&quot;sizes&quot;:[]},&quot;_transform_skewY_effect_tablet&quot;:{&quot;unit&quot;:&quot;deg&quot;,&quot;size&quot;:&quot;&quot;,&quot;sizes&quot;:[]},&quot;_transform_skewY_effect_mobile&quot;:{&quot;unit&quot;:&quot;deg&quot;,&quot;size&quot;:&quot;&quot;,&quot;sizes&quot;:[]}}\">\n\t\t\t\t<div class=\"elementor-shape elementor-shape-bottom\" aria-hidden=\"true\" data-negative=\"false\">\n\t\t\t<svg xmlns=\"http:\/\/www.w3.org\/2000\/svg\" viewbox=\"0 0 1000 100\" preserveaspectratio=\"none\">\n\t<path class=\"elementor-shape-fill\" d=\"M0,6V0h1000v100L0,6z\"\/>\n<\/svg>\t\t<\/div>\n\t\t\t\t<\/div>\n\t\t\t\t<\/div>\n\t\t\t\t<\/div>\n\t\t\t\t\t\t<\/div>\n\t\t\t\t<\/div>\n\t\t\t\t\t<\/div>\n\t\t\t\t<\/div>\n\t\t\t\t<section data-particle_enable=\"false\" data-particle-mobile-disabled=\"false\" class=\"elementor-section elementor-top-section elementor-element elementor-element-e989b8f elementor-section-boxed elementor-section-height-default elementor-section-height-default\" data-id=\"e989b8f\" data-element_type=\"section\" data-e-type=\"section\">\n\t\t\t\t\t\t<div class=\"elementor-container elementor-column-gap-default\">\n\t\t\t\t\t<div class=\"elementor-column elementor-col-100 elementor-top-column elementor-element elementor-element-b133490\" data-id=\"b133490\" data-element_type=\"column\" data-e-type=\"column\">\n\t\t\t<div class=\"elementor-widget-wrap elementor-element-populated\">\n\t\t\t\t\t\t<div class=\"elementor-element elementor-element-7a3a580 elementor-widget elementor-widget-text-editor\" data-id=\"7a3a580\" data-element_type=\"widget\" data-e-type=\"widget\" data-widget_type=\"text-editor.default\">\n\t\t\t\t\t\t\t\t\t<p>February 29, 2024<\/p>\t\t\t\t\t\t\t\t<\/div>\n\t\t\t\t<div class=\"elementor-element elementor-element-4d88bfa elementor-widget__width-initial elementor-widget elementor-widget-text-editor\" data-id=\"4d88bfa\" data-element_type=\"widget\" data-e-type=\"widget\" data-widget_type=\"text-editor.default\">\n\t\t\t\t\t\t\t\t\t<h1>Poland After the Parliamentary Elections: How Can the Rule of Law Be Restored?<\/h1>\t\t\t\t\t\t\t\t<\/div>\n\t\t\t\t<div class=\"elementor-element elementor-element-32f0d58 elementor-widget elementor-widget-spacer\" data-id=\"32f0d58\" data-element_type=\"widget\" data-e-type=\"widget\" data-widget_type=\"spacer.default\">\n\t\t\t\t\t\t\t<div class=\"elementor-spacer\">\n\t\t\t<div class=\"elementor-spacer-inner\"><\/div>\n\t\t<\/div>\n\t\t\t\t\t\t<\/div>\n\t\t\t\t\t<\/div>\n\t\t<\/div>\n\t\t\t\t\t<\/div>\n\t\t<\/section>\n\t\t\t\t<section data-particle_enable=\"false\" data-particle-mobile-disabled=\"false\" class=\"elementor-section elementor-top-section elementor-element elementor-element-6fb6a53 elementor-section-boxed elementor-section-height-default elementor-section-height-default\" data-id=\"6fb6a53\" data-element_type=\"section\" data-e-type=\"section\">\n\t\t\t\t\t\t<div class=\"elementor-container elementor-column-gap-default\">\n\t\t\t\t\t<div class=\"elementor-column elementor-col-100 elementor-top-column elementor-element elementor-element-7acdbb9\" data-id=\"7acdbb9\" data-element_type=\"column\" data-e-type=\"column\">\n\t\t\t<div class=\"elementor-widget-wrap elementor-element-populated\">\n\t\t\t\t\t\t<div class=\"elementor-element elementor-element-1d86a68 elementor-widget elementor-widget-text-editor\" data-id=\"1d86a68\" data-element_type=\"widget\" data-e-type=\"widget\" data-widget_type=\"text-editor.default\">\n\t\t\t\t\t\t\t\t\t<p><strong>The Forum Recht Foundation is hosting a panel discussion in Leipzig on Thursday, March 7, 2024, and will bring together experts to examine how the independence of the judiciary can be restored following the change in government in Poland.<\/strong><\/p><p><strong>Leipzig.<\/strong> Just under three months after the new progressive governing coalition took office in Poland, Polish politics and society continue to face the challenge posed by the previous PiS government\u2019s significant erosion of the rule of law in the country. On March 7, 2024, at its offices in downtown Leipzig, the Forum Recht Foundation will host a discussion with guests from the judiciary, the media, and academia on how these changes can be reversed through means consistent with the rule of law.<\/p><p>After taking stock of how the situation for the judiciary in Poland has specifically changed following the parliamentary elections in October 2023, the discussion will focus on which instruments and measures under the rule of law are necessary to restore the independence of the judiciary. The moderated discussion will draw on legal and social science perspectives, contextualize current developments, and also examine the international context: What experiences from other countries could serve as a guide for the necessary steps in Poland?<\/p><p>Against the backdrop of discussions about protecting the German Federal Constitutional Court from the influence of extremist parties, the question also arises as to what risks to the rule of law in Germany might exist in comparison with Poland.<\/p><p>Panelists:\u00a0<\/p><ul><li><strong>Thomas Guddat<\/strong> (Judge at the Dresden Labor Court and Chair of the German-Polish Judges' Association)<\/li><li><strong>Viktoria Gro\u00dfmann<\/strong> (S\u00fcddeutsche Zeitung correspondent in Warsaw)<\/li><li><strong>Bastian Sendhardt<\/strong> (Political scientist, German Institute for Polish Studies)<\/li><li>Moderation: <strong>Susann B\u00f6ttcher<\/strong> (MDR)<\/li><li>\u00a0<\/li><li>Welcome Message: <strong>Mathias Weilandt<\/strong> (State Secretary in the Saxon State Ministry of Justice and for Democracy, Europe, and Equality)<\/li><\/ul><p>The event is being held in cooperation with the associations Neue Richtervereinigung e.V. and Deutsch-Polnische Richtervereinigung e.V. and will be livestreamed: <a href=\"https:\/\/stiftung-forum-recht.de\/themen\/ausstellung-sprawiedliwosc\"><strong>https:\/\/stiftung-forum-recht.de\/themen\/ausstellung-sprawiedliwosc<\/strong><\/a><\/p><p>Admission is free.<\/p><p><strong>Background: The PiS and judicial reform in Poland<\/strong><\/p><p>The national-conservative government of the PiS party (\u201e<em>Prawo i Sprawiedliwo\u015b\u0107\" <\/em>\/ \u201eLaw and Justice\u201c) fundamentally restructured the Polish judicial system between 2015 and 2023. Among other things, in 2016 it merged the office of Minister of Justice with that of Prosecutor General, thereby turning the public prosecutor\u2019s offices into an extension of the government. Prosecutors who did not carry out their duties in line with the ruling party\u2019s agenda now faced the prospect of being forcibly transferred or even removed from office. In 2018, the government also established a disciplinary chamber to remove unwelcome judges from the courts. In doing so, the PiS effectively abolished the independence of the judiciary in Poland.<\/p><p><strong>Panel Discussion as Part of the Photo Exhibition's Accompanying Program<\/strong><\/p><p>The event is part of the accompanying program for the photo exhibition SPRAWIEDLIWO\u015a\u0106 \u2013 GERECHTIGKEIT, which will be on view through April 7, 2024, at the Forum Recht Foundation in Karlsruhe and, with a small selection, also at the foundation\u2019s Leipzig location. In this photo project, Polish photographer Piotr W\u00f3jcik documents the resistance of judges, prosecutors, and defense attorneys against the erosion of the rule of law in Poland. Through portraits, he introduces people who, because of their perseverance, faced reprisals from Poland\u2019s recently ousted national-conservative government. In the year marking the anniversary of the Basic Law, the exhibition demonstrates that the rule of law cannot be taken for granted, either at home or abroad.<\/p><p>After stops in Warsaw and The Hague, the international photo exhibition is now on view in Germany for the first time. The exhibition SPRAWIEDLIWO\u015a\u0106 \u2013 GERECHTIGKEIT is a collaboration between the Forum Recht Foundation and Fundacja Picture Doc Warsaw.<\/p>\t\t\t\t\t\t\t\t<\/div>\n\t\t\t\t\t<\/div>\n\t\t<\/div>\n\t\t\t\t\t<\/div>\n\t\t<\/section>\n\t\t<div data-particle_enable=\"false\" data-particle-mobile-disabled=\"false\" class=\"elementor-element elementor-element-5977b27 e-flex e-con-boxed e-con e-parent\" data-id=\"5977b27\" data-element_type=\"container\" data-e-type=\"container\">\n\t\t\t\t\t<div class=\"e-con-inner\">\n\t\t\t\t<div class=\"elementor-element elementor-element-a29a2e9 elementor-widget elementor-widget-heading\" data-id=\"a29a2e9\" data-element_type=\"widget\" data-e-type=\"widget\" data-widget_type=\"heading.default\">\n\t\t\t\t\t<h2 class=\"elementor-heading-title elementor-size-default\">Info at a glance<\/h2>\t\t\t\t<\/div>\n\t\t\t\t<div class=\"elementor-element elementor-element-da00c0a elementor-widget elementor-widget-text-editor\" data-id=\"da00c0a\" data-element_type=\"widget\" data-e-type=\"widget\" data-widget_type=\"text-editor.default\">\n\t\t\t\t\t\t\t\t\t<p><strong>PANEL DISCUSSION: \u201ePOLAND AFTER THE PARLIAMENTARY ELECTIONS: HOW CAN THE RULE OF LAW BE RESTORED?\u201c<\/strong><\/p><p><strong>Location:<\/strong> Stiftung Forum Recht, Universit\u00e4tsstra\u00dfe 20, 04109 Leipzig<\/p><p><strong>Date:<\/strong> Thursday, March 7, 2024, 7:00 p.m., doors open at 6:30 p.m.<\/p><p><strong>Admission:<\/strong> Admission is free; registration is not required.<\/p><p><strong>Event partners:<\/strong> New Judges' Association, Inc. and German-Polish Judges' Association, Inc.<\/p><p><strong>Live stream and more information:<\/strong> <a href=\"https:\/\/stiftung-forum-recht.de\/themen\/ausstellung-sprawiedliwosc\/%20\"><strong>www.stiftung-forum-recht.de\/themen\/ausstellung-sprawiedliwosc\/<\/strong><\/a><\/p>\t\t\t\t\t\t\t\t<\/div>\n\t\t\t\t\t<\/div>\n\t\t\t\t<\/div>\n\t\t<div data-particle_enable=\"false\" data-particle-mobile-disabled=\"false\" class=\"elementor-element elementor-element-823c46a e-flex e-con-boxed e-con e-parent\" data-id=\"823c46a\" data-element_type=\"container\" data-e-type=\"container\">\n\t\t\t\t\t<div class=\"e-con-inner\">\n\t\t<div data-particle_enable=\"false\" data-particle-mobile-disabled=\"false\" class=\"elementor-element elementor-element-e628752 e-con-full e-flex e-con e-child\" data-id=\"e628752\" data-element_type=\"container\" data-e-type=\"container\">\n\t\t\t\t<div class=\"elementor-element elementor-element-a1febca elementor-widget elementor-widget-text-editor\" data-id=\"a1febca\" data-element_type=\"widget\" data-e-type=\"widget\" data-widget_type=\"text-editor.default\">\n\t\t\t\t\t\t\t\t\t<p><strong>Press contact<br \/><\/strong><\/p><div class=\"elementor-column elementor-col-50 elementor-inner-column elementor-element elementor-element-43f34c5\" data-id=\"43f34c5\" data-element_type=\"column\"><div class=\"elementor-widget-wrap elementor-element-populated\"><div class=\"elementor-element elementor-element-931e011 elementor-widget elementor-widget-text-editor\" data-id=\"931e011\" data-element_type=\"widget\" data-widget_type=\"text-editor.default\"><div class=\"elementor-widget-container\"><p>Charlotte Gro\u00dfmann<br \/>Deputy Head of Press and <br \/>Public Relations<\/p><p>Phone +49 (0)176 57992906 <br \/><strong><a href=\"mailto:presse@stiftung-forum-recht.de\">presse@stiftung-forum-recht.de<\/a><\/strong><br \/><strong><a href=\"https:\/\/stiftung-forum-recht.de\/\" target=\"_blank\" rel=\"noopener\">www.stiftung-forum-recht.de<\/a><\/strong><\/p><\/div><\/div><\/div><\/div>\t\t\t\t\t\t\t\t<\/div>\n\t\t\t\t<\/div>\n\t\t<div data-particle_enable=\"false\" data-particle-mobile-disabled=\"false\" class=\"elementor-element elementor-element-0a5453c e-con-full e-flex e-con e-child\" data-id=\"0a5453c\" data-element_type=\"container\" data-e-type=\"container\">\n\t\t\t\t<div class=\"elementor-element elementor-element-53e1c1c elementor-widget elementor-widget-button\" data-id=\"53e1c1c\" data-element_type=\"widget\" data-e-type=\"widget\" data-widget_type=\"button.default\">\n\t\t\t\t\t\t\t\t\t\t<a class=\"elementor-button elementor-size-md\" role=\"button\">\n\t\t\t\t\t\t<span class=\"elementor-button-content-wrapper\">\n\t\t\t\t\t\t\t\t\t<span class=\"elementor-button-text\">Download press release as PDF<\/span>\n\t\t\t\t\t<\/span>\n\t\t\t\t\t<\/a>\n\t\t\t\t\t\t\t\t<\/div>\n\t\t\t\t<\/div>\n\t\t\t\t\t<\/div>\n\t\t\t\t<\/div>\n\t\t<div data-particle_enable=\"false\" data-particle-mobile-disabled=\"false\" class=\"elementor-element elementor-element-396f98b e-flex e-con-boxed e-con e-parent\" data-id=\"396f98b\" data-element_type=\"container\" data-e-type=\"container\">\n\t\t\t\t\t<div class=\"e-con-inner\">\n\t\t\t\t<div class=\"elementor-element elementor-element-a2934c4 elementor-widget elementor-widget-heading\" data-id=\"a2934c4\" data-element_type=\"widget\" data-e-type=\"widget\" data-widget_type=\"heading.default\">\n\t\t\t\t\t<h2 class=\"elementor-heading-title elementor-size-default\">Image material<\/h2>\t\t\t\t<\/div>\n\t\t\t\t<div class=\"elementor-element elementor-element-8590954 elementor-widget elementor-widget-text-editor\" data-id=\"8590954\" data-element_type=\"widget\" data-e-type=\"widget\" data-widget_type=\"text-editor.default\">\n\t\t\t\t\t\t\t\t\t<p>The press photos can be downloaded here and used for editorial purposes in conjunction with the Stiftung Forum Recht, stating the copyright\u00a0<em>Photo: Felix Gr\u00fcnschlo\u00df<\/em>\u00a0resp.\u00a0<em>Photo: Iona Dutz<\/em>\u00a0free of charge.<\/p>\t\t\t\t\t\t\t\t<\/div>\n\t\t\t\t\t<\/div>\n\t\t\t\t<\/div>\n\t\t<div data-particle_enable=\"false\" data-particle-mobile-disabled=\"false\" class=\"elementor-element elementor-element-0de480d e-flex e-con-boxed e-con e-parent\" data-id=\"0de480d\" data-element_type=\"container\" data-e-type=\"container\">\n\t\t\t\t\t<div class=\"e-con-inner\">\n\t\t<div data-particle_enable=\"false\" data-particle-mobile-disabled=\"false\" class=\"elementor-element elementor-element-348ba80 e-con-full e-flex e-con e-child\" data-id=\"348ba80\" data-element_type=\"container\" data-e-type=\"container\">\n\t\t\t\t<div class=\"elementor-element elementor-element-672efa3 elementor-widget elementor-widget-image\" data-id=\"672efa3\" data-element_type=\"widget\" data-e-type=\"widget\" data-widget_type=\"image.default\">\n\t\t\t\t\t\t\t\t\t\t\t\t<figure class=\"wp-caption\">\n\t\t\t\t\t\t\t\t\t\t\t<a href=\"https:\/\/stiftung-forum-recht.de\/wp-content\/uploads\/2024\/02\/240216-SFR-postkarte-A6-diskussion-PF-1_page-0001.jpg\" data-elementor-open-lightbox=\"yes\" data-elementor-lightbox-title=\"Plakat Podiumsdiskussion Fotoausstellung 2024\" data-elementor-lightbox-description=\"Podiumsdiskussion in Leipzig, Gestaltung: Vreni Knoedler, Foto: Piotr W\u00f3jcik240216-SFR-postkarte-A6-diskussion-PF-1_page-0001.jpg\" data-e-action-hash=\"#elementor-action%3Aaction%3Dlightbox%26settings%3DeyJpZCI6MjE2MzksInVybCI6Imh0dHBzOlwvXC9zdGlmdHVuZy1mb3J1bS1yZWNodC5kZVwvd3AtY29udGVudFwvdXBsb2Fkc1wvMjAyNFwvMDJcLzI0MDIxNi1TRlItcG9zdGthcnRlLUE2LWRpc2t1c3Npb24tUEYtMV9wYWdlLTAwMDEuanBnIn0%3D\">\n\t\t\t\t\t\t\t<img fetchpriority=\"high\" decoding=\"async\" width=\"221\" height=\"300\" src=\"https:\/\/stiftung-forum-recht.de\/wp-content\/uploads\/2024\/02\/240216-SFR-postkarte-A6-diskussion-PF-1_page-0001-221x300.jpg\" class=\"attachment-medium size-medium wp-image-21639\" alt=\"Poster for the Panel Discussion and Photo Exhibition 2024\" srcset=\"https:\/\/stiftung-forum-recht.de\/wp-content\/uploads\/2024\/02\/240216-SFR-postkarte-A6-diskussion-PF-1_page-0001-221x300.jpg 221w, https:\/\/stiftung-forum-recht.de\/wp-content\/uploads\/2024\/02\/240216-SFR-postkarte-A6-diskussion-PF-1_page-0001-754x1024.jpg 754w, https:\/\/stiftung-forum-recht.de\/wp-content\/uploads\/2024\/02\/240216-SFR-postkarte-A6-diskussion-PF-1_page-0001-768x1044.jpg 768w, https:\/\/stiftung-forum-recht.de\/wp-content\/uploads\/2024\/02\/240216-SFR-postkarte-A6-diskussion-PF-1_page-0001-1130x1536.jpg 1130w, https:\/\/stiftung-forum-recht.de\/wp-content\/uploads\/2024\/02\/240216-SFR-postkarte-A6-diskussion-PF-1_page-0001.jpg 1416w\" sizes=\"(max-width: 221px) 100vw, 221px\" \/>\t\t\t\t\t\t\t\t<\/a>\n\t\t\t\t\t\t\t\t\t\t\t<figcaption class=\"widget-image-caption wp-caption-text\">Panel discussion in Leipzig, organized by Vreni Knoedler, photo by Piotr W\u00f3jcik<\/figcaption>\n\t\t\t\t\t\t\t\t\t\t<\/figure>\n\t\t\t\t\t\t\t\t\t<\/div>\n\t\t\t\t<\/div>\n\t\t<div data-particle_enable=\"false\" data-particle-mobile-disabled=\"false\" class=\"elementor-element elementor-element-445768f e-con-full e-flex e-con e-child\" data-id=\"445768f\" data-element_type=\"container\" data-e-type=\"container\">\n\t\t\t\t<div class=\"elementor-element elementor-element-1460a85 elementor-widget elementor-widget-image\" data-id=\"1460a85\" data-element_type=\"widget\" data-e-type=\"widget\" data-widget_type=\"image.default\">\n\t\t\t\t\t\t\t\t\t\t\t\t<figure class=\"wp-caption\">\n\t\t\t\t\t\t\t\t\t\t\t<a href=\"https:\/\/stiftung-forum-recht.de\/wp-content\/uploads\/2024\/02\/VG_1-scaled.jpg\" data-elementor-open-lightbox=\"yes\" data-elementor-lightbox-title=\"Portrait von Viktoria Gro\u00dfmann\" data-elementor-lightbox-description=\"Viktoria Gro\u00dfmann, Foto: Niels Joergensen\/SZ\" data-e-action-hash=\"#elementor-action%3Aaction%3Dlightbox%26settings%3DeyJpZCI6MjE1NzcsInVybCI6Imh0dHBzOlwvXC9zdGlmdHVuZy1mb3J1bS1yZWNodC5kZVwvd3AtY29udGVudFwvdXBsb2Fkc1wvMjAyNFwvMDJcL1ZHXzEtc2NhbGVkLmpwZyJ9\">\n\t\t\t\t\t\t\t<img decoding=\"async\" width=\"208\" height=\"300\" src=\"https:\/\/stiftung-forum-recht.de\/wp-content\/uploads\/2024\/02\/VG_1-208x300.jpg\" class=\"attachment-medium size-medium wp-image-21577\" alt=\"Portrait of Viktoria Gro\u00dfmann\" srcset=\"https:\/\/stiftung-forum-recht.de\/wp-content\/uploads\/2024\/02\/VG_1-208x300.jpg 208w, https:\/\/stiftung-forum-recht.de\/wp-content\/uploads\/2024\/02\/VG_1-710x1024.jpg 710w, https:\/\/stiftung-forum-recht.de\/wp-content\/uploads\/2024\/02\/VG_1-768x1107.jpg 768w, https:\/\/stiftung-forum-recht.de\/wp-content\/uploads\/2024\/02\/VG_1-1065x1536.jpg 1065w, https:\/\/stiftung-forum-recht.de\/wp-content\/uploads\/2024\/02\/VG_1-1421x2048.jpg 1421w, https:\/\/stiftung-forum-recht.de\/wp-content\/uploads\/2024\/02\/VG_1-scaled.jpg 1776w\" sizes=\"(max-width: 208px) 100vw, 208px\" \/>\t\t\t\t\t\t\t\t<\/a>\n\t\t\t\t\t\t\t\t\t\t\t<figcaption class=\"widget-image-caption wp-caption-text\">Viktoria Gro\u00dfmann, Photo: Niels Joergensen\/SZ<\/figcaption>\n\t\t\t\t\t\t\t\t\t\t<\/figure>\n\t\t\t\t\t\t\t\t\t<\/div>\n\t\t\t\t<\/div>\n\t\t<div data-particle_enable=\"false\" data-particle-mobile-disabled=\"false\" class=\"elementor-element elementor-element-7cb9361 e-con-full e-flex e-con e-child\" data-id=\"7cb9361\" data-element_type=\"container\" data-e-type=\"container\">\n\t\t\t\t<div class=\"elementor-element elementor-element-6adc387 elementor-widget elementor-widget-image\" data-id=\"6adc387\" data-element_type=\"widget\" data-e-type=\"widget\" data-widget_type=\"image.default\">\n\t\t\t\t\t\t\t\t\t\t\t\t<figure class=\"wp-caption\">\n\t\t\t\t\t\t\t\t\t\t\t<a href=\"https:\/\/stiftung-forum-recht.de\/wp-content\/uploads\/2024\/02\/Bild_Sendhardt.jpg\" data-elementor-open-lightbox=\"yes\" data-elementor-lightbox-title=\"Portrait von Sebastian Sendhardt\" data-elementor-lightbox-description=\"Sebastian Sendhardt, Foto: Sebastian Sendhardt\" data-e-action-hash=\"#elementor-action%3Aaction%3Dlightbox%26settings%3DeyJpZCI6MjE1NjcsInVybCI6Imh0dHBzOlwvXC9zdGlmdHVuZy1mb3J1bS1yZWNodC5kZVwvd3AtY29udGVudFwvdXBsb2Fkc1wvMjAyNFwvMDJcL0JpbGRfU2VuZGhhcmR0LmpwZyJ9\">\n\t\t\t\t\t\t\t<img decoding=\"async\" width=\"264\" height=\"303\" src=\"https:\/\/stiftung-forum-recht.de\/wp-content\/uploads\/2024\/02\/Bild_Sendhardt.jpg\" class=\"attachment-large size-large wp-image-21567\" alt=\"Portrait of Sebastian Sendhardt\" srcset=\"https:\/\/stiftung-forum-recht.de\/wp-content\/uploads\/2024\/02\/Bild_Sendhardt.jpg 264w, https:\/\/stiftung-forum-recht.de\/wp-content\/uploads\/2024\/02\/Bild_Sendhardt-261x300.jpg 261w\" sizes=\"(max-width: 264px) 100vw, 264px\" \/>\t\t\t\t\t\t\t\t<\/a>\n\t\t\t\t\t\t\t\t\t\t\t<figcaption class=\"widget-image-caption wp-caption-text\">Bastian Sendhardt, Photo: Bastian Sendhardt<\/figcaption>\n\t\t\t\t\t\t\t\t\t\t<\/figure>\n\t\t\t\t\t\t\t\t\t<\/div>\n\t\t\t\t<\/div>\n\t\t<div data-particle_enable=\"false\" data-particle-mobile-disabled=\"false\" class=\"elementor-element elementor-element-4aa294e e-con-full e-flex e-con e-child\" data-id=\"4aa294e\" data-element_type=\"container\" data-e-type=\"container\">\n\t\t\t\t<div class=\"elementor-element elementor-element-bcd4bb0 elementor-widget elementor-widget-image\" data-id=\"bcd4bb0\" data-element_type=\"widget\" data-e-type=\"widget\" data-widget_type=\"image.default\">\n\t\t\t\t\t\t\t\t\t\t\t\t<figure class=\"wp-caption\">\n\t\t\t\t\t\t\t\t\t\t\t<a href=\"https:\/\/stiftung-forum-recht.de\/wp-content\/uploads\/2024\/02\/PassBild-Thomas-001-scaled.jpg\" data-elementor-open-lightbox=\"yes\" data-elementor-lightbox-title=\"Portrait von Thomas Guddat\" data-e-action-hash=\"#elementor-action%3Aaction%3Dlightbox%26settings%3DeyJpZCI6MjE1NjksInVybCI6Imh0dHBzOlwvXC9zdGlmdHVuZy1mb3J1bS1yZWNodC5kZVwvd3AtY29udGVudFwvdXBsb2Fkc1wvMjAyNFwvMDJcL1Bhc3NCaWxkLVRob21hcy0wMDEtc2NhbGVkLmpwZyJ9\">\n\t\t\t\t\t\t\t<img loading=\"lazy\" decoding=\"async\" width=\"201\" height=\"300\" src=\"https:\/\/stiftung-forum-recht.de\/wp-content\/uploads\/2024\/02\/PassBild-Thomas-001-201x300.jpg\" class=\"attachment-medium size-medium wp-image-21569\" alt=\"Portrait of Thomas Guddat\" srcset=\"https:\/\/stiftung-forum-recht.de\/wp-content\/uploads\/2024\/02\/PassBild-Thomas-001-201x300.jpg 201w, https:\/\/stiftung-forum-recht.de\/wp-content\/uploads\/2024\/02\/PassBild-Thomas-001-685x1024.jpg 685w, https:\/\/stiftung-forum-recht.de\/wp-content\/uploads\/2024\/02\/PassBild-Thomas-001-768x1147.jpg 768w, https:\/\/stiftung-forum-recht.de\/wp-content\/uploads\/2024\/02\/PassBild-Thomas-001-1028x1536.jpg 1028w, https:\/\/stiftung-forum-recht.de\/wp-content\/uploads\/2024\/02\/PassBild-Thomas-001-1371x2048.jpg 1371w, https:\/\/stiftung-forum-recht.de\/wp-content\/uploads\/2024\/02\/PassBild-Thomas-001-scaled.jpg 1714w\" sizes=\"(max-width: 201px) 100vw, 201px\" \/>\t\t\t\t\t\t\t\t<\/a>\n\t\t\t\t\t\t\t\t\t\t\t<figcaption class=\"widget-image-caption wp-caption-text\">Thomas Guddat, Photo: SMJusDEG<\/figcaption>\n\t\t\t\t\t\t\t\t\t\t<\/figure>\n\t\t\t\t\t\t\t\t\t<\/div>\n\t\t\t\t<\/div>\n\t\t<div data-particle_enable=\"false\" data-particle-mobile-disabled=\"false\" class=\"elementor-element elementor-element-940dcb4 e-con-full e-flex e-con e-child\" data-id=\"940dcb4\" data-element_type=\"container\" data-e-type=\"container\">\n\t\t\t\t<div class=\"elementor-element elementor-element-6316a11 elementor-widget elementor-widget-image\" data-id=\"6316a11\" data-element_type=\"widget\" data-e-type=\"widget\" data-widget_type=\"image.default\">\n\t\t\t\t\t\t\t\t\t\t\t\t<figure class=\"wp-caption\">\n\t\t\t\t\t\t\t\t\t\t\t<a href=\"https:\/\/stiftung-forum-recht.de\/wp-content\/uploads\/2024\/02\/20230601-StiftungForumRecht-\u00a9IonaDutz-0201.jpg\" data-elementor-open-lightbox=\"yes\" data-e-action-hash=\"#elementor-action%3Aaction%3Dlightbox%26settings%3DeyJpZCI6MjEzMzcsInVybCI6ZmFsc2V9\">\n\t\t\t\t\t\t\t<img decoding=\"async\" src=\"https:\/\/stiftung-forum-recht.de\/wp-content\/uploads\/2024\/02\/20230601-StiftungForumRecht-\u00a9IonaDutz-0201.jpg\" title=\"\" alt=\"\" loading=\"lazy\" \/>\t\t\t\t\t\t\t\t<\/a>\n\t\t\t\t\t\t\t\t\t\t\t<figcaption class=\"widget-image-caption wp-caption-text\"><\/figcaption>\n\t\t\t\t\t\t\t\t\t\t<\/figure>\n\t\t\t\t\t\t\t\t\t<\/div>\n\t\t\t\t<\/div>\n\t\t<div data-particle_enable=\"false\" data-particle-mobile-disabled=\"false\" class=\"elementor-element elementor-element-22a319f e-con-full e-flex e-con e-child\" data-id=\"22a319f\" data-element_type=\"container\" data-e-type=\"container\">\n\t\t\t\t<div class=\"elementor-element elementor-element-d7bb1d7 elementor-widget elementor-widget-image\" data-id=\"d7bb1d7\" data-element_type=\"widget\" data-e-type=\"widget\" data-widget_type=\"image.default\">\n\t\t\t\t\t\t\t\t\t\t\t\t<figure class=\"wp-caption\">\n\t\t\t\t\t\t\t\t\t\t\t<a href=\"https:\/\/stiftung-forum-recht.de\/wp-content\/uploads\/2024\/02\/DSC_1526-scaled.jpg\" data-elementor-open-lightbox=\"yes\" data-elementor-lightbox-title=\"Susann B\u00f6ttcher\" data-elementor-lightbox-description=\"Susann B\u00f6ttcher, Foto: Falko Simon\" data-e-action-hash=\"#elementor-action%3Aaction%3Dlightbox%26settings%3DeyJpZCI6MjE1NjgsInVybCI6Imh0dHBzOlwvXC9zdGlmdHVuZy1mb3J1bS1yZWNodC5kZVwvd3AtY29udGVudFwvdXBsb2Fkc1wvMjAyNFwvMDJcL0RTQ18xNTI2LXNjYWxlZC5qcGcifQ%3D%3D\">\n\t\t\t\t\t\t\t<img loading=\"lazy\" decoding=\"async\" width=\"170\" height=\"300\" src=\"https:\/\/stiftung-forum-recht.de\/wp-content\/uploads\/2024\/02\/DSC_1526-170x300.jpg\" class=\"attachment-medium size-medium wp-image-21568\" alt=\"Susann B\u00f6ttcher on stage with a microphone; she is holding cue cards in her hand\" srcset=\"https:\/\/stiftung-forum-recht.de\/wp-content\/uploads\/2024\/02\/DSC_1526-170x300.jpg 170w, https:\/\/stiftung-forum-recht.de\/wp-content\/uploads\/2024\/02\/DSC_1526-579x1024.jpg 579w, https:\/\/stiftung-forum-recht.de\/wp-content\/uploads\/2024\/02\/DSC_1526-768x1359.jpg 768w, https:\/\/stiftung-forum-recht.de\/wp-content\/uploads\/2024\/02\/DSC_1526-868x1536.jpg 868w, https:\/\/stiftung-forum-recht.de\/wp-content\/uploads\/2024\/02\/DSC_1526-1158x2048.jpg 1158w, https:\/\/stiftung-forum-recht.de\/wp-content\/uploads\/2024\/02\/DSC_1526-scaled.jpg 1447w\" sizes=\"(max-width: 170px) 100vw, 170px\" \/>\t\t\t\t\t\t\t\t<\/a>\n\t\t\t\t\t\t\t\t\t\t\t<figcaption class=\"widget-image-caption wp-caption-text\">Susann B\u00f6ttcher, Photo: Falko Simon<\/figcaption>\n\t\t\t\t\t\t\t\t\t\t<\/figure>\n\t\t\t\t\t\t\t\t\t<\/div>\n\t\t\t\t<\/div>\n\t\t\t\t\t<\/div>\n\t\t\t\t<\/div>\n\t\t<div data-particle_enable=\"false\" data-particle-mobile-disabled=\"false\" class=\"elementor-element elementor-element-7e6c341 e-flex e-con-boxed e-con e-parent\" data-id=\"7e6c341\" data-element_type=\"container\" data-e-type=\"container\">\n\t\t\t\t\t<div class=\"e-con-inner\">\n\t\t\t\t<div class=\"elementor-element elementor-element-b66d817 elementor-widget elementor-widget-heading\" data-id=\"b66d817\" data-element_type=\"widget\" data-e-type=\"widget\" data-widget_type=\"heading.default\">\n\t\t\t\t\t<h2 class=\"elementor-heading-title elementor-size-default\">About the Photographer<\/h2>\t\t\t\t<\/div>\n\t\t\t\t<div class=\"elementor-element elementor-element-95c21ff elementor-widget elementor-widget-text-editor\" data-id=\"95c21ff\" data-element_type=\"widget\" data-e-type=\"widget\" data-widget_type=\"text-editor.default\">\n\t\t\t\t\t\t\t\t\t<p>Piotr W\u00f3jcik worked as a photojournalist and head of the photo department at the <em>Gazeta Wyborcza<\/em>, Poland\u2019s second-largest daily newspaper. He has been a university lecturer since 2011 and taught at the Film School in \u0141\u00f3d\u017a. He currently teaches at the Department of Documentary Film at the University of Warsaw. Together with Dominique Roynette, he founded the <em>Fundacja Picture Doc<\/em>, through which he has been developing and promoting documentary film and photography projects for over ten years. Piotr W\u00f3jcik is also the author of books and exhibitions, and his work focuses on social issues in Poland and the Roma community in Europe.<\/p>\t\t\t\t\t\t\t\t<\/div>\n\t\t\t\t\t<\/div>\n\t\t\t\t<\/div>\n\t\t\t\t<\/div>","protected":false},"excerpt":{"rendered":"<p>The Forum Recht Foundation is hosting a panel discussion in Leipzig on Thursday, March 7, 2024, and will bring together experts to examine how the independence of the judiciary can be restored following the change in government in Poland.<\/p>","protected":false},"author":27,"featured_media":22184,"comment_status":"open","ping_status":"open","sticky":false,"template":"","format":"standard","meta":{"_acf_changed":false,"neve_meta_sidebar":"","neve_meta_container":"","neve_meta_enable_content_width":"","neve_meta_content_width":0,"neve_meta_title_alignment":"","neve_meta_author_avatar":"","neve_post_elements_order":"","neve_meta_disable_header":"","neve_meta_disable_footer":"","neve_meta_disable_title":"","_themeisle_gutenberg_block_has_review":false,"footnotes":""},"categories":[53,57],"tags":[23],"class_list":["post-21626","post","type-post","status-publish","format-standard","has-post-thumbnail","hentry","category-pressemitteilung","category-57","tag-sfrnews"],"acf":[],"yoast_head":"<!-- This site is optimized with the Yoast SEO plugin v28.3 - https:\/\/yoast.com\/product\/yoast-seo-wordpress\/ -->\n<title>Podiumsdiskussion: Polen nach den Parlamentswahlen | Stiftung Forum Recht<\/title>\n<meta name=\"description\" content=\"Die Stiftung Forum Recht l\u00e4dt am Donnerstag, 07. M\u00e4rz 2024, zu einer Podiumsdiskussion in Leipzig ein und nimmt mit Expert:innen die Frage in den Blick, wie nach dem Regierungswechsel in Polen die Unabh\u00e4ngigkeit der Justiz wiederhergestellt werden kann.\" \/>\n<meta name=\"robots\" content=\"index, follow, max-snippet:-1, max-image-preview:large, max-video-preview:-1\" \/>\n<link rel=\"canonical\" href=\"https:\/\/stiftung-forum-recht.de\/en\/press-release\/panel-discussion-poland-after-the-parliamentary-elections\/\" \/>\n<meta property=\"og:locale\" content=\"en_US\" \/>\n<meta property=\"og:type\" content=\"article\" \/>\n<meta property=\"og:title\" content=\"Podiumsdiskussion: Polen nach den Parlamentswahlen | Stiftung Forum Recht\" \/>\n<meta property=\"og:description\" content=\"Die Stiftung Forum Recht l\u00e4dt am Donnerstag, 07. M\u00e4rz 2024, zu einer Podiumsdiskussion in Leipzig ein und nimmt mit Expert:innen die Frage in den Blick, wie nach dem Regierungswechsel in Polen die Unabh\u00e4ngigkeit der Justiz wiederhergestellt werden kann.\" \/>\n<meta property=\"og:url\" content=\"https:\/\/stiftung-forum-recht.de\/en\/press-release\/panel-discussion-poland-after-the-parliamentary-elections\/\" \/>\n<meta property=\"og:site_name\" content=\"Stiftung Forum Recht\" \/>\n<meta property=\"article:published_time\" content=\"2024-02-29T09:17:05+00:00\" \/>\n<meta property=\"article:modified_time\" content=\"2025-12-02T09:32:37+00:00\" \/>\n<meta property=\"og:image\" content=\"https:\/\/stiftung-forum-recht.de\/wp-content\/uploads\/2024\/04\/2024_03_07_Podiumsdiskussion_OEA-9.jpeg\" \/>\n\t<meta property=\"og:image:width\" content=\"2339\" \/>\n\t<meta property=\"og:image:height\" content=\"1775\" \/>\n\t<meta property=\"og:image:type\" content=\"image\/jpeg\" \/>\n<meta name=\"author\" content=\"Romy Klemm\" \/>\n<meta name=\"twitter:card\" content=\"summary_large_image\" \/>\n<meta name=\"twitter:label1\" content=\"Written by\" \/>\n\t<meta name=\"twitter:data1\" content=\"Romy Klemm\" \/>\n\t<meta name=\"twitter:label2\" content=\"Est. reading time\" \/>\n\t<meta name=\"twitter:data2\" content=\"4 minutes\" \/>\n<!-- \/ Yoast SEO plugin. -->","yoast_head_json":{"title":"Panel Discussion: Poland After the Parliamentary Elections | Forum Recht Foundation","description":"The Forum Recht Foundation is hosting a panel discussion in Leipzig on Thursday, March 7, 2024, and will bring together experts to examine how the independence of the judiciary can be restored following the change in government in Poland.","robots":{"index":"index","follow":"follow","max-snippet":"max-snippet:-1","max-image-preview":"max-image-preview:large","max-video-preview":"max-video-preview:-1"},"canonical":"https:\/\/stiftung-forum-recht.de\/en\/press-release\/panel-discussion-poland-after-the-parliamentary-elections\/","og_locale":"en_US","og_type":"article","og_title":"Podiumsdiskussion: Polen nach den Parlamentswahlen | Stiftung Forum Recht","og_description":"Die Stiftung Forum Recht l\u00e4dt am Donnerstag, 07. M\u00e4rz 2024, zu einer Podiumsdiskussion in Leipzig ein und nimmt mit Expert:innen die Frage in den Blick, wie nach dem Regierungswechsel in Polen die Unabh\u00e4ngigkeit der Justiz wiederhergestellt werden kann.","og_url":"https:\/\/stiftung-forum-recht.de\/en\/press-release\/panel-discussion-poland-after-the-parliamentary-elections\/","og_site_name":"Stiftung Forum Recht","article_published_time":"2024-02-29T09:17:05+00:00","article_modified_time":"2025-12-02T09:32:37+00:00","og_image":[{"width":2339,"height":1775,"url":"https:\/\/stiftung-forum-recht.de\/wp-content\/uploads\/2024\/04\/2024_03_07_Podiumsdiskussion_OEA-9.jpeg","type":"image\/jpeg"}],"author":"Romy Klemm","twitter_card":"summary_large_image","twitter_misc":{"Written by":"Romy Klemm","Est. reading time":"4 minutes"},"schema":{"@context":"https:\/\/schema.org","@graph":[{"@type":"Article","@id":"https:\/\/stiftung-forum-recht.de\/pressemitteilung\/podiumsdiskussion-polen-nach-den-parlamentswahlen\/#article","isPartOf":{"@id":"https:\/\/stiftung-forum-recht.de\/pressemitteilung\/podiumsdiskussion-polen-nach-den-parlamentswahlen\/"},"author":{"name":"Romy Klemm","@id":"https:\/\/stiftung-forum-recht.de\/#\/schema\/person\/8327c2c51c9bbd54e0e86a3c448bba10"},"headline":"Podiumsdiskussion: Polen nach den Parlamentswahlen","datePublished":"2024-02-29T09:17:05+00:00","dateModified":"2025-12-02T09:32:37+00:00","mainEntityOfPage":{"@id":"https:\/\/stiftung-forum-recht.de\/pressemitteilung\/podiumsdiskussion-polen-nach-den-parlamentswahlen\/"},"wordCount":840,"commentCount":0,"publisher":{"@id":"https:\/\/stiftung-forum-recht.de\/#organization"},"image":{"@id":"https:\/\/stiftung-forum-recht.de\/pressemitteilung\/podiumsdiskussion-polen-nach-den-parlamentswahlen\/#primaryimage"},"thumbnailUrl":"https:\/\/stiftung-forum-recht.de\/wp-content\/uploads\/2024\/04\/2024_03_07_Podiumsdiskussion_OEA-9.jpeg","keywords":["SFRNews"],"articleSection":["Pressemitteilungen","Pressemitteilungen 2024"],"inLanguage":"en-US","potentialAction":[{"@type":"CommentAction","name":"Comment","target":["https:\/\/stiftung-forum-recht.de\/pressemitteilung\/podiumsdiskussion-polen-nach-den-parlamentswahlen\/#respond"]}]},{"@type":"WebPage","@id":"https:\/\/stiftung-forum-recht.de\/pressemitteilung\/podiumsdiskussion-polen-nach-den-parlamentswahlen\/","url":"https:\/\/stiftung-forum-recht.de\/pressemitteilung\/podiumsdiskussion-polen-nach-den-parlamentswahlen\/","name":"Panel Discussion: Poland After the Parliamentary Elections | Forum Recht Foundation","isPartOf":{"@id":"https:\/\/stiftung-forum-recht.de\/#website"},"primaryImageOfPage":{"@id":"https:\/\/stiftung-forum-recht.de\/pressemitteilung\/podiumsdiskussion-polen-nach-den-parlamentswahlen\/#primaryimage"},"image":{"@id":"https:\/\/stiftung-forum-recht.de\/pressemitteilung\/podiumsdiskussion-polen-nach-den-parlamentswahlen\/#primaryimage"},"thumbnailUrl":"https:\/\/stiftung-forum-recht.de\/wp-content\/uploads\/2024\/04\/2024_03_07_Podiumsdiskussion_OEA-9.jpeg","datePublished":"2024-02-29T09:17:05+00:00","dateModified":"2025-12-02T09:32:37+00:00","description":"The Forum Recht Foundation is hosting a panel discussion in Leipzig on Thursday, March 7, 2024, and will bring together experts to examine how the independence of the judiciary can be restored following the change in government in Poland.","breadcrumb":{"@id":"https:\/\/stiftung-forum-recht.de\/pressemitteilung\/podiumsdiskussion-polen-nach-den-parlamentswahlen\/#breadcrumb"},"inLanguage":"en-US","potentialAction":[{"@type":"ReadAction","target":["https:\/\/stiftung-forum-recht.de\/pressemitteilung\/podiumsdiskussion-polen-nach-den-parlamentswahlen\/"]}]},{"@type":"ImageObject","inLanguage":"en-US","@id":"https:\/\/stiftung-forum-recht.de\/pressemitteilung\/podiumsdiskussion-polen-nach-den-parlamentswahlen\/#primaryimage","url":"https:\/\/stiftung-forum-recht.de\/wp-content\/uploads\/2024\/04\/2024_03_07_Podiumsdiskussion_OEA-9.jpeg","contentUrl":"https:\/\/stiftung-forum-recht.de\/wp-content\/uploads\/2024\/04\/2024_03_07_Podiumsdiskussion_OEA-9.jpeg","width":2339,"height":1775,"caption":"Aufnahme des Livestreams zur Podiumsdiskussion, Foto: Stiftung Forum Recht"},{"@type":"BreadcrumbList","@id":"https:\/\/stiftung-forum-recht.de\/pressemitteilung\/podiumsdiskussion-polen-nach-den-parlamentswahlen\/#breadcrumb","itemListElement":[{"@type":"ListItem","position":1,"name":"Startseite","item":"https:\/\/stiftung-forum-recht.de\/"},{"@type":"ListItem","position":2,"name":"Podiumsdiskussion: Polen nach den Parlamentswahlen"}]},{"@type":"WebSite","@id":"https:\/\/stiftung-forum-recht.de\/#website","url":"https:\/\/stiftung-forum-recht.de\/","name":"Stiftung Forum Recht","description":"THE LAW FORUM","publisher":{"@id":"https:\/\/stiftung-forum-recht.de\/#organization"},"potentialAction":[{"@type":"SearchAction","target":{"@type":"EntryPoint","urlTemplate":"https:\/\/stiftung-forum-recht.de\/?s={search_term_string}"},"query-input":{"@type":"PropertyValueSpecification","valueRequired":true,"valueName":"search_term_string"}}],"inLanguage":"en-US"},{"@type":"Organization","@id":"https:\/\/stiftung-forum-recht.de\/#organization","name":"Stiftung Forum Recht","url":"https:\/\/stiftung-forum-recht.de\/","logo":{"@type":"ImageObject","inLanguage":"en-US","@id":"https:\/\/stiftung-forum-recht.de\/#\/schema\/logo\/image\/","url":"https:\/\/stiftung-forum-recht.de\/wp-content\/uploads\/2020\/10\/sfr-logo-2023.png","contentUrl":"https:\/\/stiftung-forum-recht.de\/wp-content\/uploads\/2020\/10\/sfr-logo-2023.png","width":200,"height":200,"caption":"Stiftung Forum Recht"},"image":{"@id":"https:\/\/stiftung-forum-recht.de\/#\/schema\/logo\/image\/"}},{"@type":"Person","@id":"https:\/\/stiftung-forum-recht.de\/#\/schema\/person\/8327c2c51c9bbd54e0e86a3c448bba10","name":"Romy Klemm","image":{"@type":"ImageObject","inLanguage":"en-US","@id":"https:\/\/secure.gravatar.com\/avatar\/7bf650052447ea004daba80791cf7b2155ff501a0e7676347dd4d11b053b8d51?s=96&d=mm&r=g","url":"https:\/\/secure.gravatar.com\/avatar\/7bf650052447ea004daba80791cf7b2155ff501a0e7676347dd4d11b053b8d51?s=96&d=mm&r=g","contentUrl":"https:\/\/secure.gravatar.com\/avatar\/7bf650052447ea004daba80791cf7b2155ff501a0e7676347dd4d11b053b8d51?s=96&d=mm&r=g","caption":"Romy Klemm"},"url":"https:\/\/stiftung-forum-recht.de\/en\/author\/onlineredakteurin\/"}]}},"meta_box":[],"_links":{"self":[{"href":"https:\/\/stiftung-forum-recht.de\/en\/wp-json\/wp\/v2\/posts\/21626","targetHints":{"allow":["GET"]}}],"collection":[{"href":"https:\/\/stiftung-forum-recht.de\/en\/wp-json\/wp\/v2\/posts"}],"about":[{"href":"https:\/\/stiftung-forum-recht.de\/en\/wp-json\/wp\/v2\/types\/post"}],"author":[{"embeddable":true,"href":"https:\/\/stiftung-forum-recht.de\/en\/wp-json\/wp\/v2\/users\/27"}],"replies":[{"embeddable":true,"href":"https:\/\/stiftung-forum-recht.de\/en\/wp-json\/wp\/v2\/comments?post=21626"}],"version-history":[{"count":0,"href":"https:\/\/stiftung-forum-recht.de\/en\/wp-json\/wp\/v2\/posts\/21626\/revisions"}],"wp:featuredmedia":[{"embeddable":true,"href":"https:\/\/stiftung-forum-recht.de\/en\/wp-json\/wp\/v2\/media\/22184"}],"wp:attachment":[{"href":"https:\/\/stiftung-forum-recht.de\/en\/wp-json\/wp\/v2\/media?parent=21626"}],"wp:term":[{"taxonomy":"category","embeddable":true,"href":"https:\/\/stiftung-forum-recht.de\/en\/wp-json\/wp\/v2\/categories?post=21626"},{"taxonomy":"post_tag","embeddable":true,"href":"https:\/\/stiftung-forum-recht.de\/en\/wp-json\/wp\/v2\/tags?post=21626"}],"curies":[{"name":"wp","href":"https:\/\/api.w.org\/{rel}","templated":true}]}}