{"id":20866,"date":"2021-06-28T11:01:00","date_gmt":"2021-06-28T09:01:00","guid":{"rendered":"https:\/\/stiftung-forum-recht.de\/?p=20866"},"modified":"2024-12-23T12:13:31","modified_gmt":"2024-12-23T11:13:31","slug":"impulses-for-the-rule-of-law-digital-symposium-3-0","status":"publish","type":"post","link":"https:\/\/stiftung-forum-recht.de\/en\/pressemitteilung\/impulse-zum-rechtsstaat-digitales-symposium-3-0\/","title":{"rendered":"Impetus for the rule of law: Digital Symposium 3.0"},"content":{"rendered":"<div data-elementor-type=\"wp-post\" data-elementor-id=\"20866\" class=\"elementor elementor-20866\" data-elementor-post-type=\"post\">\n\t\t\t\t<div data-particle_enable=\"false\" data-particle-mobile-disabled=\"false\" class=\"elementor-element elementor-element-5f87549 slidercontainer e-flex e-con-boxed e-con e-parent\" data-id=\"5f87549\" data-element_type=\"container\" data-e-type=\"container\" data-settings=\"{&quot;shape_divider_bottom&quot;:&quot;tilt&quot;}\">\n\t\t\t\t\t<div class=\"e-con-inner\">\n\t\t\t\t<div class=\"elementor-shape elementor-shape-bottom\" aria-hidden=\"true\" data-negative=\"false\">\n\t\t\t<svg xmlns=\"http:\/\/www.w3.org\/2000\/svg\" viewbox=\"0 0 1000 100\" preserveaspectratio=\"none\">\n\t<path class=\"elementor-shape-fill\" d=\"M0,6V0h1000v100L0,6z\"\/>\n<\/svg>\t\t<\/div>\n\t\t\t\t<div class=\"elementor-element elementor-element-a5698fa elementor-widget elementor-widget-template\" data-id=\"a5698fa\" data-element_type=\"widget\" data-e-type=\"widget\" data-widget_type=\"template.default\">\n\t\t\t\t<div class=\"elementor-widget-container\">\n\t\t\t\t\t\t\t<div class=\"elementor-template\">\n\t\t\t\t\t<div data-elementor-type=\"container\" data-elementor-id=\"15844\" class=\"elementor elementor-15844\" data-elementor-post-type=\"elementor_library\">\n\t\t\t\t<div data-particle_enable=\"false\" data-particle-mobile-disabled=\"false\" class=\"elementor-element elementor-element-9a7825a e-con-full slidercontainer e-transform e-flex e-con e-parent\" data-id=\"9a7825a\" data-element_type=\"container\" data-e-type=\"container\" data-settings=\"{&quot;background_background&quot;:&quot;classic&quot;,&quot;shape_divider_bottom&quot;:&quot;tilt&quot;,&quot;_transform_skewX_effect&quot;:{&quot;unit&quot;:&quot;px&quot;,&quot;size&quot;:&quot;&quot;,&quot;sizes&quot;:[]},&quot;_transform_skewX_effect_widescreen&quot;:{&quot;unit&quot;:&quot;deg&quot;,&quot;size&quot;:&quot;&quot;,&quot;sizes&quot;:[]},&quot;_transform_skewX_effect_laptop&quot;:{&quot;unit&quot;:&quot;deg&quot;,&quot;size&quot;:&quot;&quot;,&quot;sizes&quot;:[]},&quot;_transform_skewX_effect_tablet_extra&quot;:{&quot;unit&quot;:&quot;deg&quot;,&quot;size&quot;:&quot;&quot;,&quot;sizes&quot;:[]},&quot;_transform_skewX_effect_tablet&quot;:{&quot;unit&quot;:&quot;deg&quot;,&quot;size&quot;:&quot;&quot;,&quot;sizes&quot;:[]},&quot;_transform_skewX_effect_mobile&quot;:{&quot;unit&quot;:&quot;deg&quot;,&quot;size&quot;:&quot;&quot;,&quot;sizes&quot;:[]},&quot;_transform_skewY_effect&quot;:{&quot;unit&quot;:&quot;px&quot;,&quot;size&quot;:&quot;&quot;,&quot;sizes&quot;:[]},&quot;_transform_skewY_effect_widescreen&quot;:{&quot;unit&quot;:&quot;deg&quot;,&quot;size&quot;:&quot;&quot;,&quot;sizes&quot;:[]},&quot;_transform_skewY_effect_laptop&quot;:{&quot;unit&quot;:&quot;deg&quot;,&quot;size&quot;:&quot;&quot;,&quot;sizes&quot;:[]},&quot;_transform_skewY_effect_tablet_extra&quot;:{&quot;unit&quot;:&quot;deg&quot;,&quot;size&quot;:&quot;&quot;,&quot;sizes&quot;:[]},&quot;_transform_skewY_effect_tablet&quot;:{&quot;unit&quot;:&quot;deg&quot;,&quot;size&quot;:&quot;&quot;,&quot;sizes&quot;:[]},&quot;_transform_skewY_effect_mobile&quot;:{&quot;unit&quot;:&quot;deg&quot;,&quot;size&quot;:&quot;&quot;,&quot;sizes&quot;:[]}}\">\n\t\t\t\t<div class=\"elementor-shape elementor-shape-bottom\" aria-hidden=\"true\" data-negative=\"false\">\n\t\t\t<svg xmlns=\"http:\/\/www.w3.org\/2000\/svg\" viewbox=\"0 0 1000 100\" preserveaspectratio=\"none\">\n\t<path class=\"elementor-shape-fill\" d=\"M0,6V0h1000v100L0,6z\"\/>\n<\/svg>\t\t<\/div>\n\t\t\t\t<\/div>\n\t\t\t\t<\/div>\n\t\t\t\t<\/div>\n\t\t\t\t\t\t<\/div>\n\t\t\t\t<\/div>\n\t\t\t\t\t<\/div>\n\t\t\t\t<\/div>\n\t\t\t\t<section data-particle_enable=\"false\" data-particle-mobile-disabled=\"false\" class=\"elementor-section elementor-top-section elementor-element elementor-element-e989b8f elementor-section-boxed elementor-section-height-default elementor-section-height-default\" data-id=\"e989b8f\" data-element_type=\"section\" data-e-type=\"section\">\n\t\t\t\t\t\t<div class=\"elementor-container elementor-column-gap-default\">\n\t\t\t\t\t<div class=\"elementor-column elementor-col-100 elementor-top-column elementor-element elementor-element-b133490\" data-id=\"b133490\" data-element_type=\"column\" data-e-type=\"column\">\n\t\t\t<div class=\"elementor-widget-wrap elementor-element-populated\">\n\t\t\t\t\t\t<div class=\"elementor-element elementor-element-1f7aad1 elementor-widget elementor-widget-global elementor-global-2429 elementor-widget-spacer\" data-id=\"1f7aad1\" data-element_type=\"widget\" data-e-type=\"widget\" data-widget_type=\"spacer.default\">\n\t\t\t\t\t\t\t<div class=\"elementor-spacer\">\n\t\t\t<div class=\"elementor-spacer-inner\"><\/div>\n\t\t<\/div>\n\t\t\t\t\t\t<\/div>\n\t\t\t\t<div class=\"elementor-element elementor-element-7a3a580 elementor-widget elementor-widget-text-editor\" data-id=\"7a3a580\" data-element_type=\"widget\" data-e-type=\"widget\" data-widget_type=\"text-editor.default\">\n\t\t\t\t\t\t\t\t\t<p>June 28, 2021<\/p>\t\t\t\t\t\t\t\t<\/div>\n\t\t\t\t<div class=\"elementor-element elementor-element-4d88bfa elementor-widget__width-initial elementor-widget elementor-widget-text-editor\" data-id=\"4d88bfa\" data-element_type=\"widget\" data-e-type=\"widget\" data-widget_type=\"text-editor.default\">\n\t\t\t\t\t\t\t\t\t<h1>Impetus for the rule of law: Digital Symposium 3.0<\/h1>\t\t\t\t\t\t\t\t<\/div>\n\t\t\t\t<div class=\"elementor-element elementor-element-0707705 elementor-widget elementor-widget-heading\" data-id=\"0707705\" data-element_type=\"widget\" data-e-type=\"widget\" data-widget_type=\"heading.default\">\n\t\t\t\t\t<h2 class=\"elementor-heading-title elementor-size-default\">The Forum Recht Foundation is Raising Its Profile | Digital Symposium 3.0 to Be Livestreamed on July 1<\/h2>\t\t\t\t<\/div>\n\t\t\t\t<div class=\"elementor-element elementor-element-32f0d58 elementor-widget elementor-widget-spacer\" data-id=\"32f0d58\" data-element_type=\"widget\" data-e-type=\"widget\" data-widget_type=\"spacer.default\">\n\t\t\t\t\t\t\t<div class=\"elementor-spacer\">\n\t\t\t<div class=\"elementor-spacer-inner\"><\/div>\n\t\t<\/div>\n\t\t\t\t\t\t<\/div>\n\t\t\t\t\t<\/div>\n\t\t<\/div>\n\t\t\t\t\t<\/div>\n\t\t<\/section>\n\t\t\t\t<section data-particle_enable=\"false\" data-particle-mobile-disabled=\"false\" class=\"elementor-section elementor-top-section elementor-element elementor-element-6fb6a53 elementor-section-boxed elementor-section-height-default elementor-section-height-default\" data-id=\"6fb6a53\" data-element_type=\"section\" data-e-type=\"section\">\n\t\t\t\t\t\t<div class=\"elementor-container elementor-column-gap-default\">\n\t\t\t\t\t<div class=\"elementor-column elementor-col-100 elementor-top-column elementor-element elementor-element-7acdbb9\" data-id=\"7acdbb9\" data-element_type=\"column\" data-e-type=\"column\">\n\t\t\t<div class=\"elementor-widget-wrap elementor-element-populated\">\n\t\t\t\t\t\t<div class=\"elementor-element elementor-element-1d86a68 elementor-widget elementor-widget-text-editor\" data-id=\"1d86a68\" data-element_type=\"widget\" data-e-type=\"widget\" data-widget_type=\"text-editor.default\">\n\t\t\t\t\t\t\t\t\t<p><strong>Karlsruhe. <\/strong>How can the rule of law be taught? How are human rights demonstrated? What role does the rule of law play in civic education? These and other questions will be discussed by over 50 scholars and cultural professionals at the interdisciplinary digital Symposium 3.0 hosted by the Forum Recht Foundation on Thursday, July 1, 2021, from 10:00 a.m. to 5:30 p.m.<\/p><p>Nine selected case studies from the international field of art education and exhibition practice will be presented in three thematic blocks. Pre-recorded, multi-perspective video clips will serve as an introduction to the subsequent panel discussion. The discussion will be moderated by <strong>Prof. Dr. Susanne Baer<\/strong>, a judge on the Federal Constitutional Court, and <strong>Prof. Dr. Eckart K\u00f6hne<\/strong>, President of the German Museum Association (Deutscher Museumsbund e. V.). The symposium will be livestreamed in German and accompanied by graphic recording.<\/p><p><strong>Henrike Claussen<\/strong>, Director of the Forum Recht Foundation, explains the approach: \u201eDuring our discussions on the foundation\u2019s mission, we repeatedly encountered the question of how to conceptually address the relationship between the rule of law and the rule of law itself, on the one hand, and democracy, human rights, and injustice, on the other. We do not want to lose sight of the foundation\u2019s core mission\u2014promoting the rule of law\u2014and aim to create concrete approaches to legal topics.\u201c The Digital Symposium 3.0 marks a resumption and continuation of the expert symposia already held in 2018 in preparation for the foundation\u2019s establishment.<\/p><p>Schedule and Live Stream: <strong><a href=\"https:\/\/stiftung-forum-recht.de\/digitales-symposium-3\/\" target=\"_blank\" rel=\"noopener\">www.stiftung-forum-recht.de\/digitales-symposium-3\/<\/a><\/strong><\/p><p>\u00a0<\/p><p><strong>Moderated by<\/strong><br \/>Prof. Dr. Susanne Baer (Federal Constitutional Court)<br \/>Prof. Dr. Eckart K\u00f6hne (German Museum Association)<\/p><p><strong>Theme Block: \u201eThe Rule of Law and Injustice\u201c<\/strong><br \/>Keynote Speakers: Prof. Dr. Andreas Wirsching (Institute for Contemporary History, Munich) Prof. Dr. Peer Zumbansen (McGill University, Montreal)<br \/>Speakers: Achim Beier and Balthasar Dusch (Archiv B\u00fcrgerbewegung Leipzig e. V.) Dr. Mirjam Zadoff (NS Documentation Center Munich) Emilia Potenza (Apartheid Museum Johannesburg)<br \/>Panelist: Dr. Imanuel Baumann (Nuremberg Trials Memorial, Nuremberg)<\/p><p><strong>Theme Area: \u201eThe Rule of Law and Democracy\u201c<\/strong><br \/>Initiator: Prof. Dr. Nora Sternfeld (Hamburg University of Fine Arts)<br \/>Speakers: Magdalena Strauch and Inga W\u00f6lfinger (\u201eDie Verfassungssch\u00fcler\u201c \/ Teach First Germany), Dr. Evgeniya Sayko (\u201edemoslam\u201c \/ MAGNET \u2013 Workshop for Understanding, Berlin), Prof. Jeffrey Rosen (National Constitution Center, Philadelphia)<br \/>Panelist: Arne Busse (Federal Agency for Civic Education\/bpb, Bonn)<\/p><p><strong>Thematic Area: \u201eThe Rule of Law and Human Rights\u201c<\/strong><br \/>Initiator: Prof. Dr. Angelika Nu\u00dfberger (University of Cologne)<br \/>Speakers: Dr. Clint Curle (Canadian Museum for Human Rights, Winnipeg), Jill Savitt (National Center for Civil and Human Rights, Atlanta), Ray\u00e9n Guti\u00e9rrez Cort\u00e9s (Museo de la Memoria y los Derechos Humanos, Santiago, Chile)<br \/>Panelists: Jennifer Orange (Lincoln Alexander School of Law at Ryerson University, Toronto), Pratima Narayan (International Coalition of Sites of Conscience, New York), Prof. Dr. Pascale Cancik (University of Osnabr\u00fcck)<\/p>\t\t\t\t\t\t\t\t<\/div>\n\t\t\t\t\t<\/div>\n\t\t<\/div>\n\t\t\t\t\t<\/div>\n\t\t<\/section>\n\t\t<div data-particle_enable=\"false\" data-particle-mobile-disabled=\"false\" class=\"elementor-element elementor-element-823c46a e-flex e-con-boxed e-con e-parent\" data-id=\"823c46a\" data-element_type=\"container\" data-e-type=\"container\">\n\t\t\t\t\t<div class=\"e-con-inner\">\n\t\t<div data-particle_enable=\"false\" data-particle-mobile-disabled=\"false\" class=\"elementor-element elementor-element-e628752 e-con-full e-flex e-con e-child\" data-id=\"e628752\" data-element_type=\"container\" data-e-type=\"container\">\n\t\t\t\t<div class=\"elementor-element elementor-element-a1febca elementor-widget elementor-widget-text-editor\" data-id=\"a1febca\" data-element_type=\"widget\" data-e-type=\"widget\" data-widget_type=\"text-editor.default\">\n\t\t\t\t\t\t\t\t\t<p><strong>Press contact<br \/><\/strong><\/p><div class=\"elementor-column elementor-col-50 elementor-inner-column elementor-element elementor-element-43f34c5\" data-id=\"43f34c5\" data-element_type=\"column\"><div class=\"elementor-widget-wrap elementor-element-populated\"><div class=\"elementor-element elementor-element-931e011 elementor-widget elementor-widget-text-editor\" data-id=\"931e011\" data-element_type=\"widget\" data-widget_type=\"text-editor.default\"><div class=\"elementor-widget-container\"><p>Press office<br \/>+49 (0) 721 78 80 35 80<br \/><strong><a href=\"mailto:presse@stiftung-forum-recht.de\">presse@stiftung-forum-recht.de<\/a><\/strong><\/p><\/div><\/div><\/div><\/div>\t\t\t\t\t\t\t\t<\/div>\n\t\t\t\t<\/div>\n\t\t<div data-particle_enable=\"false\" data-particle-mobile-disabled=\"false\" class=\"elementor-element elementor-element-0a5453c e-con-full e-flex e-con e-child\" data-id=\"0a5453c\" data-element_type=\"container\" data-e-type=\"container\">\n\t\t\t\t<div class=\"elementor-element elementor-element-53e1c1c elementor-widget elementor-widget-button\" data-id=\"53e1c1c\" data-element_type=\"widget\" data-e-type=\"widget\" data-widget_type=\"button.default\">\n\t\t\t\t\t\t\t\t\t\t<a class=\"elementor-button elementor-button-link elementor-size-md\" href=\"https:\/\/stiftung-forum-recht.de\/wp-content\/uploads\/2021\/06\/2021_06_28_PM_Symposium3.0_SFR.pdf\" target=\"_blank\">\n\t\t\t\t\t\t<span class=\"elementor-button-content-wrapper\">\n\t\t\t\t\t\t\t\t\t<span class=\"elementor-button-text\">Download press release as PDF<\/span>\n\t\t\t\t\t<\/span>\n\t\t\t\t\t<\/a>\n\t\t\t\t\t\t\t\t<\/div>\n\t\t\t\t<\/div>\n\t\t\t\t\t<\/div>\n\t\t\t\t<\/div>\n\t\t<div data-particle_enable=\"false\" data-particle-mobile-disabled=\"false\" class=\"elementor-element elementor-element-396f98b e-flex e-con-boxed e-con e-parent\" data-id=\"396f98b\" data-element_type=\"container\" data-e-type=\"container\">\n\t\t\t\t\t<div class=\"e-con-inner\">\n\t\t\t\t<div class=\"elementor-element elementor-element-cba90fa elementor-widget elementor-widget-spacer\" data-id=\"cba90fa\" data-element_type=\"widget\" data-e-type=\"widget\" data-widget_type=\"spacer.default\">\n\t\t\t\t\t\t\t<div class=\"elementor-spacer\">\n\t\t\t<div class=\"elementor-spacer-inner\"><\/div>\n\t\t<\/div>\n\t\t\t\t\t\t<\/div>\n\t\t\t\t\t<\/div>\n\t\t\t\t<\/div>\n\t\t<div data-particle_enable=\"false\" data-particle-mobile-disabled=\"false\" class=\"elementor-element elementor-element-8f7ecc5 e-flex e-con-boxed e-con e-parent\" data-id=\"8f7ecc5\" data-element_type=\"container\" data-e-type=\"container\">\n\t\t\t\t\t<div class=\"e-con-inner\">\n\t\t\t\t<div class=\"elementor-element elementor-element-f7c53d7 elementor-widget elementor-widget-spacer\" data-id=\"f7c53d7\" data-element_type=\"widget\" data-e-type=\"widget\" data-widget_type=\"spacer.default\">\n\t\t\t\t\t\t\t<div class=\"elementor-spacer\">\n\t\t\t<div class=\"elementor-spacer-inner\"><\/div>\n\t\t<\/div>\n\t\t\t\t\t\t<\/div>\n\t\t\t\t\t<\/div>\n\t\t\t\t<\/div>\n\t\t\t\t<\/div>","protected":false},"excerpt":{"rendered":"<p>How can the rule of law be communicated? How do you issue (human) rights? What role does the rule of law play in political education?<\/p>","protected":false},"author":27,"featured_media":15119,"comment_status":"open","ping_status":"open","sticky":false,"template":"","format":"standard","meta":{"_acf_changed":false,"neve_meta_sidebar":"","neve_meta_container":"","neve_meta_enable_content_width":"","neve_meta_content_width":0,"neve_meta_title_alignment":"","neve_meta_author_avatar":"","neve_post_elements_order":"","neve_meta_disable_header":"","neve_meta_disable_footer":"","neve_meta_disable_title":"","_themeisle_gutenberg_block_has_review":false,"footnotes":""},"categories":[53,54],"tags":[23],"class_list":["post-20866","post","type-post","status-publish","format-standard","has-post-thumbnail","hentry","category-pressemitteilung","category-54","tag-sfrnews"],"acf":[],"yoast_head":"<!-- This site is optimized with the Yoast SEO plugin v28.3 - https:\/\/yoast.com\/product\/yoast-seo-wordpress\/ -->\n<title>Impulse zum Rechtsstaat: Digitales Symposium 3.0 | Stiftung Forum Recht<\/title>\n<meta name=\"description\" content=\"Wie l\u00e4sst sich Rechtsstaatlichkeit vermitteln? Wie stellt man (Menschen-)Recht(e) aus? Welche Rolle spielt der Rechtsstaat in der politischen Bildung? Diese und weitere Fragen diskutieren beim interdisziplin\u00e4ren digitalen Symposium 3.0 der Stiftung Forum Recht \u00fcber 50 Wissenschaftler:innen und Kulturschaffende.\" \/>\n<meta name=\"robots\" content=\"index, follow, max-snippet:-1, max-image-preview:large, max-video-preview:-1\" \/>\n<link rel=\"canonical\" href=\"https:\/\/stiftung-forum-recht.de\/en\/press-release\/impulses-for-the-rule-of-law-digital-symposium-3-0\/\" \/>\n<meta property=\"og:locale\" content=\"en_US\" \/>\n<meta property=\"og:type\" content=\"article\" \/>\n<meta property=\"og:title\" content=\"Impulse zum Rechtsstaat: Digitales Symposium 3.0 | Stiftung Forum Recht\" \/>\n<meta property=\"og:description\" content=\"Wie l\u00e4sst sich Rechtsstaatlichkeit vermitteln? Wie stellt man (Menschen-)Recht(e) aus? Welche Rolle spielt der Rechtsstaat in der politischen Bildung? Diese und weitere Fragen diskutieren beim interdisziplin\u00e4ren digitalen Symposium 3.0 der Stiftung Forum Recht \u00fcber 50 Wissenschaftler:innen und Kulturschaffende.\" \/>\n<meta property=\"og:url\" content=\"https:\/\/stiftung-forum-recht.de\/en\/press-release\/impulses-for-the-rule-of-law-digital-symposium-3-0\/\" \/>\n<meta property=\"og:site_name\" content=\"Stiftung Forum Recht\" \/>\n<meta property=\"article:published_time\" content=\"2021-06-28T09:01:00+00:00\" \/>\n<meta property=\"article:modified_time\" content=\"2024-12-23T11:13:31+00:00\" \/>\n<meta property=\"og:image\" content=\"https:\/\/stiftung-forum-recht.de\/wp-content\/uploads\/2023\/10\/newsback.jpg\" \/>\n\t<meta property=\"og:image:width\" content=\"355\" \/>\n\t<meta property=\"og:image:height\" content=\"355\" \/>\n\t<meta property=\"og:image:type\" content=\"image\/jpeg\" \/>\n<meta name=\"author\" content=\"Romy Klemm\" \/>\n<meta name=\"twitter:card\" content=\"summary_large_image\" \/>\n<meta name=\"twitter:label1\" content=\"Written by\" \/>\n\t<meta name=\"twitter:data1\" content=\"Romy Klemm\" \/>\n\t<meta name=\"twitter:label2\" content=\"Est. reading time\" \/>\n\t<meta name=\"twitter:data2\" content=\"4 minutes\" \/>\n<!-- \/ Yoast SEO plugin. -->","yoast_head_json":{"title":"Insights on the Rule of Law: Digital Symposium 3.0 | Forum Recht Foundation","description":"How can the rule of law be taught? How are human rights demonstrated? What role does the rule of law play in civic education? More than 50 scholars and cultural professionals will discuss these and other questions at the Forum Recht Foundation\u2019s interdisciplinary Digital Symposium 3.0.","robots":{"index":"index","follow":"follow","max-snippet":"max-snippet:-1","max-image-preview":"max-image-preview:large","max-video-preview":"max-video-preview:-1"},"canonical":"https:\/\/stiftung-forum-recht.de\/en\/press-release\/impulses-for-the-rule-of-law-digital-symposium-3-0\/","og_locale":"en_US","og_type":"article","og_title":"Impulse zum Rechtsstaat: Digitales Symposium 3.0 | Stiftung Forum Recht","og_description":"Wie l\u00e4sst sich Rechtsstaatlichkeit vermitteln? Wie stellt man (Menschen-)Recht(e) aus? Welche Rolle spielt der Rechtsstaat in der politischen Bildung? Diese und weitere Fragen diskutieren beim interdisziplin\u00e4ren digitalen Symposium 3.0 der Stiftung Forum Recht \u00fcber 50 Wissenschaftler:innen und Kulturschaffende.","og_url":"https:\/\/stiftung-forum-recht.de\/en\/press-release\/impulses-for-the-rule-of-law-digital-symposium-3-0\/","og_site_name":"Stiftung Forum Recht","article_published_time":"2021-06-28T09:01:00+00:00","article_modified_time":"2024-12-23T11:13:31+00:00","og_image":[{"width":355,"height":355,"url":"https:\/\/stiftung-forum-recht.de\/wp-content\/uploads\/2023\/10\/newsback.jpg","type":"image\/jpeg"}],"author":"Romy Klemm","twitter_card":"summary_large_image","twitter_misc":{"Written by":"Romy Klemm","Est. reading time":"4 minutes"},"schema":{"@context":"https:\/\/schema.org","@graph":[{"@type":"Article","@id":"https:\/\/stiftung-forum-recht.de\/pressemitteilung\/impulse-zum-rechtsstaat-digitales-symposium-3-0\/#article","isPartOf":{"@id":"https:\/\/stiftung-forum-recht.de\/pressemitteilung\/impulse-zum-rechtsstaat-digitales-symposium-3-0\/"},"author":{"name":"Romy Klemm","@id":"https:\/\/stiftung-forum-recht.de\/#\/schema\/person\/8327c2c51c9bbd54e0e86a3c448bba10"},"headline":"Impulse zum Rechtsstaat: Digitales Symposium 3.0","datePublished":"2021-06-28T09:01:00+00:00","dateModified":"2024-12-23T11:13:31+00:00","mainEntityOfPage":{"@id":"https:\/\/stiftung-forum-recht.de\/pressemitteilung\/impulse-zum-rechtsstaat-digitales-symposium-3-0\/"},"wordCount":453,"commentCount":0,"publisher":{"@id":"https:\/\/stiftung-forum-recht.de\/#organization"},"image":{"@id":"https:\/\/stiftung-forum-recht.de\/pressemitteilung\/impulse-zum-rechtsstaat-digitales-symposium-3-0\/#primaryimage"},"thumbnailUrl":"https:\/\/stiftung-forum-recht.de\/wp-content\/uploads\/2023\/10\/newsback-e1734954583761.jpg","keywords":["SFRNews"],"articleSection":["Pressemitteilungen","Pressemitteilungen 2021"],"inLanguage":"en-US","potentialAction":[{"@type":"CommentAction","name":"Comment","target":["https:\/\/stiftung-forum-recht.de\/pressemitteilung\/impulse-zum-rechtsstaat-digitales-symposium-3-0\/#respond"]}]},{"@type":"WebPage","@id":"https:\/\/stiftung-forum-recht.de\/pressemitteilung\/impulse-zum-rechtsstaat-digitales-symposium-3-0\/","url":"https:\/\/stiftung-forum-recht.de\/pressemitteilung\/impulse-zum-rechtsstaat-digitales-symposium-3-0\/","name":"Insights on the Rule of Law: Digital Symposium 3.0 | Forum Recht Foundation","isPartOf":{"@id":"https:\/\/stiftung-forum-recht.de\/#website"},"primaryImageOfPage":{"@id":"https:\/\/stiftung-forum-recht.de\/pressemitteilung\/impulse-zum-rechtsstaat-digitales-symposium-3-0\/#primaryimage"},"image":{"@id":"https:\/\/stiftung-forum-recht.de\/pressemitteilung\/impulse-zum-rechtsstaat-digitales-symposium-3-0\/#primaryimage"},"thumbnailUrl":"https:\/\/stiftung-forum-recht.de\/wp-content\/uploads\/2023\/10\/newsback-e1734954583761.jpg","datePublished":"2021-06-28T09:01:00+00:00","dateModified":"2024-12-23T11:13:31+00:00","description":"How can the rule of law be taught? How are human rights demonstrated? What role does the rule of law play in civic education? More than 50 scholars and cultural professionals will discuss these and other questions at the Forum Recht Foundation\u2019s interdisciplinary Digital Symposium 3.0.","breadcrumb":{"@id":"https:\/\/stiftung-forum-recht.de\/pressemitteilung\/impulse-zum-rechtsstaat-digitales-symposium-3-0\/#breadcrumb"},"inLanguage":"en-US","potentialAction":[{"@type":"ReadAction","target":["https:\/\/stiftung-forum-recht.de\/pressemitteilung\/impulse-zum-rechtsstaat-digitales-symposium-3-0\/"]}]},{"@type":"ImageObject","inLanguage":"en-US","@id":"https:\/\/stiftung-forum-recht.de\/pressemitteilung\/impulse-zum-rechtsstaat-digitales-symposium-3-0\/#primaryimage","url":"https:\/\/stiftung-forum-recht.de\/wp-content\/uploads\/2023\/10\/newsback-e1734954583761.jpg","contentUrl":"https:\/\/stiftung-forum-recht.de\/wp-content\/uploads\/2023\/10\/newsback-e1734954583761.jpg","width":355,"height":222,"caption":"sieben notizb\u00fccher der Stiftung Forum Recht mit dem Slogan \"Let's Talk About Recht\""},{"@type":"BreadcrumbList","@id":"https:\/\/stiftung-forum-recht.de\/pressemitteilung\/impulse-zum-rechtsstaat-digitales-symposium-3-0\/#breadcrumb","itemListElement":[{"@type":"ListItem","position":1,"name":"Startseite","item":"https:\/\/stiftung-forum-recht.de\/"},{"@type":"ListItem","position":2,"name":"Impulse zum Rechtsstaat: Digitales Symposium 3.0"}]},{"@type":"WebSite","@id":"https:\/\/stiftung-forum-recht.de\/#website","url":"https:\/\/stiftung-forum-recht.de\/","name":"Stiftung Forum Recht","description":"THE LAW FORUM","publisher":{"@id":"https:\/\/stiftung-forum-recht.de\/#organization"},"potentialAction":[{"@type":"SearchAction","target":{"@type":"EntryPoint","urlTemplate":"https:\/\/stiftung-forum-recht.de\/?s={search_term_string}"},"query-input":{"@type":"PropertyValueSpecification","valueRequired":true,"valueName":"search_term_string"}}],"inLanguage":"en-US"},{"@type":"Organization","@id":"https:\/\/stiftung-forum-recht.de\/#organization","name":"Stiftung Forum Recht","url":"https:\/\/stiftung-forum-recht.de\/","logo":{"@type":"ImageObject","inLanguage":"en-US","@id":"https:\/\/stiftung-forum-recht.de\/#\/schema\/logo\/image\/","url":"https:\/\/stiftung-forum-recht.de\/wp-content\/uploads\/2020\/10\/sfr-logo-2023.png","contentUrl":"https:\/\/stiftung-forum-recht.de\/wp-content\/uploads\/2020\/10\/sfr-logo-2023.png","width":200,"height":200,"caption":"Stiftung Forum Recht"},"image":{"@id":"https:\/\/stiftung-forum-recht.de\/#\/schema\/logo\/image\/"}},{"@type":"Person","@id":"https:\/\/stiftung-forum-recht.de\/#\/schema\/person\/8327c2c51c9bbd54e0e86a3c448bba10","name":"Romy Klemm","image":{"@type":"ImageObject","inLanguage":"en-US","@id":"https:\/\/secure.gravatar.com\/avatar\/7bf650052447ea004daba80791cf7b2155ff501a0e7676347dd4d11b053b8d51?s=96&d=mm&r=g","url":"https:\/\/secure.gravatar.com\/avatar\/7bf650052447ea004daba80791cf7b2155ff501a0e7676347dd4d11b053b8d51?s=96&d=mm&r=g","contentUrl":"https:\/\/secure.gravatar.com\/avatar\/7bf650052447ea004daba80791cf7b2155ff501a0e7676347dd4d11b053b8d51?s=96&d=mm&r=g","caption":"Romy Klemm"},"url":"https:\/\/stiftung-forum-recht.de\/en\/author\/onlineredakteurin\/"}]}},"meta_box":[],"_links":{"self":[{"href":"https:\/\/stiftung-forum-recht.de\/en\/wp-json\/wp\/v2\/posts\/20866","targetHints":{"allow":["GET"]}}],"collection":[{"href":"https:\/\/stiftung-forum-recht.de\/en\/wp-json\/wp\/v2\/posts"}],"about":[{"href":"https:\/\/stiftung-forum-recht.de\/en\/wp-json\/wp\/v2\/types\/post"}],"author":[{"embeddable":true,"href":"https:\/\/stiftung-forum-recht.de\/en\/wp-json\/wp\/v2\/users\/27"}],"replies":[{"embeddable":true,"href":"https:\/\/stiftung-forum-recht.de\/en\/wp-json\/wp\/v2\/comments?post=20866"}],"version-history":[{"count":0,"href":"https:\/\/stiftung-forum-recht.de\/en\/wp-json\/wp\/v2\/posts\/20866\/revisions"}],"wp:featuredmedia":[{"embeddable":true,"href":"https:\/\/stiftung-forum-recht.de\/en\/wp-json\/wp\/v2\/media\/15119"}],"wp:attachment":[{"href":"https:\/\/stiftung-forum-recht.de\/en\/wp-json\/wp\/v2\/media?parent=20866"}],"wp:term":[{"taxonomy":"category","embeddable":true,"href":"https:\/\/stiftung-forum-recht.de\/en\/wp-json\/wp\/v2\/categories?post=20866"},{"taxonomy":"post_tag","embeddable":true,"href":"https:\/\/stiftung-forum-recht.de\/en\/wp-json\/wp\/v2\/tags?post=20866"}],"curies":[{"name":"wp","href":"https:\/\/api.w.org\/{rel}","templated":true}]}}