{"id":20830,"date":"2022-04-22T15:27:00","date_gmt":"2022-04-22T13:27:00","guid":{"rendered":"https:\/\/stiftung-forum-recht.de\/?p=20830"},"modified":"2024-02-20T15:13:10","modified_gmt":"2024-02-20T14:13:10","slug":"good-neighbors-a-panel-discussion-on-german-french-border-experiences-during-the-pandemic","status":"publish","type":"post","link":"https:\/\/stiftung-forum-recht.de\/en\/pressemitteilung\/auf-gute-nachbarschaft-podiumsgespraech-zu-deutsch-franzoesischen-grenzerfahrungen-in-der-pandemie\/","title":{"rendered":"Towards good neighborliness? Panel discussion on Franco-German border experiences during the pandemic"},"content":{"rendered":"<div data-elementor-type=\"wp-post\" data-elementor-id=\"20830\" class=\"elementor elementor-20830\" data-elementor-post-type=\"post\">\n\t\t\t\t<div data-particle_enable=\"false\" data-particle-mobile-disabled=\"false\" class=\"elementor-element elementor-element-5f87549 slidercontainer e-flex e-con-boxed e-con e-parent\" data-id=\"5f87549\" data-element_type=\"container\" data-e-type=\"container\" data-settings=\"{&quot;shape_divider_bottom&quot;:&quot;tilt&quot;}\">\n\t\t\t\t\t<div class=\"e-con-inner\">\n\t\t\t\t<div class=\"elementor-shape elementor-shape-bottom\" aria-hidden=\"true\" data-negative=\"false\">\n\t\t\t<svg xmlns=\"http:\/\/www.w3.org\/2000\/svg\" viewbox=\"0 0 1000 100\" preserveaspectratio=\"none\">\n\t<path class=\"elementor-shape-fill\" d=\"M0,6V0h1000v100L0,6z\"\/>\n<\/svg>\t\t<\/div>\n\t\t\t\t<div class=\"elementor-element elementor-element-a5698fa elementor-widget elementor-widget-template\" data-id=\"a5698fa\" data-element_type=\"widget\" data-e-type=\"widget\" data-widget_type=\"template.default\">\n\t\t\t\t<div class=\"elementor-widget-container\">\n\t\t\t\t\t\t\t<div class=\"elementor-template\">\n\t\t\t\t\t<div data-elementor-type=\"container\" data-elementor-id=\"15844\" class=\"elementor elementor-15844\" data-elementor-post-type=\"elementor_library\">\n\t\t\t\t<div data-particle_enable=\"false\" data-particle-mobile-disabled=\"false\" class=\"elementor-element elementor-element-9a7825a e-con-full slidercontainer e-transform e-flex e-con e-parent\" data-id=\"9a7825a\" data-element_type=\"container\" data-e-type=\"container\" data-settings=\"{&quot;background_background&quot;:&quot;classic&quot;,&quot;shape_divider_bottom&quot;:&quot;tilt&quot;,&quot;_transform_skewX_effect&quot;:{&quot;unit&quot;:&quot;px&quot;,&quot;size&quot;:&quot;&quot;,&quot;sizes&quot;:[]},&quot;_transform_skewX_effect_widescreen&quot;:{&quot;unit&quot;:&quot;deg&quot;,&quot;size&quot;:&quot;&quot;,&quot;sizes&quot;:[]},&quot;_transform_skewX_effect_laptop&quot;:{&quot;unit&quot;:&quot;deg&quot;,&quot;size&quot;:&quot;&quot;,&quot;sizes&quot;:[]},&quot;_transform_skewX_effect_tablet_extra&quot;:{&quot;unit&quot;:&quot;deg&quot;,&quot;size&quot;:&quot;&quot;,&quot;sizes&quot;:[]},&quot;_transform_skewX_effect_tablet&quot;:{&quot;unit&quot;:&quot;deg&quot;,&quot;size&quot;:&quot;&quot;,&quot;sizes&quot;:[]},&quot;_transform_skewX_effect_mobile&quot;:{&quot;unit&quot;:&quot;deg&quot;,&quot;size&quot;:&quot;&quot;,&quot;sizes&quot;:[]},&quot;_transform_skewY_effect&quot;:{&quot;unit&quot;:&quot;px&quot;,&quot;size&quot;:&quot;&quot;,&quot;sizes&quot;:[]},&quot;_transform_skewY_effect_widescreen&quot;:{&quot;unit&quot;:&quot;deg&quot;,&quot;size&quot;:&quot;&quot;,&quot;sizes&quot;:[]},&quot;_transform_skewY_effect_laptop&quot;:{&quot;unit&quot;:&quot;deg&quot;,&quot;size&quot;:&quot;&quot;,&quot;sizes&quot;:[]},&quot;_transform_skewY_effect_tablet_extra&quot;:{&quot;unit&quot;:&quot;deg&quot;,&quot;size&quot;:&quot;&quot;,&quot;sizes&quot;:[]},&quot;_transform_skewY_effect_tablet&quot;:{&quot;unit&quot;:&quot;deg&quot;,&quot;size&quot;:&quot;&quot;,&quot;sizes&quot;:[]},&quot;_transform_skewY_effect_mobile&quot;:{&quot;unit&quot;:&quot;deg&quot;,&quot;size&quot;:&quot;&quot;,&quot;sizes&quot;:[]}}\">\n\t\t\t\t<div class=\"elementor-shape elementor-shape-bottom\" aria-hidden=\"true\" data-negative=\"false\">\n\t\t\t<svg xmlns=\"http:\/\/www.w3.org\/2000\/svg\" viewbox=\"0 0 1000 100\" preserveaspectratio=\"none\">\n\t<path class=\"elementor-shape-fill\" d=\"M0,6V0h1000v100L0,6z\"\/>\n<\/svg>\t\t<\/div>\n\t\t\t\t<\/div>\n\t\t\t\t<\/div>\n\t\t\t\t<\/div>\n\t\t\t\t\t\t<\/div>\n\t\t\t\t<\/div>\n\t\t\t\t\t<\/div>\n\t\t\t\t<\/div>\n\t\t\t\t<section data-particle_enable=\"false\" data-particle-mobile-disabled=\"false\" class=\"elementor-section elementor-top-section elementor-element elementor-element-e989b8f elementor-section-boxed elementor-section-height-default elementor-section-height-default\" data-id=\"e989b8f\" data-element_type=\"section\" data-e-type=\"section\">\n\t\t\t\t\t\t<div class=\"elementor-container elementor-column-gap-default\">\n\t\t\t\t\t<div class=\"elementor-column elementor-col-100 elementor-top-column elementor-element elementor-element-b133490\" data-id=\"b133490\" data-element_type=\"column\" data-e-type=\"column\">\n\t\t\t<div class=\"elementor-widget-wrap elementor-element-populated\">\n\t\t\t\t\t\t<div class=\"elementor-element elementor-element-1f7aad1 elementor-widget elementor-widget-spacer\" data-id=\"1f7aad1\" data-element_type=\"widget\" data-e-type=\"widget\" data-widget_type=\"spacer.default\">\n\t\t\t\t\t\t\t<div class=\"elementor-spacer\">\n\t\t\t<div class=\"elementor-spacer-inner\"><\/div>\n\t\t<\/div>\n\t\t\t\t\t\t<\/div>\n\t\t\t\t<div class=\"elementor-element elementor-element-7a3a580 elementor-widget elementor-widget-text-editor\" data-id=\"7a3a580\" data-element_type=\"widget\" data-e-type=\"widget\" data-widget_type=\"text-editor.default\">\n\t\t\t\t\t\t\t\t\t<p>April 22, 2022<\/p>\t\t\t\t\t\t\t\t<\/div>\n\t\t\t\t<div class=\"elementor-element elementor-element-4d88bfa elementor-widget__width-initial elementor-widget elementor-widget-text-editor\" data-id=\"4d88bfa\" data-element_type=\"widget\" data-e-type=\"widget\" data-widget_type=\"text-editor.default\">\n\t\t\t\t\t\t\t\t\t<h1>Towards good neighborliness? Panel discussion on Franco-German border experiences during the pandemic<\/h1>\t\t\t\t\t\t\t\t<\/div>\n\t\t\t\t<div class=\"elementor-element elementor-element-90ddff0 elementor-widget elementor-widget-heading\" data-id=\"90ddff0\" data-element_type=\"widget\" data-e-type=\"widget\" data-widget_type=\"heading.default\">\n\t\t\t\t\t<h2 class=\"elementor-heading-title elementor-size-default\">OPEN HOUSE EVENT HOSTED BY THE FORUM RECHT FOUNDATION IN COOPERATION WITH THE CENTRE CULTUREL FRANCO-ALLEMAND IN KARLSRUHE \n<\/h2>\t\t\t\t<\/div>\n\t\t\t\t<div class=\"elementor-element elementor-element-32f0d58 elementor-widget elementor-widget-spacer\" data-id=\"32f0d58\" data-element_type=\"widget\" data-e-type=\"widget\" data-widget_type=\"spacer.default\">\n\t\t\t\t\t\t\t<div class=\"elementor-spacer\">\n\t\t\t<div class=\"elementor-spacer-inner\"><\/div>\n\t\t<\/div>\n\t\t\t\t\t\t<\/div>\n\t\t\t\t\t<\/div>\n\t\t<\/div>\n\t\t\t\t\t<\/div>\n\t\t<\/section>\n\t\t\t\t<section data-particle_enable=\"false\" data-particle-mobile-disabled=\"false\" class=\"elementor-section elementor-top-section elementor-element elementor-element-6fb6a53 elementor-section-boxed elementor-section-height-default elementor-section-height-default\" data-id=\"6fb6a53\" data-element_type=\"section\" data-e-type=\"section\">\n\t\t\t\t\t\t<div class=\"elementor-container elementor-column-gap-default\">\n\t\t\t\t\t<div class=\"elementor-column elementor-col-100 elementor-top-column elementor-element elementor-element-7acdbb9\" data-id=\"7acdbb9\" data-element_type=\"column\" data-e-type=\"column\">\n\t\t\t<div class=\"elementor-widget-wrap elementor-element-populated\">\n\t\t\t\t\t\t<div class=\"elementor-element elementor-element-1d86a68 elementor-widget elementor-widget-text-editor\" data-id=\"1d86a68\" data-element_type=\"widget\" data-e-type=\"widget\" data-widget_type=\"text-editor.default\">\n\t\t\t\t\t\t\t\t\t<p><strong>Karlsruhe. <\/strong>The Forum Recht Foundation invites you to a panel discussion titled \u201eBeyond Borders: Franco-German Border Experiences During the Pandemic\u201c on Tuesday, April 26, at 7:00 p.m. This is the first public event to be held at the Foundation\u2019s new premises in Karlsruhe. The outbreak of the COVID-19 pandemic in the spring of 2020 turned the carefree freedom of travel in Europe\u2014and especially life in the immediate border regions\u2014upside down. Experts and those directly affected will reflect on the historical significance of this situation\u2014for the city of Karlsruhe, for the region, and for Europe\u2014and how legal frameworks have significantly influenced everyday life:<\/p><ul><li><strong>Prof. Dr.<\/strong> <strong>Florian Weber<\/strong>, Department of European Studies at Saarland University in Saarbr\u00fccken<\/li><li><strong>Carolyn Moser<\/strong>, Max Planck Institute for Foreign Public Law and International Law in Heidelberg<\/li><li><strong>Ren\u00e9 Richert and Matthias Ackermann<\/strong>, mayors of the municipalities of Riedseltz and Birkenh\u00f6rdt and initiators of a manifesto for Franco-German friendship<\/li><li><strong>Heike Greczko<\/strong> Deputy Director of vhs Karlsruhe and a cross-border commuter<\/li><li><strong>Lionel Clergue<\/strong>, an engineer at the Michelin tire plant and a cross-border commuter<\/li><\/ul><p>The event will be moderated by the journalist and president of the Justizpressekonferenz e. V., <strong>Kolja Schwartz<\/strong>.<\/p><p>This joint project by the Forum Recht Foundation and the Centre Culturel Franco-Allemand Karlsruhe (CCFA) Foundation, in cooperation with Michelin and vhs Karlsruhe, marks the launch of an artistic project by Yves Mettler (DE\/CH) and Nicolas Couturier (FR). The project is scheduled to take place from October 25 to 29, 2022, in public spaces in Strasbourg and Karlsruhe.<\/p><p>Admission is free. To register, please visit <strong><a href=\"mailto:event@stiftung-forum-recht.de\">event@stiftung-forum-recht.de<\/a><\/strong>.<\/p><p><strong>Beyond Borders: German-French Cross-Border Experiences During the Pandemic<\/strong><\/p><p><strong>When:<\/strong> Tuesday, April 26, 2022, 7:00 p.m.<br \/><strong>Where:<\/strong> Stiftung Forum Recht, Karlstra\u00dfe 45 A, 76133 Karlsruhe<br \/><strong>More details: <a href=\"https:\/\/stiftung-forum-recht.de\/\" target=\"_blank\" rel=\"noopener\">www.stiftung-forum-recht.de<\/a><br \/><\/strong><\/p><p><strong>\u00a0<\/strong><\/p><p><strong>Statements<\/strong><\/p><p><strong>Assistant Professor Dr. Florian Weber, <\/strong>Chair of European Studies, Saarland University, Saarbr\u00fccken:<strong><br \/><\/strong>\u201eThe COVID-19 pandemic has undermined the open borders we\u2019ve come to take for granted. We must act together to make border regions resilient to future crises!\u201c<\/p><p><strong>Lionel Clergue,<\/strong> Engineer, Michelin Tire Plant:<strong><br \/><\/strong>\u201eBorders remind us of how diverse and rich our neighbors\u201c cultures are.\u201d<\/p><p><strong>Dr. Heike Greczko, <\/strong>Deputy Director of the vhs Karlsruhe:<strong><br \/><\/strong>\u201eIn the wake of the COVID-19-related border closures and their consequences in our border region, there must be a renewed awareness on all sides that a special friendship requires special care.\u201c<\/p>\t\t\t\t\t\t\t\t<\/div>\n\t\t\t\t\t<\/div>\n\t\t<\/div>\n\t\t\t\t\t<\/div>\n\t\t<\/section>\n\t\t<div data-particle_enable=\"false\" data-particle-mobile-disabled=\"false\" class=\"elementor-element elementor-element-823c46a e-flex e-con-boxed e-con e-parent\" data-id=\"823c46a\" data-element_type=\"container\" data-e-type=\"container\">\n\t\t\t\t\t<div class=\"e-con-inner\">\n\t\t<div data-particle_enable=\"false\" data-particle-mobile-disabled=\"false\" class=\"elementor-element elementor-element-e628752 e-con-full e-flex e-con e-child\" data-id=\"e628752\" data-element_type=\"container\" data-e-type=\"container\">\n\t\t\t\t<div class=\"elementor-element elementor-element-a1febca elementor-widget elementor-widget-text-editor\" data-id=\"a1febca\" data-element_type=\"widget\" data-e-type=\"widget\" data-widget_type=\"text-editor.default\">\n\t\t\t\t\t\t\t\t\t<p><strong>Press contact<br \/><\/strong><\/p><div class=\"elementor-column elementor-col-50 elementor-inner-column elementor-element elementor-element-43f34c5\" data-id=\"43f34c5\" data-element_type=\"column\"><div class=\"elementor-widget-wrap elementor-element-populated\"><div class=\"elementor-element elementor-element-931e011 elementor-widget elementor-widget-text-editor\" data-id=\"931e011\" data-element_type=\"widget\" data-widget_type=\"text-editor.default\"><div class=\"elementor-widget-container\"><p>Press office<br \/>+49 (0) 721 78 80 35 80<br \/><strong><a href=\"mailto:presse@stiftung-forum-recht.de\">presse@stiftung-forum-recht.de<\/a><\/strong><\/p><\/div><\/div><\/div><\/div>\t\t\t\t\t\t\t\t<\/div>\n\t\t\t\t<\/div>\n\t\t<div data-particle_enable=\"false\" data-particle-mobile-disabled=\"false\" class=\"elementor-element elementor-element-0a5453c e-con-full e-flex e-con e-child\" data-id=\"0a5453c\" data-element_type=\"container\" data-e-type=\"container\">\n\t\t\t\t<div class=\"elementor-element elementor-element-53e1c1c elementor-widget elementor-widget-button\" data-id=\"53e1c1c\" data-element_type=\"widget\" data-e-type=\"widget\" data-widget_type=\"button.default\">\n\t\t\t\t\t\t\t\t\t\t<a class=\"elementor-button elementor-button-link elementor-size-md\" href=\"https:\/\/stiftung-forum-recht.de\/wp-content\/uploads\/2022\/04\/2022_04_22_Veranstaltungshinweis_BeyondBorders_26.04.2022_SFR_CCFA.pdf\" target=\"_blank\">\n\t\t\t\t\t\t<span class=\"elementor-button-content-wrapper\">\n\t\t\t\t\t\t\t\t\t<span class=\"elementor-button-text\">Download press release as PDF<\/span>\n\t\t\t\t\t<\/span>\n\t\t\t\t\t<\/a>\n\t\t\t\t\t\t\t\t<\/div>\n\t\t\t\t<\/div>\n\t\t\t\t\t<\/div>\n\t\t\t\t<\/div>\n\t\t<div data-particle_enable=\"false\" data-particle-mobile-disabled=\"false\" class=\"elementor-element elementor-element-396f98b e-flex e-con-boxed e-con e-parent\" data-id=\"396f98b\" data-element_type=\"container\" data-e-type=\"container\">\n\t\t\t\t\t<div class=\"e-con-inner\">\n\t\t\t\t<div class=\"elementor-element elementor-element-9683bb2 elementor-widget elementor-widget-heading\" data-id=\"9683bb2\" data-element_type=\"widget\" data-e-type=\"widget\" data-widget_type=\"heading.default\">\n\t\t\t\t\t<h2 class=\"elementor-heading-title elementor-size-default\">Image material<\/h2>\t\t\t\t<\/div>\n\t\t\t\t<div class=\"elementor-element elementor-element-5c6ca51 elementor-widget elementor-widget-text-editor\" data-id=\"5c6ca51\" data-element_type=\"widget\" data-e-type=\"widget\" data-widget_type=\"text-editor.default\">\n\t\t\t\t\t\t\t\t\t<p>The illustration is available free of charge for editorial purposes in connection with the Forum Recht Foundation, provided the copyright notice \u00a9 Johanna Benz is included. Caption: \u201eGood neighbors? The Forum Recht Foundation invites you to a discussion on German-French border experiences during the pandemic.\u201c<\/p>\t\t\t\t\t\t\t\t<\/div>\n\t\t\t\t\t<\/div>\n\t\t\t\t<\/div>\n\t\t<div data-particle_enable=\"false\" data-particle-mobile-disabled=\"false\" class=\"elementor-element elementor-element-8f7ecc5 e-flex e-con-boxed e-con e-parent\" data-id=\"8f7ecc5\" data-element_type=\"container\" data-e-type=\"container\">\n\t\t\t\t\t<div class=\"e-con-inner\">\n\t\t\t\t<div class=\"elementor-element elementor-element-5a144bc elementor-widget elementor-widget-image\" data-id=\"5a144bc\" data-element_type=\"widget\" data-e-type=\"widget\" data-widget_type=\"image.default\">\n\t\t\t\t\t\t\t\t\t\t\t\t<figure class=\"wp-caption\">\n\t\t\t\t\t\t\t\t\t\t\t<a href=\"https:\/\/stiftung-forum-recht.de\/wp-content\/uploads\/2022\/04\/SFR_Illustration_Beyond_Borders\u00a9JohannaBenz.png\" data-elementor-open-lightbox=\"yes\" data-elementor-lightbox-title=\"Grafik: Johanna Benz\" data-e-action-hash=\"#elementor-action%3Aaction%3Dlightbox%26settings%3DeyJpZCI6NzUyNiwidXJsIjoiaHR0cHM6XC9cL3N0aWZ0dW5nLWZvcnVtLXJlY2h0LmRlXC93cC1jb250ZW50XC91cGxvYWRzXC8yMDIyXC8wNFwvU0ZSX0lsbHVzdHJhdGlvbl9CZXlvbmRfQm9yZGVyc1x1MDBhOUpvaGFubmFCZW56LnBuZyJ9\">\n\t\t\t\t\t\t\t<img fetchpriority=\"high\" decoding=\"async\" width=\"915\" height=\"931\" src=\"https:\/\/stiftung-forum-recht.de\/wp-content\/uploads\/2022\/04\/SFR_Illustration_Beyond_Borders\u00a9JohannaBenz.png\" class=\"attachment-large size-large wp-image-7526\" alt=\"An abstract black-and-white drawing of a person standing grimly behind a fence and another person\" srcset=\"https:\/\/stiftung-forum-recht.de\/wp-content\/uploads\/2022\/04\/SFR_Illustration_Beyond_Borders\u00a9JohannaBenz.png 915w, https:\/\/stiftung-forum-recht.de\/wp-content\/uploads\/2022\/04\/SFR_Illustration_Beyond_Borders\u00a9JohannaBenz-295x300.png 295w, https:\/\/stiftung-forum-recht.de\/wp-content\/uploads\/2022\/04\/SFR_Illustration_Beyond_Borders\u00a9JohannaBenz-768x781.png 768w\" sizes=\"(max-width: 915px) 100vw, 915px\" \/>\t\t\t\t\t\t\t\t<\/a>\n\t\t\t\t\t\t\t\t\t\t\t<figcaption class=\"widget-image-caption wp-caption-text\">Graphic: Johanna Benz<\/figcaption>\n\t\t\t\t\t\t\t\t\t\t<\/figure>\n\t\t\t\t\t\t\t\t\t<\/div>\n\t\t\t\t<div class=\"elementor-element elementor-element-f7c53d7 elementor-widget elementor-widget-spacer\" data-id=\"f7c53d7\" data-element_type=\"widget\" data-e-type=\"widget\" data-widget_type=\"spacer.default\">\n\t\t\t\t\t\t\t<div class=\"elementor-spacer\">\n\t\t\t<div class=\"elementor-spacer-inner\"><\/div>\n\t\t<\/div>\n\t\t\t\t\t\t<\/div>\n\t\t\t\t\t<\/div>\n\t\t\t\t<\/div>\n\t\t\t\t<\/div>","protected":false},"excerpt":{"rendered":"<p>The Forum Recht Foundation invites you to a panel discussion titled \u201eBeyond Borders: Franco-German Border Experiences During the Pandemic\u201c on Tuesday, April 26, at 7:00 p.m. This is the first public event to be held at the Foundation\u2019s new premises in Karlsruhe.<\/p>","protected":false},"author":27,"featured_media":15119,"comment_status":"open","ping_status":"open","sticky":false,"template":"","format":"standard","meta":{"_acf_changed":false,"neve_meta_sidebar":"","neve_meta_container":"","neve_meta_enable_content_width":"","neve_meta_content_width":0,"neve_meta_title_alignment":"","neve_meta_author_avatar":"","neve_post_elements_order":"","neve_meta_disable_header":"","neve_meta_disable_footer":"","neve_meta_disable_title":"","_themeisle_gutenberg_block_has_review":false,"footnotes":""},"categories":[53,55],"tags":[23],"class_list":["post-20830","post","type-post","status-publish","format-standard","has-post-thumbnail","hentry","category-pressemitteilung","category-55","tag-sfrnews"],"acf":[],"yoast_head":"<!-- This site is optimized with the Yoast SEO plugin v28.3 - https:\/\/yoast.com\/product\/yoast-seo-wordpress\/ -->\n<title>Auf gute Nachbarschaft? Podiumsgespr\u00e4ch zu deutsch-franz\u00f6sischen Grenzerfahrungen in der Pandemie | Stiftung Forum Recht<\/title>\n<meta name=\"description\" content=\"Die Stiftung Forum Recht l\u00e4dt am Dienstag, 26. April, 19 Uhr zu einem Podiumsgespr\u00e4ch mit dem Titel \u201eBeyond Borders. Deutsch-franz\u00f6sische Grenzerfahrungen in der Pandemie\u201c ein. Es handelt sich um die erste \u00f6ffentliche Veranstaltung in den neuen R\u00e4umlichkeiten der Stiftung in Karlsruhe.\" \/>\n<meta name=\"robots\" content=\"index, follow, max-snippet:-1, max-image-preview:large, max-video-preview:-1\" \/>\n<link rel=\"canonical\" href=\"https:\/\/stiftung-forum-recht.de\/en\/press-release\/good-neighbors-a-panel-discussion-on-german-french-border-experiences-during-the-pandemic\/\" \/>\n<meta property=\"og:locale\" content=\"en_US\" \/>\n<meta property=\"og:type\" content=\"article\" \/>\n<meta property=\"og:title\" content=\"Auf gute Nachbarschaft? Podiumsgespr\u00e4ch zu deutsch-franz\u00f6sischen Grenzerfahrungen in der Pandemie | Stiftung Forum Recht\" \/>\n<meta property=\"og:description\" content=\"Die Stiftung Forum Recht l\u00e4dt am Dienstag, 26. April, 19 Uhr zu einem Podiumsgespr\u00e4ch mit dem Titel \u201eBeyond Borders. Deutsch-franz\u00f6sische Grenzerfahrungen in der Pandemie\u201c ein. Es handelt sich um die erste \u00f6ffentliche Veranstaltung in den neuen R\u00e4umlichkeiten der Stiftung in Karlsruhe.\" \/>\n<meta property=\"og:url\" content=\"https:\/\/stiftung-forum-recht.de\/en\/press-release\/good-neighbors-a-panel-discussion-on-german-french-border-experiences-during-the-pandemic\/\" \/>\n<meta property=\"og:site_name\" content=\"Stiftung Forum Recht\" \/>\n<meta property=\"article:published_time\" content=\"2022-04-22T13:27:00+00:00\" \/>\n<meta property=\"article:modified_time\" content=\"2024-02-20T14:13:10+00:00\" \/>\n<meta property=\"og:image\" content=\"https:\/\/stiftung-forum-recht.de\/wp-content\/uploads\/2023\/10\/newsback.jpg\" \/>\n\t<meta property=\"og:image:width\" content=\"355\" \/>\n\t<meta property=\"og:image:height\" content=\"355\" \/>\n\t<meta property=\"og:image:type\" content=\"image\/jpeg\" \/>\n<meta name=\"author\" content=\"Romy Klemm\" \/>\n<meta name=\"twitter:card\" content=\"summary_large_image\" \/>\n<meta name=\"twitter:label1\" content=\"Written by\" \/>\n\t<meta name=\"twitter:data1\" content=\"Romy Klemm\" \/>\n\t<meta name=\"twitter:label2\" content=\"Est. reading time\" \/>\n\t<meta name=\"twitter:data2\" content=\"4 minutes\" \/>\n<!-- \/ Yoast SEO plugin. -->","yoast_head_json":{"title":"To Good Neighborly Relations? Panel Discussion on German-French Border Experiences During the Pandemic | Forum Recht Foundation","description":"The Forum Recht Foundation invites you to a panel discussion titled \u201eBeyond Borders: Franco-German Border Experiences During the Pandemic\u201c on Tuesday, April 26, at 7:00 p.m. This is the first public event to be held at the Foundation\u2019s new premises in Karlsruhe.","robots":{"index":"index","follow":"follow","max-snippet":"max-snippet:-1","max-image-preview":"max-image-preview:large","max-video-preview":"max-video-preview:-1"},"canonical":"https:\/\/stiftung-forum-recht.de\/en\/press-release\/good-neighbors-a-panel-discussion-on-german-french-border-experiences-during-the-pandemic\/","og_locale":"en_US","og_type":"article","og_title":"Auf gute Nachbarschaft? Podiumsgespr\u00e4ch zu deutsch-franz\u00f6sischen Grenzerfahrungen in der Pandemie | Stiftung Forum Recht","og_description":"Die Stiftung Forum Recht l\u00e4dt am Dienstag, 26. April, 19 Uhr zu einem Podiumsgespr\u00e4ch mit dem Titel \u201eBeyond Borders. Deutsch-franz\u00f6sische Grenzerfahrungen in der Pandemie\u201c ein. Es handelt sich um die erste \u00f6ffentliche Veranstaltung in den neuen R\u00e4umlichkeiten der Stiftung in Karlsruhe.","og_url":"https:\/\/stiftung-forum-recht.de\/en\/press-release\/good-neighbors-a-panel-discussion-on-german-french-border-experiences-during-the-pandemic\/","og_site_name":"Stiftung Forum Recht","article_published_time":"2022-04-22T13:27:00+00:00","article_modified_time":"2024-02-20T14:13:10+00:00","og_image":[{"width":355,"height":355,"url":"https:\/\/stiftung-forum-recht.de\/wp-content\/uploads\/2023\/10\/newsback.jpg","type":"image\/jpeg"}],"author":"Romy Klemm","twitter_card":"summary_large_image","twitter_misc":{"Written by":"Romy Klemm","Est. reading time":"4 minutes"},"schema":{"@context":"https:\/\/schema.org","@graph":[{"@type":"Article","@id":"https:\/\/stiftung-forum-recht.de\/pressemitteilung\/auf-gute-nachbarschaft-podiumsgespraech-zu-deutsch-franzoesischen-grenzerfahrungen-in-der-pandemie\/#article","isPartOf":{"@id":"https:\/\/stiftung-forum-recht.de\/pressemitteilung\/auf-gute-nachbarschaft-podiumsgespraech-zu-deutsch-franzoesischen-grenzerfahrungen-in-der-pandemie\/"},"author":{"name":"Romy Klemm","@id":"https:\/\/stiftung-forum-recht.de\/#\/schema\/person\/8327c2c51c9bbd54e0e86a3c448bba10"},"headline":"Auf gute Nachbarschaft? Podiumsgespr\u00e4ch zu deutsch-franz\u00f6sischen Grenzerfahrungen in der Pandemie","datePublished":"2022-04-22T13:27:00+00:00","dateModified":"2024-02-20T14:13:10+00:00","mainEntityOfPage":{"@id":"https:\/\/stiftung-forum-recht.de\/pressemitteilung\/auf-gute-nachbarschaft-podiumsgespraech-zu-deutsch-franzoesischen-grenzerfahrungen-in-der-pandemie\/"},"wordCount":470,"commentCount":0,"publisher":{"@id":"https:\/\/stiftung-forum-recht.de\/#organization"},"image":{"@id":"https:\/\/stiftung-forum-recht.de\/pressemitteilung\/auf-gute-nachbarschaft-podiumsgespraech-zu-deutsch-franzoesischen-grenzerfahrungen-in-der-pandemie\/#primaryimage"},"thumbnailUrl":"https:\/\/stiftung-forum-recht.de\/wp-content\/uploads\/2023\/10\/newsback-e1734954583761.jpg","keywords":["SFRNews"],"articleSection":["Pressemitteilungen","Pressemitteilungen 2022"],"inLanguage":"en-US","potentialAction":[{"@type":"CommentAction","name":"Comment","target":["https:\/\/stiftung-forum-recht.de\/pressemitteilung\/auf-gute-nachbarschaft-podiumsgespraech-zu-deutsch-franzoesischen-grenzerfahrungen-in-der-pandemie\/#respond"]}]},{"@type":"WebPage","@id":"https:\/\/stiftung-forum-recht.de\/pressemitteilung\/auf-gute-nachbarschaft-podiumsgespraech-zu-deutsch-franzoesischen-grenzerfahrungen-in-der-pandemie\/","url":"https:\/\/stiftung-forum-recht.de\/pressemitteilung\/auf-gute-nachbarschaft-podiumsgespraech-zu-deutsch-franzoesischen-grenzerfahrungen-in-der-pandemie\/","name":"To Good Neighborly Relations? Panel Discussion on German-French Border Experiences During the Pandemic | Forum Recht Foundation","isPartOf":{"@id":"https:\/\/stiftung-forum-recht.de\/#website"},"primaryImageOfPage":{"@id":"https:\/\/stiftung-forum-recht.de\/pressemitteilung\/auf-gute-nachbarschaft-podiumsgespraech-zu-deutsch-franzoesischen-grenzerfahrungen-in-der-pandemie\/#primaryimage"},"image":{"@id":"https:\/\/stiftung-forum-recht.de\/pressemitteilung\/auf-gute-nachbarschaft-podiumsgespraech-zu-deutsch-franzoesischen-grenzerfahrungen-in-der-pandemie\/#primaryimage"},"thumbnailUrl":"https:\/\/stiftung-forum-recht.de\/wp-content\/uploads\/2023\/10\/newsback-e1734954583761.jpg","datePublished":"2022-04-22T13:27:00+00:00","dateModified":"2024-02-20T14:13:10+00:00","description":"The Forum Recht Foundation invites you to a panel discussion titled \u201eBeyond Borders: Franco-German Border Experiences During the Pandemic\u201c on Tuesday, April 26, at 7:00 p.m. This is the first public event to be held at the Foundation\u2019s new premises in Karlsruhe.","breadcrumb":{"@id":"https:\/\/stiftung-forum-recht.de\/pressemitteilung\/auf-gute-nachbarschaft-podiumsgespraech-zu-deutsch-franzoesischen-grenzerfahrungen-in-der-pandemie\/#breadcrumb"},"inLanguage":"en-US","potentialAction":[{"@type":"ReadAction","target":["https:\/\/stiftung-forum-recht.de\/pressemitteilung\/auf-gute-nachbarschaft-podiumsgespraech-zu-deutsch-franzoesischen-grenzerfahrungen-in-der-pandemie\/"]}]},{"@type":"ImageObject","inLanguage":"en-US","@id":"https:\/\/stiftung-forum-recht.de\/pressemitteilung\/auf-gute-nachbarschaft-podiumsgespraech-zu-deutsch-franzoesischen-grenzerfahrungen-in-der-pandemie\/#primaryimage","url":"https:\/\/stiftung-forum-recht.de\/wp-content\/uploads\/2023\/10\/newsback-e1734954583761.jpg","contentUrl":"https:\/\/stiftung-forum-recht.de\/wp-content\/uploads\/2023\/10\/newsback-e1734954583761.jpg","width":355,"height":222,"caption":"sieben notizb\u00fccher der Stiftung Forum Recht mit dem Slogan \"Let's Talk About Recht\""},{"@type":"BreadcrumbList","@id":"https:\/\/stiftung-forum-recht.de\/pressemitteilung\/auf-gute-nachbarschaft-podiumsgespraech-zu-deutsch-franzoesischen-grenzerfahrungen-in-der-pandemie\/#breadcrumb","itemListElement":[{"@type":"ListItem","position":1,"name":"Startseite","item":"https:\/\/stiftung-forum-recht.de\/"},{"@type":"ListItem","position":2,"name":"Auf gute Nachbarschaft? Podiumsgespr\u00e4ch zu deutsch-franz\u00f6sischen Grenzerfahrungen in der Pandemie"}]},{"@type":"WebSite","@id":"https:\/\/stiftung-forum-recht.de\/#website","url":"https:\/\/stiftung-forum-recht.de\/","name":"Stiftung Forum Recht","description":"THE LAW FORUM","publisher":{"@id":"https:\/\/stiftung-forum-recht.de\/#organization"},"potentialAction":[{"@type":"SearchAction","target":{"@type":"EntryPoint","urlTemplate":"https:\/\/stiftung-forum-recht.de\/?s={search_term_string}"},"query-input":{"@type":"PropertyValueSpecification","valueRequired":true,"valueName":"search_term_string"}}],"inLanguage":"en-US"},{"@type":"Organization","@id":"https:\/\/stiftung-forum-recht.de\/#organization","name":"Stiftung Forum Recht","url":"https:\/\/stiftung-forum-recht.de\/","logo":{"@type":"ImageObject","inLanguage":"en-US","@id":"https:\/\/stiftung-forum-recht.de\/#\/schema\/logo\/image\/","url":"https:\/\/stiftung-forum-recht.de\/wp-content\/uploads\/2020\/10\/sfr-logo-2023.png","contentUrl":"https:\/\/stiftung-forum-recht.de\/wp-content\/uploads\/2020\/10\/sfr-logo-2023.png","width":200,"height":200,"caption":"Stiftung Forum Recht"},"image":{"@id":"https:\/\/stiftung-forum-recht.de\/#\/schema\/logo\/image\/"}},{"@type":"Person","@id":"https:\/\/stiftung-forum-recht.de\/#\/schema\/person\/8327c2c51c9bbd54e0e86a3c448bba10","name":"Romy Klemm","image":{"@type":"ImageObject","inLanguage":"en-US","@id":"https:\/\/secure.gravatar.com\/avatar\/7bf650052447ea004daba80791cf7b2155ff501a0e7676347dd4d11b053b8d51?s=96&d=mm&r=g","url":"https:\/\/secure.gravatar.com\/avatar\/7bf650052447ea004daba80791cf7b2155ff501a0e7676347dd4d11b053b8d51?s=96&d=mm&r=g","contentUrl":"https:\/\/secure.gravatar.com\/avatar\/7bf650052447ea004daba80791cf7b2155ff501a0e7676347dd4d11b053b8d51?s=96&d=mm&r=g","caption":"Romy Klemm"},"url":"https:\/\/stiftung-forum-recht.de\/en\/author\/onlineredakteurin\/"}]}},"meta_box":[],"_links":{"self":[{"href":"https:\/\/stiftung-forum-recht.de\/en\/wp-json\/wp\/v2\/posts\/20830","targetHints":{"allow":["GET"]}}],"collection":[{"href":"https:\/\/stiftung-forum-recht.de\/en\/wp-json\/wp\/v2\/posts"}],"about":[{"href":"https:\/\/stiftung-forum-recht.de\/en\/wp-json\/wp\/v2\/types\/post"}],"author":[{"embeddable":true,"href":"https:\/\/stiftung-forum-recht.de\/en\/wp-json\/wp\/v2\/users\/27"}],"replies":[{"embeddable":true,"href":"https:\/\/stiftung-forum-recht.de\/en\/wp-json\/wp\/v2\/comments?post=20830"}],"version-history":[{"count":0,"href":"https:\/\/stiftung-forum-recht.de\/en\/wp-json\/wp\/v2\/posts\/20830\/revisions"}],"wp:featuredmedia":[{"embeddable":true,"href":"https:\/\/stiftung-forum-recht.de\/en\/wp-json\/wp\/v2\/media\/15119"}],"wp:attachment":[{"href":"https:\/\/stiftung-forum-recht.de\/en\/wp-json\/wp\/v2\/media?parent=20830"}],"wp:term":[{"taxonomy":"category","embeddable":true,"href":"https:\/\/stiftung-forum-recht.de\/en\/wp-json\/wp\/v2\/categories?post=20830"},{"taxonomy":"post_tag","embeddable":true,"href":"https:\/\/stiftung-forum-recht.de\/en\/wp-json\/wp\/v2\/tags?post=20830"}],"curies":[{"name":"wp","href":"https:\/\/api.w.org\/{rel}","templated":true}]}}